{"id":60979,"date":"2023-06-26T18:38:31","date_gmt":"2023-06-26T23:38:31","guid":{"rendered":"https:\/\/www.turistamagazine.com\/v2\/?p=60979"},"modified":"2023-06-26T18:38:31","modified_gmt":"2023-06-26T23:38:31","slug":"centro-historico-de-arequipa-obtiene-de-manera-oficial-la-jerarquia-4","status":"publish","type":"post","link":"https:\/\/www.turistamagazine.com\/v2\/?p=60979","title":{"rendered":"CENTRO HIST\u00d3RICO DE AREQUIPA OBTIENE DE MANERA OFICIAL, LA JERARQU\u00cdA 4"},"content":{"rendered":"<p style=\"text-align: center;\"><span style=\"color: #800080;\"><em><strong>En ese sentido, con esta designaci\u00f3n, el Mincetur definir\u00e1 estrategias y priorizar\u00e1 acciones para impulsar a\u00fan m\u00e1s el potencial de este atractivo tur\u00edstico, en el marco de la Estrategia Nacional de Reactivaci\u00f3n del Sector Turismo al 2025.<\/strong><\/em><\/span><\/p>\n<p style=\"text-align: justify;\"><span style=\"color: #333399;\"><em><strong>AREQUIPA\/PERU\/26 \/06\/2023.- El ministro de Comercio Exterior y Turismo, Juan Carlos Mathews, otorg\u00f3, de manera oficial, la Jerarqu\u00eda 4 al \u201cCentro Hist\u00f3rico de Arequipa\u201d. \u00c9sta es la m\u00e1xima distinci\u00f3n que ostenta un recurso tur\u00edstico en el Per\u00fa, la cual solo la tienen el Parque Arqueol\u00f3gico de Machu Picchu, las L\u00edneas y geoglifos de Nasca y Palpa, R\u00edo Amazonas, el Valle del Colca y la Reserva Nacional de Lago Titicaca.<\/strong><\/em><\/span><\/p>\n<p style=\"text-align: justify;\"><span style=\"color: #333399;\"><em><strong>El titular del Mincetur concedi\u00f3 este reconocimiento a la vicegobernadora regional de Arequipa, Ana Mar\u00eda Guti\u00e9rrez, en un acto donde \u00a0estuvieron autoridades y funcionarios regionales y locales de Arequipa, as\u00ed como representantes gremiales del sector turismo, entre ellos, de Gu\u00edas Oficiales y licenciados de Turismo.<\/strong><\/em><\/span><\/p>\n<p style=\"text-align: justify;\"><span style=\"color: #333399;\"><em><strong>El ministro Mathews destac\u00f3 que Arequipa es la \u00fanica regi\u00f3n con dos atractivos tur\u00edsticos con este reconocimiento y explic\u00f3 que gracias a la Jerarqu\u00eda 4 se coloca a este destino tur\u00edstico de importancia nacional. La Jerarqu\u00eda 4 \u00a0significa que el atractivo es \u00a0capaz de motivar por s\u00ed mismo un importante flujo de visitantes.<\/strong><\/em><\/span><\/p>\n<p style=\"text-align: justify;\"><span style=\"color: #333399;\"><em><strong>Luego de la evaluaci\u00f3n t\u00e9cnica, se reconoci\u00f3 con la Jerarqu\u00eda 4 a este recurso tur\u00edstico, a trav\u00e9s de la emisi\u00f3n de la Resoluci\u00f3n Viceministerial N\u00b00026- 2023-MINCETUR\/VMT.<\/strong><\/em><\/span><\/p>\n<p><a href=\"https:\/\/www.turistamagazine.com\/v2\/wp-content\/uploads\/2019\/09\/Arequipa-600x600.jpg\"><img decoding=\"async\" class=\"wp-image-41972 size-full aligncenter\" src=\"https:\/\/www.turistamagazine.com\/v2\/wp-content\/uploads\/2019\/09\/Arequipa-600x600.jpg\" alt=\"\" width=\"600\" height=\"600\" srcset=\"https:\/\/www.turistamagazine.com\/v2\/wp-content\/uploads\/2019\/09\/Arequipa-600x600.jpg 600w, https:\/\/www.turistamagazine.com\/v2\/wp-content\/uploads\/2019\/09\/Arequipa-600x600-150x150.jpg 150w, https:\/\/www.turistamagazine.com\/v2\/wp-content\/uploads\/2019\/09\/Arequipa-600x600-300x300.jpg 300w, https:\/\/www.turistamagazine.com\/v2\/wp-content\/uploads\/2019\/09\/Arequipa-600x600-420x420.jpg 420w\" sizes=\"(max-width: 600px) 100vw, 600px\" \/><\/a><\/p>\n<p style=\"text-align: justify;\"><span style=\"color: #800080;\"><em><strong>IMPULSO AL TURISMO\u00a0<\/strong><\/em><\/span><\/p>\n<p style=\"text-align: justify;\"><span style=\"color: #333399;\"><em><strong>Al participar en una mesa de trabajo en la Municipalidad Distrital de Yanahuara, el ministro Mathews destac\u00f3 que esta permitir\u00e1 la elaboraci\u00f3n de una agenda inmediata para impulsar el sector turismo en la regi\u00f3n, se\u00f1al\u00f3 adem\u00e1s que \u201cCon las acciones que venimos implementando esperamos superar el arribo de 2.2 millones de turistas extranjeros a fin de a\u00f1o. En turismo interno, por otro lado, hemos sido activos en las campa\u00f1as de turismo por fin de semana largo, buscando superar los 34 millones de viajes\u201d.\u00a0<\/strong><\/em><\/span><\/p>\n<p style=\"text-align: justify;\"><span style=\"color: #333399;\"><em><strong>Tambi\u00e9n coment\u00f3 que se viene trabajando en la Reglamentaci\u00f3n de la Ley del gu\u00eda de turismo, bajo la metodolog\u00eda del An\u00e1lisis de Impacto Regulatorio Ex Ante (AIR Ex Ante).<\/strong><\/em><\/span><\/p>\n<p style=\"text-align: justify;\"><span style=\"color: #333399;\"><em><strong>Finalmente, el ministro se\u00f1al\u00f3 que el Mincetur buscar\u00e1 coordinar con el MEF la posibilidad de hacer viable el otorgamiento de una subvenci\u00f3n econ\u00f3mica a favor de los Gu\u00edas Oficiales de Turismo.<\/strong><\/em><\/span><\/p>\n","protected":false},"excerpt":{"rendered":"<p>En ese sentido, con esta designaci\u00f3n, el Mincetur definir\u00e1 estrategias y priorizar\u00e1 acciones para impulsar a\u00fan m\u00e1s el potencial de este atractivo tur\u00edstico, en el marco de la Estrategia Nacional de Reactivaci\u00f3n del Sector Turismo al 2025. AREQUIPA\/PERU\/26 \/06\/2023.- El ministro de Comercio Exterior y Turismo, Juan Carlos Mathews, otorg\u00f3, de manera oficial, la Jerarqu\u00eda 4 al \u201cCentro Hist\u00f3rico de Arequipa\u201d. \u00c9sta es la m\u00e1xima distinci\u00f3n que ostenta un recurso tur\u00edstico en el Per\u00fa, la cual solo la tienen el Parque Arqueol\u00f3gico de Machu Picchu, las L\u00edneas y geoglifos de Nasca y Palpa, R\u00edo Amazonas, el Valle del Colca y&#8230;<\/p>\n","protected":false},"author":1,"featured_media":39816,"comment_status":"open","ping_status":"open","sticky":false,"template":"","format":"standard","meta":{"footnotes":""},"categories":[4,82],"tags":[10219,268,340,6132],"class_list":["post-60979","post","type-post","status-publish","format-standard","has-post-thumbnail","hentry","category-breaking-news","category-nacionales","tag-semanarioturistamagazine","tag-arequipa","tag-peru","tag-portal-de-noticias-turistamagazine"],"_links":{"self":[{"href":"https:\/\/www.turistamagazine.com\/v2\/index.php?rest_route=\/wp\/v2\/posts\/60979","targetHints":{"allow":["GET"]}}],"collection":[{"href":"https:\/\/www.turistamagazine.com\/v2\/index.php?rest_route=\/wp\/v2\/posts"}],"about":[{"href":"https:\/\/www.turistamagazine.com\/v2\/index.php?rest_route=\/wp\/v2\/types\/post"}],"author":[{"embeddable":true,"href":"https:\/\/www.turistamagazine.com\/v2\/index.php?rest_route=\/wp\/v2\/users\/1"}],"replies":[{"embeddable":true,"href":"https:\/\/www.turistamagazine.com\/v2\/index.php?rest_route=%2Fwp%2Fv2%2Fcomments&post=60979"}],"version-history":[{"count":1,"href":"https:\/\/www.turistamagazine.com\/v2\/index.php?rest_route=\/wp\/v2\/posts\/60979\/revisions"}],"predecessor-version":[{"id":60980,"href":"https:\/\/www.turistamagazine.com\/v2\/index.php?rest_route=\/wp\/v2\/posts\/60979\/revisions\/60980"}],"wp:featuredmedia":[{"embeddable":true,"href":"https:\/\/www.turistamagazine.com\/v2\/index.php?rest_route=\/wp\/v2\/media\/39816"}],"wp:attachment":[{"href":"https:\/\/www.turistamagazine.com\/v2\/index.php?rest_route=%2Fwp%2Fv2%2Fmedia&parent=60979"}],"wp:term":[{"taxonomy":"category","embeddable":true,"href":"https:\/\/www.turistamagazine.com\/v2\/index.php?rest_route=%2Fwp%2Fv2%2Fcategories&post=60979"},{"taxonomy":"post_tag","embeddable":true,"href":"https:\/\/www.turistamagazine.com\/v2\/index.php?rest_route=%2Fwp%2Fv2%2Ftags&post=60979"}],"curies":[{"name":"wp","href":"https:\/\/api.w.org\/{rel}","templated":true}]}}