{"id":60965,"date":"2023-06-25T09:19:55","date_gmt":"2023-06-25T14:19:55","guid":{"rendered":"https:\/\/www.turistamagazine.com\/v2\/?p=60965"},"modified":"2023-06-25T09:19:55","modified_gmt":"2023-06-25T14:19:55","slug":"fiesta-de-san-juan-2023-inicio-en-pucallpa-la-feria-artesanias-del-peru-macro-region-oriente","status":"publish","type":"post","link":"https:\/\/www.turistamagazine.com\/v2\/?p=60965","title":{"rendered":"FIESTA DE SAN JUAN 2023: INICI\u00d3 EN PUCALLPA LA FERIA \u201cARTESAN\u00cdAS DEL PER\u00da \u2013 MACRO REGI\u00d3N ORIENTE\u201d"},"content":{"rendered":"<p style=\"text-align: justify;\"><span style=\"color: #333399;\"><em><strong>Pucallpa\/Per\u00fa\/25\/06\/ 2023.- El Ministerio de Comercio Exterior y Turismo (Mincetur) destac\u00f3 la inauguraci\u00f3n de la feria \u201cArtesan\u00edas del Per\u00fa \u2013 Macro Regi\u00f3n Oriente\u201d, un evento que re\u00fane a 30 destacados artesanos del oriente peruano y que se realiza hasta el 2 de julio en la Plaza de Mayor de Pucallpa (Ucayali).<\/strong><\/em><\/span><\/p>\n<p style=\"text-align: justify;\"><span style=\"color: #333399;\"><em><strong>Esta actividad, organizada entre el Mincetur y la Municipalidad Provincial de Coronel Portillo con el apoyo de la Dircetur Ucayali, se efect\u00faa en el marco de las celebraciones de la Fiesta de San Juan 2023.<\/strong><\/em><\/span><\/p>\n<p style=\"text-align: justify;\"><span style=\"color: #333399;\"><em><strong>Los visitantes a esta exposici\u00f3n podr\u00e1n disfrutar de la artesan\u00eda de importantes conglomerados artesanales, en 34 stands que presentan una oferta variada de productos tradicionales e innovadores, tanto utilitarios como decorativos de diferentes l\u00edneas artesanales como textiler\u00eda, alfarer\u00eda y cer\u00e1mica, fibra vegetal, bisuter\u00eda, entre otros; permitiendo de esta manera la articulaci\u00f3n y generaci\u00f3n de contactos comerciales en beneficio de los artesanos participantes.\u00a0\u00a0<\/strong><\/em><\/span><\/p>\n<p><a href=\"https:\/\/www.turistamagazine.com\/v2\/wp-content\/uploads\/2023\/06\/52996608241_dd5ba75162_c.jpg\"><img decoding=\"async\" class=\"wp-image-60967 aligncenter\" src=\"https:\/\/www.turistamagazine.com\/v2\/wp-content\/uploads\/2023\/06\/52996608241_dd5ba75162_c.jpg\" alt=\"\" width=\"630\" height=\"473\" srcset=\"https:\/\/www.turistamagazine.com\/v2\/wp-content\/uploads\/2023\/06\/52996608241_dd5ba75162_c.jpg 800w, https:\/\/www.turistamagazine.com\/v2\/wp-content\/uploads\/2023\/06\/52996608241_dd5ba75162_c-300x225.jpg 300w, https:\/\/www.turistamagazine.com\/v2\/wp-content\/uploads\/2023\/06\/52996608241_dd5ba75162_c-768x576.jpg 768w, https:\/\/www.turistamagazine.com\/v2\/wp-content\/uploads\/2023\/06\/52996608241_dd5ba75162_c-560x420.jpg 560w\" sizes=\"(max-width: 630px) 100vw, 630px\" \/><\/a><\/p>\n<p style=\"text-align: justify;\"><span style=\"color: #333399;\"><em><strong>Es importante mencionar que los expositores fueron elegidos mediante una convocatoria donde se prioriz\u00f3 la calidad, la tradici\u00f3n y creatividad de los postulantes, quienes con el apoyo del Estado articul\u00e1ndolos al mercado, volver\u00e1n a ofrecer sus productos y as\u00ed dinamizar su econom\u00eda con su participaci\u00f3n en esta actividad comercial.<\/strong><\/em><\/span><\/p>\n<p style=\"text-align: justify;\"><span style=\"color: #333399;\"><em><strong>Durante el desarrollo de la feria, se brindar\u00e1 informaci\u00f3n sobre los servicios y programas para la reactivaci\u00f3n econ\u00f3mica del turismo. Ser\u00e1 a trav\u00e9s de cuatro stands informativos a cargo de MINCETUR \u2013 CITE Ucayali, DIRCETUR Ucayali, Municipalidad Provincial de Coronel Portillo y el Pueblo con Encanto de Lamas.<\/strong><\/em><\/span><\/p>\n<p style=\"text-align: justify;\">\n","protected":false},"excerpt":{"rendered":"<p>Pucallpa\/Per\u00fa\/25\/06\/ 2023.- El Ministerio de Comercio Exterior y Turismo (Mincetur) destac\u00f3 la inauguraci\u00f3n de la feria \u201cArtesan\u00edas del Per\u00fa \u2013 Macro Regi\u00f3n Oriente\u201d, un evento que re\u00fane a 30 destacados artesanos del oriente peruano y que se realiza hasta el 2 de julio en la Plaza de Mayor de Pucallpa (Ucayali). Esta actividad, organizada entre el Mincetur y la Municipalidad Provincial de Coronel Portillo con el apoyo de la Dircetur Ucayali, se efect\u00faa en el marco de las celebraciones de la Fiesta de San Juan 2023. Los visitantes a esta exposici\u00f3n podr\u00e1n disfrutar de la artesan\u00eda de importantes conglomerados artesanales,&#8230;<\/p>\n","protected":false},"author":1,"featured_media":60966,"comment_status":"open","ping_status":"open","sticky":false,"template":"","format":"standard","meta":{"footnotes":""},"categories":[4,82],"tags":[10219,12625,6132,330],"class_list":["post-60965","post","type-post","status-publish","format-standard","has-post-thumbnail","hentry","category-breaking-news","category-nacionales","tag-semanarioturistamagazine","tag-feria-de-san-juan","tag-portal-de-noticias-turistamagazine","tag-turismo-en-el-peru"],"_links":{"self":[{"href":"https:\/\/www.turistamagazine.com\/v2\/index.php?rest_route=\/wp\/v2\/posts\/60965","targetHints":{"allow":["GET"]}}],"collection":[{"href":"https:\/\/www.turistamagazine.com\/v2\/index.php?rest_route=\/wp\/v2\/posts"}],"about":[{"href":"https:\/\/www.turistamagazine.com\/v2\/index.php?rest_route=\/wp\/v2\/types\/post"}],"author":[{"embeddable":true,"href":"https:\/\/www.turistamagazine.com\/v2\/index.php?rest_route=\/wp\/v2\/users\/1"}],"replies":[{"embeddable":true,"href":"https:\/\/www.turistamagazine.com\/v2\/index.php?rest_route=%2Fwp%2Fv2%2Fcomments&post=60965"}],"version-history":[{"count":1,"href":"https:\/\/www.turistamagazine.com\/v2\/index.php?rest_route=\/wp\/v2\/posts\/60965\/revisions"}],"predecessor-version":[{"id":60968,"href":"https:\/\/www.turistamagazine.com\/v2\/index.php?rest_route=\/wp\/v2\/posts\/60965\/revisions\/60968"}],"wp:featuredmedia":[{"embeddable":true,"href":"https:\/\/www.turistamagazine.com\/v2\/index.php?rest_route=\/wp\/v2\/media\/60966"}],"wp:attachment":[{"href":"https:\/\/www.turistamagazine.com\/v2\/index.php?rest_route=%2Fwp%2Fv2%2Fmedia&parent=60965"}],"wp:term":[{"taxonomy":"category","embeddable":true,"href":"https:\/\/www.turistamagazine.com\/v2\/index.php?rest_route=%2Fwp%2Fv2%2Fcategories&post=60965"},{"taxonomy":"post_tag","embeddable":true,"href":"https:\/\/www.turistamagazine.com\/v2\/index.php?rest_route=%2Fwp%2Fv2%2Ftags&post=60965"}],"curies":[{"name":"wp","href":"https:\/\/api.w.org\/{rel}","templated":true}]}}