{"id":60660,"date":"2023-05-05T06:58:04","date_gmt":"2023-05-05T11:58:04","guid":{"rendered":"https:\/\/www.turistamagazine.com\/v2\/?p=60660"},"modified":"2023-05-05T07:17:49","modified_gmt":"2023-05-05T12:17:49","slug":"turismo-la-historia-y-su-laberinto","status":"publish","type":"post","link":"https:\/\/www.turistamagazine.com\/v2\/?p=60660","title":{"rendered":"TURISMO: LA HISTORIA Y SU LABERINTO"},"content":{"rendered":"<p style=\"text-align: center;\"><strong><em><span style=\"color: #000080;\">\u201cSi vis pacem para pacem\u201d. Trabajando por La Paz junto al rector de la Universidad para la Paz, UPAZ, Francisco Barahona (centro) y al Director de Recursos Naturales, Felipe Matos, en la sede de esa universidad de las Naciones Unidas, en Ciudad Colon, Costa Rica, en la firma del convenio que sellar\u00edamos para impartir el programa Turismo y Cultura de Paz., desde las Islas Canarias.<\/span><\/em><\/strong><\/p>\n<h4 style=\"text-align: center;\"><span style=\"color: #800080;\"><strong>DE LOS RECUERDOS DE CANARIAS, A LA ILUSI\u00d3N DE PER\u00da<\/strong><\/span><\/h4>\n<p style=\"text-align: center;\"><span style=\"color: #000080;\"><strong>FOTOGRAFIAS ILUSTRATIVAS DEL TEXTO AL FINAL DEL ART\u00cdCULO<\/strong><\/span><\/p>\n<p><strong>\u00a0<\/strong><strong>Por. Antonio-Pedro Tejera Reyes*<\/strong><\/p>\n<h4 style=\"text-align: center;\">\u00a0\u00a0\u00a0\u00a0\u00a0\u00a0\u00a0\u00a0\u00a0\u00a0\u00a0<span style=\"color: #800080;\"><strong>A RASTRAS CON LA HISTORIA<\/strong><\/span><\/h4>\n<p style=\"text-align: justify;\"><span style=\"color: #333399;\"><em><strong>El eminente pol\u00edtico peruano, Antero Flores-Araoz, en un reciente art\u00edculo suyo nos recuerda \u201cel antiguo aforismo jud\u00edo \u201cRecordar para no olvidar\u201d, y tiene toda la raz\u00f3n, pues sino se deja constancia de las cosas tal como sucedieron, se pierden en el tiempo\u2026 Sin embargo, hay cosas que por su connotaci\u00f3n muchos quisieran olvidar, sobre todo los que fueron tomados de incautos\u2026 El correr del tiempo es un mecanismo que lleva a tomar los hechos con objetividad y hacer las apreciaciones lo m\u00e1s sensatas posibles\u2026\u201d<\/strong><\/em><\/span><\/p>\n<p style=\"text-align: justify;\"><span style=\"color: #333399;\"><em><strong>As\u00ed de claro se expresa este connotado escritor, al cual seguimos en sus constantes aportaciones literarias que nos ilustran sobre la historia moderna de Per\u00fa.<\/strong><\/em><\/span><\/p>\n<p style=\"text-align: justify;\"><span style=\"color: #333399;\"><em><strong>Nos vamos entonces a nuestro campo de acci\u00f3n, el desarrollo del turismo mundial, centr\u00e1ndonos en hechos y realidades que se\u00f1alan \u201cin misericorde\u201d el avance sorprendente de este movimiento de personas que tiene asombrado al mundo, d\u00e1ndole una vuelta de tuerca a todo el escenario de su historia, con una precipitada valoraci\u00f3n que nos lleva a comentar precisamente esos hechos que no conviene olvidar, aunque de por si est\u00e9n ya olvidados y que \u00a0son parte de una historia que se ha marcado por la fuerza del poder pol\u00edtico \u00a0impuesto de forma total en la mayor\u00eda de los casos sin ning\u00fan tipo de contemplaciones a eso que tiene acu\u00f1ado <span style=\"color: #800080;\">Rotary Internacional, como es la buena fe como norma en los negocios <span style=\"color: #333399;\">\u2013<\/span><\/span> en todo el espectro de la actividad humana, dir\u00edamos nosotros \u2013 algo que no solo ha faltado de forma clara y precisa sino que se ha apoyado en la injusticia para cometer actos indignos lacerantes, cuyas repercusiones no se han tenido en cuenta para nada.<\/strong><\/em><\/span><\/p>\n<p style=\"text-align: justify;\"><span style=\"color: #333399;\"><em><strong>Volviendo a los principios de Rotary Internacional, en su <span style=\"color: #800080;\">\u201cPrueba Cu\u00e1druple\u201d<\/span> se encuentra la clave que se debe seguir en la ruta de la honestidad, la honradez, la justicia y la raz\u00f3n. <span style=\"color: #800080;\">\u00bfEs la verdad? \u00bfEs equitativo para todos los interesados? \u00bfSer\u00e1 beneficioso para todos los participantes<\/span>? \u00a0Est\u00e1 claro que est\u00e1s preguntas contestadas en forma positiva, no se han producido en muchos de los casos que se han desarrollado en ese laberinto de intereses que nos asolan, y que han dado al traste con los m\u00e1s imponentes proyectos de desarrollo de la sociedad mundial como es el caso de la ense\u00f1anza para entender, comprender, valorar y gestionar el llamado movimiento tur\u00edstico mundial.<\/strong><\/em><\/span><\/p>\n<h4 style=\"text-align: center;\"><span style=\"color: #800080;\"><em><strong>RECORDAR PARA NO OLVIDAR<\/strong><\/em><\/span><\/h4>\n<p style=\"text-align: justify;\"><span style=\"color: #333399;\"><em><strong>Estamos entonces, centr\u00e1ndonos en el desarrollo del avance experimental de esas ense\u00f1anzas se\u00f1aladas, dirigidas a cuadrar eso de entender, valorar y gestionar, el desarrollo del turismo mundial, con unos par\u00e1metros basados en el estudio profundo de la actividad, acci\u00f3n que segu\u00edamos conjuntamente nuestro centro de estudios tur\u00edsticos, <span style=\"color: #800080;\">miembro del Consejo de Educaci\u00f3n de la Organizaci\u00f3n Mundial del Turismo,\u00a0 &#8211; con una experiencia de m\u00e1s de cincuenta a\u00f1os preparando personal con programas acad\u00e9mico-profesional \u2013 experimento que se desarrollaba en colaboraci\u00f3n con la Universidad para la Paz, de los Naciones Unidas,<\/span> todo lo cual se destruy\u00f3 sin tener en cuenta esos principios que se\u00f1ala la m\u00e1s que c\u00e9lebre \u201cPrueba Cu\u00e1druple\u201d, destrucci\u00f3n producida por el perjuicio pol\u00edtico \u2013 y otros ocultos hechos \u2013 que produc\u00eda a algunos, cercenando as\u00ed el mejor programa de formaci\u00f3n acad\u00e9mico-profesional tur\u00edstico del mundo, que estaba en l\u00ednea con toda una capacitaci\u00f3n eficaz y productiva del capital humano, con todo lo que esto significaba para el\u00a0 mundo entero. \u00a0<span style=\"color: #800080;\">\u201cRecordar para no olvidar\u201d La historia y su laberinto. <\/span><\/strong><\/em><\/span><\/p>\n<p style=\"text-align: justify;\"><span style=\"color: #333399;\"><em><strong>Se une a esta injusticia y sin raz\u00f3n, le hecho ocurrido en la Villa de la Orotava, Tenerife, donde su municipalidad, haciendo uso de la justicia espa\u00f1ola, y bajo la presidencia del profesor Francisco Linares Garc\u00eda, ha invadido nuestras instalaciones mod\u00e9licas, cedidas por ese mismo municipio, secuestrando todo un imponente valioso archivo de informaci\u00f3n tur\u00edstica con m\u00e1s de sesenta a\u00f1os de actividad sobre el desarrollo del turismo mundial, junto a todo el material de la maestr\u00eda sobre \u201cCalidad Tur\u00edstica-Ambiental Sostenible y Promoci\u00f3n de La Paz\u201d, cientos de expedientes del alumnado de la Escuela Superior de Turismo Tejera Reyes\u201d, y un valioso mobiliario incluyendo ordenadores, televisores, y otros medios t\u00e9cnicos de apoyo a la ense\u00f1anza de la mejor calidad. \u201cRecordar para no olvidar\u201d \u00a0<\/strong><\/em><\/span><\/p>\n<h4 style=\"text-align: center;\"><span style=\"color: #800080;\"><em><strong>EL MUNDO SIGUE ANDANDO\u2026<\/strong><\/em><\/span><\/h4>\n<p style=\"text-align: justify;\"><span style=\"color: #800080;\"><em><strong>No, no estamos comentando hechos intranscendentes. Tienen su transcendencia. El apoyo sin l\u00edmites que se estaba realizando a los pa\u00edses de Hispano-am\u00e9rica para su desarrollo, era excepcional. Decenas de graduados en turismo de casi todos estos pa\u00edses llegaban a las islas Canarias atra\u00eddos por un programa que no ten\u00eda parang\u00f3n, apoyado por unas empresas tur\u00edsticas de la m\u00e1s alta categor\u00eda, y con ese inigualable programa de estudios, que era asombro del mundo entero de las ense\u00f1anzas tur\u00edsticas por la unidad que se hab\u00eda conseguido entre centro de ense\u00f1anza-empresa tur\u00edstica, y la calidad de lo que se ense\u00f1aba, base fundamental de toda esta programaci\u00f3n.<\/strong><\/em><\/span><\/p>\n<h4 style=\"text-align: justify;\"><span style=\"color: #800080;\"><em><strong>\u201cRecordar para no olvidar\u201d<\/strong><\/em><\/span><\/h4>\n<p style=\"text-align: justify;\"><span style=\"color: #333399;\"><em><strong>As\u00ed llegamos a los actuales momentos, cargados de m\u00faltiples experiencias, recibiendo parabienes de m\u00faltiples pa\u00edses de Am\u00e9rica, donde decenas de personajes, sue\u00f1an &#8211; y nos lo manifiestan por escrito \u2013 con las ense\u00f1anzas que recibieran en nuestros cursos, los escenarios que pudieron disfrutar, y toda una gama selecta de actos sociales y profesionales, que en muchos casos han marcado su vida desde M\u00e9xico, hasta el \u00faltimo rinc\u00f3n de la Patagonia.<\/strong><\/em><\/span><\/p>\n<p style=\"text-align: justify;\"><span style=\"color: #800080;\"><em><strong>Ahora en Per\u00fa, \u201crecordando para no olvidar\u201d, tenemos la opci\u00f3n fundamentada en conseguir acoplar el desarrollo tur\u00edstico mundial a este pa\u00eds, donde queremos partir de un modelo en la Regi\u00f3n de Ica, donde sus moto-taxis \u2013 unos 30.000 \u2013\u00a0 obligatoriamente nos traen al recuerdo el tr\u00e1fico de la Gran V\u00eda madrile\u00f1a, la calle Florida de Buenos Aires, o los Campos El\u00edseos de Par\u00eds. Contrastes que tenemos que tener en cuenta para proyectar ese turismo \u201clow cost\u201d que vamos a desarrollar en todo Per\u00fa a costa de lo que sea. Con empe\u00f1o, con experiencia, con conocimiento, con el apoyo de los grandes personajes que tiene el pa\u00eds que han sido capaces de levantar mod\u00e9licas empresas como<\/strong><\/em><\/span><\/p>\n<p style=\"text-align: justify;\"><span style=\"color: #333399;\"><em><strong>La Hacienda San Juan, con el disfrute de sus limpios y cuidados escenarios, donde no faltan los pavos reales, las llamas, y hasta los peque\u00f1os cuyes, para darle esa animaci\u00f3n natural con su presencia tan necesaria en el turismo del ocio.<\/strong><\/em><\/span><\/p>\n<h4 style=\"text-align: center;\"><span style=\"color: #800080;\"><em><strong>EL MUNDO EN SU LABERINTO<\/strong><\/em><\/span><\/h4>\n<p style=\"text-align: justify;\"><span style=\"color: #333399;\"><em><strong>No estamos en las m\u00edticas islas griegas, ni en los sofisticados hoteles de Costa Adeje en Tenerife. Estamos en un pa\u00eds de Am\u00e9rica del Sur, llenos de todas esas complejidades que les tienen anquilosados viendo como Meli\u00e1, R\u00edu, Barcel\u00f3 e Iberostar \u2013 las cuatro grandes empresas hoteleras espa\u00f1olas \u2013 presumen de haber sobrepasado sus cincuenta hoteles en el continente africano. <span style=\"color: #800080;\">Estamos en un terreno que tiene todo lo que se puede llamar regalos de la naturaleza y de su historia primitiva. Desde Machu Picchu, hasta las l\u00edneas de Nazca, hay un techo que pasa por el Oasis de Huacachina, o la Isla de San Lorenzo, que todav\u00eda no se han sabido desarrollar como debe ser. El turismo tiene en Per\u00fa todo lo necesario para activar a su sociedad de consumo y colocar al pa\u00eds como un destino tur\u00edstico de primer orden, con todos los grandes beneficios que significan para su poblaci\u00f3n.<\/span> \u201cEl turismo es riqueza para la persona, para la familia, para la comunidad, para el mundo entero\u201d OMT.<\/strong><\/em><\/span><\/p>\n<p style=\"text-align: justify;\"><span style=\"color: #333399;\"><em><strong>Toda una realidad que se pretende superar pasando por encima de las intrigas pol\u00edticas que azotan a la Am\u00e9rica Hispana y la tienen anquilosada, viendo como el mundo \u00e1rabe avanza a grandes zancadas mientras estos pa\u00edses siguen en sus luchas intestinas pol\u00edticas sin nada serio en su desarrollo tur\u00edstico, donde ni siquiera se les toma cuenta como es debido.<\/strong><\/em><\/span><\/p>\n<p style=\"text-align: justify;\"><span style=\"color: #800080;\"><em><strong>Seguimos nuestro camino, no hay tiempo para el descanso. El mundo nos necesita, y los habitantes sufridos de esta Am\u00e9rica bien merecen un trabajo serio, honesto y honrado como el que podemos ofrecerle.<\/strong><\/em><\/span><\/p>\n<p style=\"text-align: justify;\"><span style=\"color: #800080;\"><em><strong>Servir en mi ocupaci\u00f3n.<\/strong><\/em><\/span><\/p>\n<p style=\"text-align: justify;\"><span style=\"color: #333399;\"><em><strong>\u00a0<\/strong><\/em><\/span><\/p>\n<p style=\"text-align: justify;\"><strong>\u00a0<\/strong> <a href=\"https:\/\/www.turistamagazine.com\/v2\/wp-content\/uploads\/2022\/10\/Dr.-Antonio-Pedro-Tejera-Reyes.jpg\"><img decoding=\"async\" class=\"wp-image-58355 size-thumbnail alignleft\" src=\"https:\/\/www.turistamagazine.com\/v2\/wp-content\/uploads\/2022\/10\/Dr.-Antonio-Pedro-Tejera-Reyes-150x150.jpg\" alt=\"\" width=\"150\" height=\"150\" \/><\/a><strong><em>*Miembro activo del Grupo de Expertos de la Organizaci\u00f3n Mundial del Turismo. OMT. De las Naciones Unidas. ONU. *Fundador de los Estudios de Turismo en las Islas Canarias. *Miembro del International Hall of Tourism Heroes. WTN. *Conseiller International, Associazione <\/em><em>Intenazionale Stampa Tur\u00edstica AIST. (Italia) *Diplome D\u00b4Honneur. Uni\u00f3n des Escrivans et Journalistes Hellenes du Tourisme. FIJET. Federaci\u00f3n Mundial de Periodistas y Escritores de Turismo. *Inscrito en el Consejo Nacional de Ciencia, Tecnolog\u00eda e Innovaci\u00f3n. Per\u00fa. Miembro de N\u00famero del Consejo Consultivo de la Fundaci\u00f3n Ecoturismo Latinoamericana, FUNECO. *Pluma de Oro de Rotary Internacional. Puerto de la Cruz. Tenerife.<\/em><\/strong><\/p>\n<h4 style=\"text-align: center;\"><strong>\u00a0<span style=\"color: #800080;\">GALER\u00cdA DE IMAGENES<\/span><\/strong><\/h4>\n<div id=\"attachment_53755\" style=\"width: 640px\" class=\"wp-caption aligncenter\"><a href=\"https:\/\/www.turistamagazine.com\/v2\/wp-content\/uploads\/2021\/10\/000-Rotary-16-06-16-PruebaCuadruple.gif\"><img decoding=\"async\" aria-describedby=\"caption-attachment-53755\" class=\"wp-image-53755\" src=\"https:\/\/www.turistamagazine.com\/v2\/wp-content\/uploads\/2021\/10\/000-Rotary-16-06-16-PruebaCuadruple.gif\" alt=\"Prueba\" width=\"630\" height=\"345\" \/><\/a><p id=\"caption-attachment-53755\" class=\"wp-caption-text\"><span style=\"color: #333399;\"><em><strong>Traducci\u00f3n en guaran\u00ed, de \u201cLa Prueba Cu\u00e1druple\u201d de Rotary Internacional, difundida en el mundo entero como un principio elemental para conseguir el mundo en paz que todos necesitamos.<\/strong><\/em><\/span><\/p><\/div>\n<div id=\"attachment_60662\" style=\"width: 640px\" class=\"wp-caption aligncenter\"><a href=\"https:\/\/www.turistamagazine.com\/v2\/wp-content\/uploads\/2023\/05\/Vista-Parcial.jpg\"><img decoding=\"async\" aria-describedby=\"caption-attachment-60662\" class=\"wp-image-60662\" src=\"https:\/\/www.turistamagazine.com\/v2\/wp-content\/uploads\/2023\/05\/Vista-Parcial.jpg\" alt=\"\" width=\"630\" height=\"437\" srcset=\"https:\/\/www.turistamagazine.com\/v2\/wp-content\/uploads\/2023\/05\/Vista-Parcial.jpg 640w, https:\/\/www.turistamagazine.com\/v2\/wp-content\/uploads\/2023\/05\/Vista-Parcial-300x208.jpg 300w, https:\/\/www.turistamagazine.com\/v2\/wp-content\/uploads\/2023\/05\/Vista-Parcial-605x420.jpg 605w\" sizes=\"(max-width: 630px) 100vw, 630px\" \/><\/a><p id=\"caption-attachment-60662\" class=\"wp-caption-text\"><span style=\"color: #333399;\"><em><strong>Vista parcial de algunas de las instalaciones de nuestro centro de ense\u00f1anzas tur\u00edsticas especializadas, en la Villa de la Orotava, Tenerife, tomadas y destruidas por la citada municipalidad seg\u00fan relatamos en este art\u00edculo.<\/strong><\/em><\/span><\/p><\/div>\n<div id=\"attachment_47341\" style=\"width: 640px\" class=\"wp-caption aligncenter\"><a href=\"https:\/\/www.turistamagazine.com\/v2\/wp-content\/uploads\/2020\/10\/Orla-2.jpg\"><img decoding=\"async\" aria-describedby=\"caption-attachment-47341\" class=\"wp-image-47341\" src=\"https:\/\/www.turistamagazine.com\/v2\/wp-content\/uploads\/2020\/10\/Orla-2.jpg\" alt=\"\" width=\"630\" height=\"938\" srcset=\"https:\/\/www.turistamagazine.com\/v2\/wp-content\/uploads\/2020\/10\/Orla-2.jpg 430w, https:\/\/www.turistamagazine.com\/v2\/wp-content\/uploads\/2020\/10\/Orla-2-202x300.jpg 202w, https:\/\/www.turistamagazine.com\/v2\/wp-content\/uploads\/2020\/10\/Orla-2-282x420.jpg 282w\" sizes=\"(max-width: 630px) 100vw, 630px\" \/><\/a><p id=\"caption-attachment-47341\" class=\"wp-caption-text\"><em><strong><span style=\"color: #333399;\">Orla especial, con m\u00e1s de 50 profesores y de 600 alumnos, la mayor\u00eda iberoamericanos que recibieron la formaci\u00f3n del Centro Internacional de Estudios Tur\u00edsticos de Canarias, CIESTCA \u2013 1999.2012 \u2013 documento notarial que da fe a una eficaz brillante gesti\u00f3n, de considerables proporciones mundiales.<\/span><\/strong><\/em><\/p><\/div>\n<div id=\"attachment_58494\" style=\"width: 640px\" class=\"wp-caption aligncenter\"><a href=\"https:\/\/www.turistamagazine.com\/v2\/wp-content\/uploads\/2022\/10\/TECNICA-DEGRUPO1.jpg\"><img decoding=\"async\" aria-describedby=\"caption-attachment-58494\" class=\"wp-image-58494\" src=\"https:\/\/www.turistamagazine.com\/v2\/wp-content\/uploads\/2022\/10\/TECNICA-DEGRUPO1.jpg\" alt=\"\" width=\"630\" height=\"415\" srcset=\"https:\/\/www.turistamagazine.com\/v2\/wp-content\/uploads\/2022\/10\/TECNICA-DEGRUPO1.jpg 640w, https:\/\/www.turistamagazine.com\/v2\/wp-content\/uploads\/2022\/10\/TECNICA-DEGRUPO1-300x198.jpg 300w, https:\/\/www.turistamagazine.com\/v2\/wp-content\/uploads\/2022\/10\/TECNICA-DEGRUPO1-637x420.jpg 637w, https:\/\/www.turistamagazine.com\/v2\/wp-content\/uploads\/2022\/10\/TECNICA-DEGRUPO1-610x402.jpg 610w\" sizes=\"(max-width: 630px) 100vw, 630px\" \/><\/a><p id=\"caption-attachment-58494\" class=\"wp-caption-text\"><span style=\"color: #333399;\"><em><strong>Absolutamente necesaria la preparaci\u00f3n del personal para atender el movimiento del turismo en el mundo. Imprescindible. La experiencia y el conocimiento deben privar en todo instante para lograr el mejor de los resultados, para lo cual se debe aportar los m\u00e1s modernos modelos de ense\u00f1anza. Clase t\u00e9cnico-acad\u00e9mica en nuestro centro de estudios en las Islas Canarias, Tenerife, en las instalaciones del Gran Hotel Oasis Resort, municipio de Arona. <\/strong><\/em><\/span><\/p><\/div>\n<div id=\"attachment_60663\" style=\"width: 640px\" class=\"wp-caption aligncenter\"><a href=\"https:\/\/www.turistamagazine.com\/v2\/wp-content\/uploads\/2023\/05\/Hacienda-San-Juan.jpg\"><img decoding=\"async\" aria-describedby=\"caption-attachment-60663\" class=\"wp-image-60663\" src=\"https:\/\/www.turistamagazine.com\/v2\/wp-content\/uploads\/2023\/05\/Hacienda-San-Juan.jpg\" alt=\"\" width=\"630\" height=\"215\" srcset=\"https:\/\/www.turistamagazine.com\/v2\/wp-content\/uploads\/2023\/05\/Hacienda-San-Juan.jpg 700w, https:\/\/www.turistamagazine.com\/v2\/wp-content\/uploads\/2023\/05\/Hacienda-San-Juan-300x102.jpg 300w, https:\/\/www.turistamagazine.com\/v2\/wp-content\/uploads\/2023\/05\/Hacienda-San-Juan-610x208.jpg 610w\" sizes=\"(max-width: 630px) 100vw, 630px\" \/><\/a><p id=\"caption-attachment-60663\" class=\"wp-caption-text\"><span style=\"color: #333399;\"><em><strong>Las espl\u00e9ndidas instalaciones de la Hacienda San Juan, Resort Spa &amp; Convention Center, en Ica, un oasis hotelero de una extraordinaria imagen, rodeado de una profusa vegetaci\u00f3n arbolada, que coloca a Ica, dentro de los par\u00e1metros importantes de Per\u00fa, como destino tur\u00edstico de excelencia<\/strong><\/em><\/span><\/p><\/div>\n<div id=\"attachment_60665\" style=\"width: 640px\" class=\"wp-caption aligncenter\"><a href=\"https:\/\/www.turistamagazine.com\/v2\/wp-content\/uploads\/2023\/05\/Hotel-Melia-Sinai.jpg\"><img decoding=\"async\" aria-describedby=\"caption-attachment-60665\" class=\"wp-image-60665\" src=\"https:\/\/www.turistamagazine.com\/v2\/wp-content\/uploads\/2023\/05\/Hotel-Melia-Sinai.jpg\" alt=\"\" width=\"630\" height=\"428\" srcset=\"https:\/\/www.turistamagazine.com\/v2\/wp-content\/uploads\/2023\/05\/Hotel-Melia-Sinai.jpg 820w, https:\/\/www.turistamagazine.com\/v2\/wp-content\/uploads\/2023\/05\/Hotel-Melia-Sinai-300x204.jpg 300w, https:\/\/www.turistamagazine.com\/v2\/wp-content\/uploads\/2023\/05\/Hotel-Melia-Sinai-768x522.jpg 768w, https:\/\/www.turistamagazine.com\/v2\/wp-content\/uploads\/2023\/05\/Hotel-Melia-Sinai-618x420.jpg 618w, https:\/\/www.turistamagazine.com\/v2\/wp-content\/uploads\/2023\/05\/Hotel-Melia-Sinai-610x414.jpg 610w\" sizes=\"(max-width: 630px) 100vw, 630px\" \/><\/a><p id=\"caption-attachment-60665\" class=\"wp-caption-text\"><span style=\"color: #333399;\"><strong><em>El HOTEL MELI\u00c1 SINAI ( Sinai Grand Resort &#8211; Sharm El Sheikh ) ofrece esta espectacular imagen, en Egipto, una genial apuesta de la empresa espa\u00f1ola en \u00c1frica, que desarrolla su actividad respetando al m\u00e1ximo las se\u00f1as de identidad de los destinos emergentes. <\/em><\/strong><\/span><\/p><\/div>\n<div id=\"attachment_60666\" style=\"width: 640px\" class=\"wp-caption aligncenter\"><a href=\"https:\/\/www.turistamagazine.com\/v2\/wp-content\/uploads\/2023\/05\/San-Lorenzo.jpg\"><img decoding=\"async\" aria-describedby=\"caption-attachment-60666\" class=\"wp-image-60666\" src=\"https:\/\/www.turistamagazine.com\/v2\/wp-content\/uploads\/2023\/05\/San-Lorenzo.jpg\" alt=\"\" width=\"630\" height=\"311\" srcset=\"https:\/\/www.turistamagazine.com\/v2\/wp-content\/uploads\/2023\/05\/San-Lorenzo.jpg 640w, https:\/\/www.turistamagazine.com\/v2\/wp-content\/uploads\/2023\/05\/San-Lorenzo-300x148.jpg 300w, https:\/\/www.turistamagazine.com\/v2\/wp-content\/uploads\/2023\/05\/San-Lorenzo-610x301.jpg 610w\" sizes=\"(max-width: 630px) 100vw, 630px\" \/><\/a><p id=\"caption-attachment-60666\" class=\"wp-caption-text\"><span style=\"color: #333399;\"><strong><em>La isla de San Lorenzo, est\u00e1 situada frente al puerto de El Callao y es una opci\u00f3n estrat\u00e9gica para el desarrollo tur\u00edstico de Per\u00fa, con una rica variedad de fauna marina, y grandes posibilidades como atractivo tur\u00edstico de primer orden, dentro del ampl\u00edsimo repertorio que ofrecen las costas peruanas.<\/em><\/strong><\/span><\/p><\/div>\n<div id=\"attachment_59986\" style=\"width: 640px\" class=\"wp-caption aligncenter\"><a href=\"https:\/\/www.turistamagazine.com\/v2\/wp-content\/uploads\/2023\/03\/Moto-taxi-2.png\"><img decoding=\"async\" aria-describedby=\"caption-attachment-59986\" class=\"wp-image-59986\" src=\"https:\/\/www.turistamagazine.com\/v2\/wp-content\/uploads\/2023\/03\/Moto-taxi-2.png\" alt=\"\" width=\"630\" height=\"621\" srcset=\"https:\/\/www.turistamagazine.com\/v2\/wp-content\/uploads\/2023\/03\/Moto-taxi-2.png 480w, https:\/\/www.turistamagazine.com\/v2\/wp-content\/uploads\/2023\/03\/Moto-taxi-2-300x296.png 300w, https:\/\/www.turistamagazine.com\/v2\/wp-content\/uploads\/2023\/03\/Moto-taxi-2-426x420.png 426w\" sizes=\"(max-width: 630px) 100vw, 630px\" \/><\/a><p id=\"caption-attachment-59986\" class=\"wp-caption-text\"><span style=\"color: #333399;\"><em><strong>Moto-taxis en Ica. Veh\u00edculos de tres ruedas que transportan hasta dos personas con una movilidad incre\u00edble, una soluci\u00f3n ideal para el m\u00e1s intenso tr\u00e1fico capitalino seg\u00fan hemos apreciado en esta ciudad y en la propia Lima. Un excelente servicio que en Ica supone m\u00e1s de 30.000 unidades incorporadas el servicio p\u00fablico, manteniendo un costo considerablemente bajo por sus servicios. F\/ Turista Magazine.<\/strong><\/em><\/span><\/p><\/div>\n<p><a href=\"https:\/\/www.turistamagazine.com\/v2\/wp-content\/uploads\/2022\/11\/Logo-N-uevo.png\"><img decoding=\"async\" class=\"size-full wp-image-58747 aligncenter\" src=\"https:\/\/www.turistamagazine.com\/v2\/wp-content\/uploads\/2022\/11\/Logo-N-uevo.png\" alt=\"\" width=\"630\" height=\"327\" srcset=\"https:\/\/www.turistamagazine.com\/v2\/wp-content\/uploads\/2022\/11\/Logo-N-uevo.png 630w, https:\/\/www.turistamagazine.com\/v2\/wp-content\/uploads\/2022\/11\/Logo-N-uevo-300x156.png 300w, https:\/\/www.turistamagazine.com\/v2\/wp-content\/uploads\/2022\/11\/Logo-N-uevo-610x317.png 610w\" sizes=\"(max-width: 630px) 100vw, 630px\" \/><\/a><\/p>\n<p>&nbsp;<\/p>\n","protected":false},"excerpt":{"rendered":"<p>\u201cSi vis pacem para pacem\u201d. Trabajando por La Paz junto al rector de la Universidad para la Paz, UPAZ, Francisco Barahona (centro) y al Director de Recursos Naturales, Felipe Matos, en la sede de esa universidad de las Naciones Unidas, en Ciudad Colon, Costa Rica, en la firma del convenio que sellar\u00edamos para impartir el programa Turismo y Cultura de Paz., desde las Islas Canarias. DE LOS RECUERDOS DE CANARIAS, A LA ILUSI\u00d3N DE PER\u00da FOTOGRAFIAS ILUSTRATIVAS DEL TEXTO AL FINAL DEL ART\u00cdCULO \u00a0Por. Antonio-Pedro Tejera Reyes* \u00a0\u00a0\u00a0\u00a0\u00a0\u00a0\u00a0\u00a0\u00a0\u00a0\u00a0A RASTRAS CON LA HISTORIA El eminente pol\u00edtico peruano, Antero Flores-Araoz, en un&#8230;<\/p>\n","protected":false},"author":1,"featured_media":56982,"comment_status":"open","ping_status":"open","sticky":false,"template":"","format":"standard","meta":{"footnotes":""},"categories":[85],"tags":[10217,10635,10219,340,117],"class_list":["post-60660","post","type-post","status-publish","format-standard","has-post-thumbnail","hentry","category-colum-invitados","tag-antoniopedrotejerareyes","tag-elenahonoresdirectora","tag-semanarioturistamagazine","tag-peru","tag-promocion-turistica"],"_links":{"self":[{"href":"https:\/\/www.turistamagazine.com\/v2\/index.php?rest_route=\/wp\/v2\/posts\/60660","targetHints":{"allow":["GET"]}}],"collection":[{"href":"https:\/\/www.turistamagazine.com\/v2\/index.php?rest_route=\/wp\/v2\/posts"}],"about":[{"href":"https:\/\/www.turistamagazine.com\/v2\/index.php?rest_route=\/wp\/v2\/types\/post"}],"author":[{"embeddable":true,"href":"https:\/\/www.turistamagazine.com\/v2\/index.php?rest_route=\/wp\/v2\/users\/1"}],"replies":[{"embeddable":true,"href":"https:\/\/www.turistamagazine.com\/v2\/index.php?rest_route=%2Fwp%2Fv2%2Fcomments&post=60660"}],"version-history":[{"count":3,"href":"https:\/\/www.turistamagazine.com\/v2\/index.php?rest_route=\/wp\/v2\/posts\/60660\/revisions"}],"predecessor-version":[{"id":60668,"href":"https:\/\/www.turistamagazine.com\/v2\/index.php?rest_route=\/wp\/v2\/posts\/60660\/revisions\/60668"}],"wp:featuredmedia":[{"embeddable":true,"href":"https:\/\/www.turistamagazine.com\/v2\/index.php?rest_route=\/wp\/v2\/media\/56982"}],"wp:attachment":[{"href":"https:\/\/www.turistamagazine.com\/v2\/index.php?rest_route=%2Fwp%2Fv2%2Fmedia&parent=60660"}],"wp:term":[{"taxonomy":"category","embeddable":true,"href":"https:\/\/www.turistamagazine.com\/v2\/index.php?rest_route=%2Fwp%2Fv2%2Fcategories&post=60660"},{"taxonomy":"post_tag","embeddable":true,"href":"https:\/\/www.turistamagazine.com\/v2\/index.php?rest_route=%2Fwp%2Fv2%2Ftags&post=60660"}],"curies":[{"name":"wp","href":"https:\/\/api.w.org\/{rel}","templated":true}]}}