{"id":60616,"date":"2023-04-28T17:21:23","date_gmt":"2023-04-28T22:21:23","guid":{"rendered":"https:\/\/www.turistamagazine.com\/v2\/?p=60616"},"modified":"2023-04-28T17:21:23","modified_gmt":"2023-04-28T22:21:23","slug":"coupe-de-france-no-son-los-juegos-del-circo-dice-olivier-veran","status":"publish","type":"post","link":"https:\/\/www.turistamagazine.com\/v2\/?p=60616","title":{"rendered":"COUPE DE FRANCE: \u00abNO SON LOS JUEGOS DEL CIRCO\u00bb, DICE OLIVIER V\u00c9RAN"},"content":{"rendered":"<p style=\"text-align: center;\"><span style=\"color: #800080;\"><em><strong>El portavoz del Gobierno, Olivier V\u00e9ran, critic\u00f3 futuras protestas contra Emmanuel Macron en la final de la Copa de Francia.<\/strong><\/em><\/span><\/p>\n<p style=\"text-align: justify;\"><span style=\"color: #333399;\"><em><strong>FRANCIA\/PARIS\/28\/04\/2023.-El portavoz del Gobierno, Olivier V\u00e9ran, lament\u00f3 este viernes la tempestuosa acogida prometida por los sindicatos al presidente Emmanuel Macron para la final de la Copa de Francia de f\u00fatbol del s\u00e1bado, transformada, seg\u00fan \u00e9l, por la CGT en \u00abjuegos de circo a la romana\u00bb.<\/strong><\/em><\/span><\/p>\n<p style=\"text-align: justify;\"><span style=\"color: #333399;\"><em><strong>\u00abLa final de la Copa de Francia no son unos juegos de circo al estilo romano, no es la CGT con su pulgar imperial la que puede decidir a qui\u00e9n abuchear al presidente de la Rep\u00fablica, a qui\u00e9n cortar la luz durante un partido\u00bb, estim\u00f3 el ministro en BFMTV y RMC, llamando a \u00abno confundir todo\u00bb.<\/strong><\/em><\/span><\/p>\n<p style=\"text-align: justify;\"><span style=\"color: #333399;\"><em><strong>Antes de este encuentro que opondr\u00e1 Nantes a Toulouse, los sindicatos tienen previsto repartir tarjetas rojas y pitos a los espectadores del Stade de France para que muestren su rechazo a la reforma de las pensiones y su descontento con el jefe de Estado<\/strong><\/em><\/span><\/p>\n<p style=\"text-align: justify;\"><span style=\"color: #800080;\"><em><strong>El miedo a un apag\u00f3n<\/strong><\/em><\/span><\/p>\n<p style=\"text-align: justify;\"><span style=\"color: #333399;\"><em><strong>El jueves, un corte voluntario del suministro el\u00e9ctrico, reclamado por la CGT, sumi\u00f3 en la oscuridad e interrumpi\u00f3 durante media hora el partido Pro D2 entre Agen y Nevers.<\/strong><\/em><\/span><\/p>\n<p style=\"text-align: justify;\"><span style=\"color: #333399;\"><em><strong>\u201cNo tengo \u00f3rdenes ni consejos que darle a la CGT ni a nadie en materia sindical, cada cual hace lo que le parece, solo digo que hay cosas que no est\u00e1n en su lugar\u201d, se\u00f1al\u00f3 Olivier V\u00e9ran. \u201cNo me imagino las reacciones si aprovech\u00e1ramos un evento deportivo popular para transmitir mensajes pol\u00edticos\u201d.<\/strong><\/em><\/span><\/p>\n<p style=\"text-align: justify;\"><span style=\"color: #333399;\"><em><strong>Emmanuel Macron asistir\u00e1 a la reuni\u00f3n. \u201cLa final de la Copa de Francia es un evento deportivo, familiar y festivo al que siempre ha ido el Presidente de la Rep\u00fablica. Este a\u00f1o volver\u00e1 a estar\u201d, se\u00f1al\u00f3 el El\u00edseo.<\/strong><\/em><\/span><\/p>\n<p style=\"text-align: justify;\"><span style=\"color: #333399;\"><em><strong>Pero, seg\u00fan una fuente familiarizada con el asunto, no bajar\u00e1 al terreno de juego como de costumbre. Informaci\u00f3n no confirmada por la presidencia en esta etapa.<\/strong><\/em><\/span><\/p>\n<p style=\"text-align: justify;\"><span style=\"color: #333399;\"><em><strong>\u00abNo s\u00e9 si el presidente bajar\u00e1 al c\u00e9sped o no (&#8230;) Sinceramente, no creo que ese sea el tema del momento para la gente\u00bb, replic\u00f3 Olivier V\u00e9ran.<\/strong><\/em><\/span><\/p>\n<p style=\"text-align: justify;\"><span style=\"color: #333399;\"><em><strong>El Jefe de Estado \u00abhar\u00e1 lo que le plazca\u00bb, coment\u00f3 en Europa 1 el ministro del Interior, G\u00e9rald Darmanin, quien tambi\u00e9n mencion\u00f3 las \u00abdificultades\u00bb de seguridad de tal encuentro: una posible \u00abinvasi\u00f3n del terreno de juego\u00bb o posibles \u00abenfrentamientos\u00bb. , sobre todo fuera del estadio\u00bb entre aficionados. Alrededor del recinto se movilizar\u00e1n unos 3.000 polic\u00edas y gendarmes.<\/strong><\/em><\/span><\/p>\n<p><span style=\"color: #800080;\"><em><strong>F\/ Par\u00eds Match\/traducci\u00f3n Turistamagazine<\/strong><\/em><\/span><\/p>\n","protected":false},"excerpt":{"rendered":"<p>El portavoz del Gobierno, Olivier V\u00e9ran, critic\u00f3 futuras protestas contra Emmanuel Macron en la final de la Copa de Francia. FRANCIA\/PARIS\/28\/04\/2023.-El portavoz del Gobierno, Olivier V\u00e9ran, lament\u00f3 este viernes la tempestuosa acogida prometida por los sindicatos al presidente Emmanuel Macron para la final de la Copa de Francia de f\u00fatbol del s\u00e1bado, transformada, seg\u00fan \u00e9l, por la CGT en \u00abjuegos de circo a la romana\u00bb. \u00abLa final de la Copa de Francia no son unos juegos de circo al estilo romano, no es la CGT con su pulgar imperial la que puede decidir a qui\u00e9n abuchear al presidente de la&#8230;<\/p>\n","protected":false},"author":1,"featured_media":60617,"comment_status":"open","ping_status":"open","sticky":false,"template":"","format":"standard","meta":{"footnotes":""},"categories":[4,84],"tags":[10219,10556,12575,7309],"class_list":["post-60616","post","type-post","status-publish","format-standard","has-post-thumbnail","hentry","category-breaking-news","category-internacionales","tag-semanarioturistamagazine","tag-turismagazine","tag-copa-de-francia-de-futbol","tag-emmanuel-macron"],"_links":{"self":[{"href":"https:\/\/www.turistamagazine.com\/v2\/index.php?rest_route=\/wp\/v2\/posts\/60616","targetHints":{"allow":["GET"]}}],"collection":[{"href":"https:\/\/www.turistamagazine.com\/v2\/index.php?rest_route=\/wp\/v2\/posts"}],"about":[{"href":"https:\/\/www.turistamagazine.com\/v2\/index.php?rest_route=\/wp\/v2\/types\/post"}],"author":[{"embeddable":true,"href":"https:\/\/www.turistamagazine.com\/v2\/index.php?rest_route=\/wp\/v2\/users\/1"}],"replies":[{"embeddable":true,"href":"https:\/\/www.turistamagazine.com\/v2\/index.php?rest_route=%2Fwp%2Fv2%2Fcomments&post=60616"}],"version-history":[{"count":1,"href":"https:\/\/www.turistamagazine.com\/v2\/index.php?rest_route=\/wp\/v2\/posts\/60616\/revisions"}],"predecessor-version":[{"id":60618,"href":"https:\/\/www.turistamagazine.com\/v2\/index.php?rest_route=\/wp\/v2\/posts\/60616\/revisions\/60618"}],"wp:featuredmedia":[{"embeddable":true,"href":"https:\/\/www.turistamagazine.com\/v2\/index.php?rest_route=\/wp\/v2\/media\/60617"}],"wp:attachment":[{"href":"https:\/\/www.turistamagazine.com\/v2\/index.php?rest_route=%2Fwp%2Fv2%2Fmedia&parent=60616"}],"wp:term":[{"taxonomy":"category","embeddable":true,"href":"https:\/\/www.turistamagazine.com\/v2\/index.php?rest_route=%2Fwp%2Fv2%2Fcategories&post=60616"},{"taxonomy":"post_tag","embeddable":true,"href":"https:\/\/www.turistamagazine.com\/v2\/index.php?rest_route=%2Fwp%2Fv2%2Ftags&post=60616"}],"curies":[{"name":"wp","href":"https:\/\/api.w.org\/{rel}","templated":true}]}}