{"id":60584,"date":"2023-04-27T17:37:22","date_gmt":"2023-04-27T22:37:22","guid":{"rendered":"https:\/\/www.turistamagazine.com\/v2\/?p=60584"},"modified":"2023-04-27T17:37:22","modified_gmt":"2023-04-27T22:37:22","slug":"indebida-postergacion","status":"publish","type":"post","link":"https:\/\/www.turistamagazine.com\/v2\/?p=60584","title":{"rendered":"INDEBIDA POSTERGACI\u00d3N"},"content":{"rendered":"<p style=\"text-align: justify;\"><span style=\"color: #333399;\"><em><strong>Por .Antero Flores-Araoz*<\/strong><\/em><\/span><\/p>\n<p style=\"text-align: justify;\"><span style=\"color: #333399;\"><em><strong>Por lo menos se supone que todos somos iguales ante la Ley y que todos deber\u00edamos tener los mismos derechos a fin de tener igualdad de oportunidades, sobre todo en educaci\u00f3n y en salud.<\/strong><\/em><\/span><\/p>\n<p style=\"text-align: justify;\"><span style=\"color: #800080;\"><em><strong>Sin embargo, hay millones de peruanos que solo son quechua hablantes o\u00a0 aimara hablantes, sin tener todav\u00eda un segundo idioma que los pueda igualar a los hispano hablantes para que puedan acceder a la tecnolog\u00eda digital, en esta nueva era en que vivimos, en que quien no est\u00e1 en la cultura inform\u00e1tica, simplemente est\u00e1 fuera de escena y qued\u00f3 postergado.<\/strong><\/em><\/span><\/p>\n<p style=\"text-align: justify;\"><span style=\"color: #333399;\"><em><strong>Para facilitar el acceso de los que solo hablan el quechua o el aimara, a la tecnolog\u00eda digital, es sabido que se requieren de los vocablos digitales en dichos idiomas, para lo cual hay que instruir debidamente a los que solo hablan las lenguas mencionadas.<\/strong><\/em><\/span><\/p>\n<p style=\"text-align: justify;\"><span style=\"color: #800080;\"><em><strong>Dentro de las pol\u00edticas p\u00fablicas, por lo menos enunciadas en la \u201cPol\u00edtica General de Gobierno\u201d para el presente quinquenio, se encuentra la promoci\u00f3n de \u201c\u2026 la educaci\u00f3n intercultural biling\u00fce\u201d, lo que se debe complementar con el \u201c\u2026 acceso inclusivo, seguro y de calidad al entorno digital y el aprovechamiento de las tecnolog\u00edas digitales en todas las regiones del pa\u00eds para consolidar la ciudadan\u00eda digital considerando sus condiciones de vulnerabilidad y diversidad cultural.\u201d<\/strong><\/em><\/span><\/p>\n<p style=\"text-align: justify;\"><span style=\"color: #333399;\"><em><strong>En la \u201cPol\u00edtica General de Gobierno\u201d a la que nos hemos referido, tambi\u00e9n estuvo el \u201cFortalecer la educaci\u00f3n, el acceso al entorno digital, la inclusi\u00f3n y el talento digital en todas las personas \u2026\u201d (D.S. N\u00b0 164-2021-PCM), lo que se corrobora en t\u00e9rminos generales por la nueva \u201cPol\u00edtica General de Gobierno para el presente mandato presidencial\u201d en que se garantiz\u00f3 \u201cla lucha contra la discriminaci\u00f3n \u2026 priorizando los derechos colectivos de los pueblos ind\u00edgenas y originarios \u2026 en respeto a la diversidad cultural del pa\u00eds \u2026 \u201c, disponiendo adicionalmente el \u201cuso de tecnolog\u00edas digitales y datos\u201d (D.S. N\u00b0 042-2023-PCM)<\/strong><\/em><\/span><\/p>\n<p style=\"text-align: justify;\"><span style=\"color: #800080;\"><em><strong>Bueno pues, hasta lo se\u00f1alado es la generalidad, es la decisi\u00f3n gubernamental de encarar el reto de la digitalizaci\u00f3n a las poblaciones m\u00e1s vulnerables como la quechua y el aimara, pero a\u00fan falta el aterrizaje.<\/strong><\/em><\/span><\/p>\n<p style=\"text-align: justify;\"><span style=\"color: #333399;\"><em><strong>De poco o nada servir\u00e1 que se hayan establecido las pol\u00edticas inclusivas en tecnolog\u00eda e idioma digital, si es que de la generalidad no se pasa a lo concreto o espec\u00edfico, haciendo que los quechua hablantes y aimara hablantes, tengan los vocablos digitales requeridos para no seguir postergados, pues si es que no pueden acceder a la tecnolog\u00eda e idioma digital, evidentemente estar\u00e1n rezagados y para ellos el principio y deber de la igualdad de oportunidad ser\u00e1 un mero cuento.<\/strong><\/em><\/span><\/p>\n<p style=\"text-align: justify;\"><span style=\"color: #800080;\"><em><strong>Todo el pa\u00eds ha visto las protestas acontecidas en Puno, reclamando por su postergaci\u00f3n y por la indiferencia del Estado frente a sus necesidades y anhelos, por lo que bien se podr\u00eda iniciar la atenci\u00f3n estatal dictando la normatividad especial para la inclusi\u00f3n en los idiomas aimara y quechua de los vocablos digitales de los que carece. Es una tarea que puede hacerse desde el Congreso o desde el Sector Educaci\u00f3n, pero ya.<\/strong><\/em><\/span><\/p>\n<p style=\"text-align: justify;\"><span style=\"color: #333399;\"><em><strong>*Prestigioso\u00a0Abogado y pol\u00edtico peruano. Ex ministro del interior, Ex Senador, Ex congresista, fundador del partido pol\u00edtico ORDEN<\/strong><\/em><\/span><\/p>\n","protected":false},"excerpt":{"rendered":"<p>Por .Antero Flores-Araoz* Por lo menos se supone que todos somos iguales ante la Ley y que todos deber\u00edamos tener los mismos derechos a fin de tener igualdad de oportunidades, sobre todo en educaci\u00f3n y en salud. Sin embargo, hay millones de peruanos que solo son quechua hablantes o\u00a0 aimara hablantes, sin tener todav\u00eda un segundo idioma que los pueda igualar a los hispano hablantes para que puedan acceder a la tecnolog\u00eda digital, en esta nueva era en que vivimos, en que quien no est\u00e1 en la cultura inform\u00e1tica, simplemente est\u00e1 fuera de escena y qued\u00f3 postergado. Para facilitar el&#8230;<\/p>\n","protected":false},"author":1,"featured_media":60585,"comment_status":"open","ping_status":"open","sticky":false,"template":"","format":"standard","meta":{"footnotes":""},"categories":[90],"tags":[],"class_list":["post-60584","post","type-post","status-publish","format-standard","has-post-thumbnail","hentry","category-pensando-en-voz-alta"],"_links":{"self":[{"href":"https:\/\/www.turistamagazine.com\/v2\/index.php?rest_route=\/wp\/v2\/posts\/60584","targetHints":{"allow":["GET"]}}],"collection":[{"href":"https:\/\/www.turistamagazine.com\/v2\/index.php?rest_route=\/wp\/v2\/posts"}],"about":[{"href":"https:\/\/www.turistamagazine.com\/v2\/index.php?rest_route=\/wp\/v2\/types\/post"}],"author":[{"embeddable":true,"href":"https:\/\/www.turistamagazine.com\/v2\/index.php?rest_route=\/wp\/v2\/users\/1"}],"replies":[{"embeddable":true,"href":"https:\/\/www.turistamagazine.com\/v2\/index.php?rest_route=%2Fwp%2Fv2%2Fcomments&post=60584"}],"version-history":[{"count":2,"href":"https:\/\/www.turistamagazine.com\/v2\/index.php?rest_route=\/wp\/v2\/posts\/60584\/revisions"}],"predecessor-version":[{"id":60615,"href":"https:\/\/www.turistamagazine.com\/v2\/index.php?rest_route=\/wp\/v2\/posts\/60584\/revisions\/60615"}],"wp:featuredmedia":[{"embeddable":true,"href":"https:\/\/www.turistamagazine.com\/v2\/index.php?rest_route=\/wp\/v2\/media\/60585"}],"wp:attachment":[{"href":"https:\/\/www.turistamagazine.com\/v2\/index.php?rest_route=%2Fwp%2Fv2%2Fmedia&parent=60584"}],"wp:term":[{"taxonomy":"category","embeddable":true,"href":"https:\/\/www.turistamagazine.com\/v2\/index.php?rest_route=%2Fwp%2Fv2%2Fcategories&post=60584"},{"taxonomy":"post_tag","embeddable":true,"href":"https:\/\/www.turistamagazine.com\/v2\/index.php?rest_route=%2Fwp%2Fv2%2Ftags&post=60584"}],"curies":[{"name":"wp","href":"https:\/\/api.w.org\/{rel}","templated":true}]}}