{"id":60462,"date":"2023-04-15T19:27:07","date_gmt":"2023-04-16T00:27:07","guid":{"rendered":"https:\/\/www.turistamagazine.com\/v2\/?p=60462"},"modified":"2023-04-15T19:27:07","modified_gmt":"2023-04-16T00:27:07","slug":"rd-reclama-a-ee-uu-que-por-alerta-migratoria-ha-dejado-de-percibir-mas-de-35-mil-turistas","status":"publish","type":"post","link":"https:\/\/www.turistamagazine.com\/v2\/?p=60462","title":{"rendered":"RD RECLAMA A EE.UU. QUE POR ALERTA MIGRATORIA HA DEJADO DE PERCIBIR M\u00c1S DE 35 MIL TURISTAS"},"content":{"rendered":"<p style=\"text-align: center;\"><span style=\"color: #800080;\"><em><strong>La subsecretaria de EE.UU. se comprometi\u00f3 a trabajar para que el pa\u00eds recupere su estatus migratorio anterior<\/strong><\/em><\/span><\/p>\n<p style=\"text-align: justify;\"><span style=\"color: #333399;\"><em><strong>DOMINICANA\/15\/04\/ 2023.- El ministro de Relaciones Exteriores, Roberto \u00c1lvarez, reclam\u00f3 este mi\u00e9rcoles a Wendy Sherman, subsecretaria de Estado de Estados Unidos, de visita en el pa\u00eds, que debido a la alerta migratoria realizada por esta \u00faltima naci\u00f3n el pasado mes de noviembre de 2022, la Rep\u00fablica Dominicana ha dejado de percibir al menos 35 mil turistas en los \u00faltimos meses,<\/strong><\/em><\/span><\/p>\n<p style=\"text-align: justify;\"><span style=\"color: #800080;\"><em><strong>En noviembre, la Embajada de Estados Unidos en la Rep\u00fablica Dominicana alert\u00f3 a los ciudadanos estadounidenses de origen afroamericano sobre el incremento de los operativos de la Direcci\u00f3n General de Migraci\u00f3n (DGM).<\/strong><\/em><\/span><\/p>\n<p style=\"text-align: justify;\"><span style=\"color: #333399;\"><em><strong>El comunicado expresaba que la Direcci\u00f3n General de Migraci\u00f3n estaba llevando a cabo operaciones generalizadas destinadas a detener a aquellos que creen que son inmigrantes indocumentados, especialmente, personas de ascendencia afroamericana. As\u00ed lo revel\u00f3 el vocero de la Presidencia, Homero Figueroa, en una rueda de prensa que ofreci\u00f3 en el Palacio Nacional tras la visita de Sherman al presidente Luis Abinader. Previamente, Sherman y \u00c1lvarez sostuvieron una reuni\u00f3n de cortes\u00eda, seg\u00fan inform\u00f3 la Embajada de Estados Unidos en el pa\u00eds.<\/strong><\/em><\/span><\/p>\n","protected":false},"excerpt":{"rendered":"<p>La subsecretaria de EE.UU. se comprometi\u00f3 a trabajar para que el pa\u00eds recupere su estatus migratorio anterior DOMINICANA\/15\/04\/ 2023.- El ministro de Relaciones Exteriores, Roberto \u00c1lvarez, reclam\u00f3 este mi\u00e9rcoles a Wendy Sherman, subsecretaria de Estado de Estados Unidos, de visita en el pa\u00eds, que debido a la alerta migratoria realizada por esta \u00faltima naci\u00f3n el pasado mes de noviembre de 2022, la Rep\u00fablica Dominicana ha dejado de percibir al menos 35 mil turistas en los \u00faltimos meses, En noviembre, la Embajada de Estados Unidos en la Rep\u00fablica Dominicana alert\u00f3 a los ciudadanos estadounidenses de origen afroamericano sobre el incremento de&#8230;<\/p>\n","protected":false},"author":1,"featured_media":60463,"comment_status":"open","ping_status":"open","sticky":false,"template":"","format":"standard","meta":{"footnotes":""},"categories":[4,84],"tags":[10924,10219,10556],"class_list":["post-60462","post","type-post","status-publish","format-standard","has-post-thumbnail","hentry","category-breaking-news","category-internacionales","tag-republicadominicana","tag-semanarioturistamagazine","tag-turismagazine"],"_links":{"self":[{"href":"https:\/\/www.turistamagazine.com\/v2\/index.php?rest_route=\/wp\/v2\/posts\/60462","targetHints":{"allow":["GET"]}}],"collection":[{"href":"https:\/\/www.turistamagazine.com\/v2\/index.php?rest_route=\/wp\/v2\/posts"}],"about":[{"href":"https:\/\/www.turistamagazine.com\/v2\/index.php?rest_route=\/wp\/v2\/types\/post"}],"author":[{"embeddable":true,"href":"https:\/\/www.turistamagazine.com\/v2\/index.php?rest_route=\/wp\/v2\/users\/1"}],"replies":[{"embeddable":true,"href":"https:\/\/www.turistamagazine.com\/v2\/index.php?rest_route=%2Fwp%2Fv2%2Fcomments&post=60462"}],"version-history":[{"count":1,"href":"https:\/\/www.turistamagazine.com\/v2\/index.php?rest_route=\/wp\/v2\/posts\/60462\/revisions"}],"predecessor-version":[{"id":60464,"href":"https:\/\/www.turistamagazine.com\/v2\/index.php?rest_route=\/wp\/v2\/posts\/60462\/revisions\/60464"}],"wp:featuredmedia":[{"embeddable":true,"href":"https:\/\/www.turistamagazine.com\/v2\/index.php?rest_route=\/wp\/v2\/media\/60463"}],"wp:attachment":[{"href":"https:\/\/www.turistamagazine.com\/v2\/index.php?rest_route=%2Fwp%2Fv2%2Fmedia&parent=60462"}],"wp:term":[{"taxonomy":"category","embeddable":true,"href":"https:\/\/www.turistamagazine.com\/v2\/index.php?rest_route=%2Fwp%2Fv2%2Fcategories&post=60462"},{"taxonomy":"post_tag","embeddable":true,"href":"https:\/\/www.turistamagazine.com\/v2\/index.php?rest_route=%2Fwp%2Fv2%2Ftags&post=60462"}],"curies":[{"name":"wp","href":"https:\/\/api.w.org\/{rel}","templated":true}]}}