{"id":60406,"date":"2023-04-10T12:47:47","date_gmt":"2023-04-10T17:47:47","guid":{"rendered":"https:\/\/www.turistamagazine.com\/v2\/?p=60406"},"modified":"2023-04-10T12:47:47","modified_gmt":"2023-04-10T17:47:47","slug":"paracas-abarrotada-de-68-mil-visitantes-por-semana-santa","status":"publish","type":"post","link":"https:\/\/www.turistamagazine.com\/v2\/?p=60406","title":{"rendered":"PARACAS ABARROTADA DE 68 MIL VISITANTES POR SEMANA SANTA"},"content":{"rendered":"<p style=\"text-align: center;\"><span style=\"color: #800080;\"><em><strong>Capt\u00f3 unos US $4.0 millones de d\u00f3lares por concepto de alojamiento, alimentos, traslados y paseos, entre otros.<\/strong><\/em><\/span><\/p>\n<p style=\"text-align: justify;\"><span style=\"color: #333399;\"><em><strong>PARACAS\/PERU\/10\/04\/2023.-El balneario de Paracas (Ica) registr\u00f3 un r\u00e9cord de asistencia en el marco del feriado largo por Semana Santa con la presencia de 68 mil visitantes, revel\u00f3 el presidente de la C\u00e1mara de Turismo y Comercio Exterior de Paracas (CAPATUR), Eduardo J\u00e1uregui.<\/strong><\/em><\/span><\/p>\n<p style=\"text-align: justify;\"><span style=\"color: #333399;\"><em><strong>\u00abEs un r\u00e9cord hist\u00f3rico y supera largamente la afluencia de visitantes del a\u00f1o 2019 que fue de 50 mil\u00bb, afirm\u00f3.<\/strong><\/em><\/span><\/p>\n<p style=\"text-align: justify;\"><span style=\"color: #333399;\"><em><strong>Precis\u00f3 que los alojamientos en el balneario estuvieron en su m\u00e1xima capacidad y definitivamente, \u00abes un s\u00edntoma de la recuperaci\u00f3n de la actividad tur\u00edstica en nuestra zona\u00bb.<\/strong><\/em><\/span><\/p>\n<p style=\"text-align: justify;\"><span style=\"color: #333399;\"><em><strong>El titular de CAPATUR sostuvo que los visitantes, en su gran mayor\u00eda provenientes de Lima, prefirieron Paracas por la cercan\u00eda del lugar y desistieron viajar al norte de nuestro pa\u00eds debido a las dificultades climatol\u00f3gicas y viales que afrontan en los actuales momentos.<\/strong><\/em><\/span><\/p>\n<div id=\"attachment_55949\" style=\"width: 640px\" class=\"wp-caption aligncenter\"><a href=\"https:\/\/www.turistamagazine.com\/v2\/wp-content\/uploads\/2022\/04\/Paseos-a-Islas-Ballestas.jpg\"><img decoding=\"async\" aria-describedby=\"caption-attachment-55949\" class=\"wp-image-55949\" src=\"https:\/\/www.turistamagazine.com\/v2\/wp-content\/uploads\/2022\/04\/Paseos-a-Islas-Ballestas.jpg\" alt=\"\" width=\"630\" height=\"419\" srcset=\"https:\/\/www.turistamagazine.com\/v2\/wp-content\/uploads\/2022\/04\/Paseos-a-Islas-Ballestas.jpg 640w, https:\/\/www.turistamagazine.com\/v2\/wp-content\/uploads\/2022\/04\/Paseos-a-Islas-Ballestas-300x200.jpg 300w, https:\/\/www.turistamagazine.com\/v2\/wp-content\/uploads\/2022\/04\/Paseos-a-Islas-Ballestas-631x420.jpg 631w, https:\/\/www.turistamagazine.com\/v2\/wp-content\/uploads\/2022\/04\/Paseos-a-Islas-Ballestas-610x406.jpg 610w\" sizes=\"(max-width: 630px) 100vw, 630px\" \/><\/a><p id=\"caption-attachment-55949\" class=\"wp-caption-text\"><em><span style=\"color: #333399;\"><strong>J\u00e1uregui inform\u00f3 que, durante el feriado largo por Semana Santa, unas 32 mil personas visitaron la Reserva Nacional de Paracas, mientras que 28 mil turistas conocieron Islas Ballestas.<\/strong><\/span><\/em><\/p><\/div>\n<p style=\"text-align: justify;\"><span style=\"color: #333399;\"><em><strong>Agreg\u00f3 que otras ocho mil personas prefirieron un \u201cFull Day\u201d o D\u00eda Completo y se dedicaron a disfrutar del Parque de diversiones en el mar de Paracas \u201cYaku Park\u201d y de la gastronom\u00eda marina.<\/strong><\/em><\/span><\/p>\n<p style=\"text-align: justify;\"><span style=\"color: #333399;\"><em><strong>\u201cParacas capt\u00f3 por Semana Santa aproximadamente US$4.0 millones de d\u00f3lares en divisas (alojamiento, alimentaci\u00f3n, traslado y paseos)\u201d, se\u00f1al\u00f3 el dirigente empresarial.<\/strong><\/em><\/span><\/p>\n<p style=\"text-align: justify;\"><span style=\"color: #333399;\"><em><strong>Eduardo J\u00e1uregui manifest\u00f3 que la reciente Semana Santa sell\u00f3 la temporada de verano y a pesar que, en los siguientes d\u00edas, se inicie la temporada baja, expres\u00f3 su confianza que haya un buen n\u00famero de visitantes que puedan escoger Paracas como un destino de descanso y de regocijo.<\/strong><\/em><\/span><\/p>\n<p style=\"text-align: justify;\"><span style=\"color: #333399;\"><em><strong>Dijo, por ejemplo, que el pr\u00f3ximo feriado largo es del 29 de abril al 01 de mayo, fecha en que nuevamente el balneario de Paracas pueda recibir un buen n\u00famero de visitantes de Lima y de otros lugares de nuestro territorio nacional.<\/strong><\/em><\/span><\/p>\n<p style=\"text-align: justify;\"><span style=\"color: #333399;\"><em><strong>Finalmente, el presidente de la CAPATUR adelant\u00f3 las siguientes actividades que afrontar\u00e1 Paracas en el presente a\u00f1o:<\/strong><\/em><\/span><\/p>\n<p style=\"text-align: justify;\"><span style=\"color: #333399;\"><em><strong>\u00a0<span style=\"color: #800080;\">El pr\u00f3ximo 30 de abril el Yaku Park celebrar\u00e1 su primer aniversario con la presencia de grupos musicales.<\/span><\/strong><\/em><\/span><\/p>\n<p style=\"text-align: justify;\"><span style=\"color: #800080;\"><em><strong>\u00a0 \u201cYakumama\u201d o Tributo al Mar de Paracas a desarrollarse del 27 al 28 de mayo<\/strong><\/em><\/span><\/p>\n<p style=\"text-align: justify;\"><span style=\"color: #800080;\"><em><strong>D\u00eda Nacional del Cebiche a realizarse en la \u00faltima semana de junio.<\/strong><\/em><\/span><\/p>\n<p style=\"text-align: justify;\"><span style=\"color: #800080;\"><em><strong>\u00a0 D\u00eda Nacional del Pisco en el mes de julio.<\/strong><\/em><\/span><\/p>\n<p style=\"text-align: justify;\"><span style=\"color: #800080;\"><em><strong>\u00a0 D\u00eda Mundial de Turismo en septiembre pr\u00f3ximo.<\/strong><\/em><\/span><\/p>\n","protected":false},"excerpt":{"rendered":"<p>Capt\u00f3 unos US $4.0 millones de d\u00f3lares por concepto de alojamiento, alimentos, traslados y paseos, entre otros. PARACAS\/PERU\/10\/04\/2023.-El balneario de Paracas (Ica) registr\u00f3 un r\u00e9cord de asistencia en el marco del feriado largo por Semana Santa con la presencia de 68 mil visitantes, revel\u00f3 el presidente de la C\u00e1mara de Turismo y Comercio Exterior de Paracas (CAPATUR), Eduardo J\u00e1uregui. \u00abEs un r\u00e9cord hist\u00f3rico y supera largamente la afluencia de visitantes del a\u00f1o 2019 que fue de 50 mil\u00bb, afirm\u00f3. Precis\u00f3 que los alojamientos en el balneario estuvieron en su m\u00e1xima capacidad y definitivamente, \u00abes un s\u00edntoma de la recuperaci\u00f3n de&#8230;<\/p>\n","protected":false},"author":1,"featured_media":60407,"comment_status":"open","ping_status":"open","sticky":false,"template":"","format":"standard","meta":{"footnotes":""},"categories":[4,82],"tags":[11752,10219,10556,426],"class_list":["post-60406","post","type-post","status-publish","format-standard","has-post-thumbnail","hentry","category-breaking-news","category-nacionales","tag-paracasboom","tag-semanarioturistamagazine","tag-turismagazine","tag-paracas"],"_links":{"self":[{"href":"https:\/\/www.turistamagazine.com\/v2\/index.php?rest_route=\/wp\/v2\/posts\/60406","targetHints":{"allow":["GET"]}}],"collection":[{"href":"https:\/\/www.turistamagazine.com\/v2\/index.php?rest_route=\/wp\/v2\/posts"}],"about":[{"href":"https:\/\/www.turistamagazine.com\/v2\/index.php?rest_route=\/wp\/v2\/types\/post"}],"author":[{"embeddable":true,"href":"https:\/\/www.turistamagazine.com\/v2\/index.php?rest_route=\/wp\/v2\/users\/1"}],"replies":[{"embeddable":true,"href":"https:\/\/www.turistamagazine.com\/v2\/index.php?rest_route=%2Fwp%2Fv2%2Fcomments&post=60406"}],"version-history":[{"count":1,"href":"https:\/\/www.turistamagazine.com\/v2\/index.php?rest_route=\/wp\/v2\/posts\/60406\/revisions"}],"predecessor-version":[{"id":60408,"href":"https:\/\/www.turistamagazine.com\/v2\/index.php?rest_route=\/wp\/v2\/posts\/60406\/revisions\/60408"}],"wp:featuredmedia":[{"embeddable":true,"href":"https:\/\/www.turistamagazine.com\/v2\/index.php?rest_route=\/wp\/v2\/media\/60407"}],"wp:attachment":[{"href":"https:\/\/www.turistamagazine.com\/v2\/index.php?rest_route=%2Fwp%2Fv2%2Fmedia&parent=60406"}],"wp:term":[{"taxonomy":"category","embeddable":true,"href":"https:\/\/www.turistamagazine.com\/v2\/index.php?rest_route=%2Fwp%2Fv2%2Fcategories&post=60406"},{"taxonomy":"post_tag","embeddable":true,"href":"https:\/\/www.turistamagazine.com\/v2\/index.php?rest_route=%2Fwp%2Fv2%2Ftags&post=60406"}],"curies":[{"name":"wp","href":"https:\/\/api.w.org\/{rel}","templated":true}]}}