{"id":60356,"date":"2023-04-05T20:24:23","date_gmt":"2023-04-06T01:24:23","guid":{"rendered":"https:\/\/www.turistamagazine.com\/v2\/?p=60356"},"modified":"2023-04-05T20:24:23","modified_gmt":"2023-04-06T01:24:23","slug":"ante-la-negativa-patronal-a-la-negociacion","status":"publish","type":"post","link":"https:\/\/www.turistamagazine.com\/v2\/?p=60356","title":{"rendered":"ANTE \u201cLA NEGATIVA PATRONAL A LA NEGOCIACI\u00d3N\u201d"},"content":{"rendered":"<p style=\"text-align: center;\"><span style=\"color: #800080;\"><strong><em>Los controladores a\u00e9reos espa\u00f1oles seguir\u00e1n en huelga en abril<\/em><\/strong><\/span><\/p>\n<p style=\"text-align: justify;\"><span style=\"color: #333399;\"><strong><em>ESPA\u00d1A05\/02\/2023.-Los nuevos d\u00edas de paros ser\u00e1n todos los jueves y domingos del mes (d\u00edas 9, 13, 16, 20, 23, 27 y 30), y seguir\u00e1n afectando a 16 aeropuertos nacionales<\/em><\/strong><\/span><\/p>\n<p style=\"text-align: justify;\"><span style=\"color: #333399;\"><strong><em>Los paros de los controladores a\u00e9reos espa\u00f1oles se extender\u00e1n durante el mes de abril. As\u00ed, lo ha anunciado la Uni\u00f3n Sindical de Controladores A\u00e9reos (USCA), quien critica \u201cla negativa patronal a la negociaci\u00f3n\u201d. (Huelga de controladores a\u00e9reos en 16 aeropuertos espa\u00f1oles)<\/em><\/strong><\/span><\/p>\n<p style=\"text-align: justify;\"><span style=\"color: #333399;\"><strong><em>\u201cA pesar del boicot a la huelga por parte del Ministerio de Transportes, Movilidad y Agenda Humana, para el mes de abril hemos convocado un nuevo calendario de paros\u201d, ha manifestado a trav\u00e9s de su cuenta de Twitter.<\/em><\/strong><\/span><\/p>\n<p style=\"text-align: justify;\"><span style=\"color: #333399;\"><strong><em>Los nuevos d\u00edas de huelga ser\u00e1n todos los jueves y domingos del mes (d\u00edas 9, 13, 16, 20, 23, 27 y 30). Seguir\u00e1n afectando a 16 aeropuertos nacionales (A Coru\u00f1a, Alicante-Elche, Castell\u00f3n, Cuatro Vientos, El Hierro, Fuerteventura, Ibiza, Jerez, Lanzarote, La Palma, Lleida, Murcia, Sabadell, Sevilla, Valencia y Vigo).<\/em><\/strong><\/span><\/p>\n<p style=\"text-align: justify;\"><span style=\"color: #333399;\"><strong><em>En Canarias, el horario de los paros ser\u00e1 de 7:00 a 9:00 de la ma\u00f1ana, mientras que en la Pen\u00ednsula y Baleares ser\u00e1 de 15:00 a 17:00.<\/em><\/strong><\/span><\/p>\n","protected":false},"excerpt":{"rendered":"<p>Los controladores a\u00e9reos espa\u00f1oles seguir\u00e1n en huelga en abril ESPA\u00d1A05\/02\/2023.-Los nuevos d\u00edas de paros ser\u00e1n todos los jueves y domingos del mes (d\u00edas 9, 13, 16, 20, 23, 27 y 30), y seguir\u00e1n afectando a 16 aeropuertos nacionales Los paros de los controladores a\u00e9reos espa\u00f1oles se extender\u00e1n durante el mes de abril. As\u00ed, lo ha anunciado la Uni\u00f3n Sindical de Controladores A\u00e9reos (USCA), quien critica \u201cla negativa patronal a la negociaci\u00f3n\u201d. (Huelga de controladores a\u00e9reos en 16 aeropuertos espa\u00f1oles) \u201cA pesar del boicot a la huelga por parte del Ministerio de Transportes, Movilidad y Agenda Humana, para el mes de&#8230;<\/p>\n","protected":false},"author":1,"featured_media":60357,"comment_status":"open","ping_status":"open","sticky":false,"template":"","format":"standard","meta":{"footnotes":""},"categories":[4,84],"tags":[10219,10556,178],"class_list":["post-60356","post","type-post","status-publish","format-standard","has-post-thumbnail","hentry","category-breaking-news","category-internacionales","tag-semanarioturistamagazine","tag-turismagazine","tag-espana"],"_links":{"self":[{"href":"https:\/\/www.turistamagazine.com\/v2\/index.php?rest_route=\/wp\/v2\/posts\/60356","targetHints":{"allow":["GET"]}}],"collection":[{"href":"https:\/\/www.turistamagazine.com\/v2\/index.php?rest_route=\/wp\/v2\/posts"}],"about":[{"href":"https:\/\/www.turistamagazine.com\/v2\/index.php?rest_route=\/wp\/v2\/types\/post"}],"author":[{"embeddable":true,"href":"https:\/\/www.turistamagazine.com\/v2\/index.php?rest_route=\/wp\/v2\/users\/1"}],"replies":[{"embeddable":true,"href":"https:\/\/www.turistamagazine.com\/v2\/index.php?rest_route=%2Fwp%2Fv2%2Fcomments&post=60356"}],"version-history":[{"count":1,"href":"https:\/\/www.turistamagazine.com\/v2\/index.php?rest_route=\/wp\/v2\/posts\/60356\/revisions"}],"predecessor-version":[{"id":60358,"href":"https:\/\/www.turistamagazine.com\/v2\/index.php?rest_route=\/wp\/v2\/posts\/60356\/revisions\/60358"}],"wp:featuredmedia":[{"embeddable":true,"href":"https:\/\/www.turistamagazine.com\/v2\/index.php?rest_route=\/wp\/v2\/media\/60357"}],"wp:attachment":[{"href":"https:\/\/www.turistamagazine.com\/v2\/index.php?rest_route=%2Fwp%2Fv2%2Fmedia&parent=60356"}],"wp:term":[{"taxonomy":"category","embeddable":true,"href":"https:\/\/www.turistamagazine.com\/v2\/index.php?rest_route=%2Fwp%2Fv2%2Fcategories&post=60356"},{"taxonomy":"post_tag","embeddable":true,"href":"https:\/\/www.turistamagazine.com\/v2\/index.php?rest_route=%2Fwp%2Fv2%2Ftags&post=60356"}],"curies":[{"name":"wp","href":"https:\/\/api.w.org\/{rel}","templated":true}]}}