{"id":60351,"date":"2023-04-04T19:47:39","date_gmt":"2023-04-05T00:47:39","guid":{"rendered":"https:\/\/www.turistamagazine.com\/v2\/?p=60351"},"modified":"2023-04-04T19:47:39","modified_gmt":"2023-04-05T00:47:39","slug":"finlandia-ya-es-miembro-de-la-otan-tras-un-proceso-acelerado","status":"publish","type":"post","link":"https:\/\/www.turistamagazine.com\/v2\/?p=60351","title":{"rendered":"FINLANDIA YA ES MIEMBRO DE LA OTAN, TRAS UN PROCESO ACELERADO"},"content":{"rendered":"<p style=\"text-align: center;\"><span style=\"color: #333399;\"><em><strong>La bandera de la OTAN, en el centro, y las banderas de Finlandia ondean sobre el edificio del Ministerio de Asuntos Exteriores en Helsinki\u00a0\u00a0 &#8211;\u00a0 Derechos de autor\u00a0 Antti H&#8217;m&#8217;l&#8217;inen\/Lehtikuva<\/strong><\/em><\/span><\/p>\n<p style=\"text-align: justify;\"><span style=\"color: #333399;\"><em><strong>Por euronews\u00a0 con EFE\u00a0<\/strong><\/em><\/span><\/p>\n<p style=\"text-align: justify;\"><span style=\"color: #333399;\"><em><strong>FINLANDIA\/04\/04\/2023.-Finlandia se convirti\u00f3 este martes en el trig\u00e9simo primer miembro de pleno derecho de la OTAN tras culminar el proceso de ingreso solicitado a ra\u00edz de la invasi\u00f3n rusa de Ucrania, lo que implica que el pa\u00eds queda cubierto por el art\u00edculo 5 de defensa colectiva de la Alianza.<\/strong><\/em><\/span><\/p>\n<p style=\"text-align: justify;\"><span style=\"color: #333399;\"><em><strong>\u00abLo que ocurre a partir de hoy es que Finlandia estar\u00e1 cubierta por las f\u00e9rreas garant\u00edas de seguridad de la OTAN\u00bb, se encargaba de recordar el secretario general de la misma, Jens Stoltenberg. \u00abHablo de nuestro art\u00edculo 5, que dice que un ataque a un aliado se considerar\u00e1 un ataque a todos. Uno para todos, todos para uno\u00bb.<\/strong><\/em><\/span><\/p>\n<p style=\"text-align: justify;\"><span style=\"color: #333399;\"><em><strong>Turqu\u00eda ha sido el \u00faltimo de los 30 aliados actuales en ratificar el protocolo de acceso a la OTAN de Finlandia, que ingres\u00f3 sola por la negativa de Ankara de aprobar adhesi\u00f3n de Suecia. De hecho, no se esperan avances para Suecia antes de las elecciones turcas de mayo.<\/strong><\/em><\/span><\/p>\n<p style=\"text-align: justify;\"><span style=\"color: #333399;\"><em><strong>El objetivo de la OTAN es que el pa\u00eds sea miembro de pleno derecho en la Cumbre de la OTAN que se celebrar\u00e1 en Vilna en julio de 2023.La OTAN considera la pertenencia de Finlandia como una ventaja, pues a diferencia de la mayor\u00eda de los miembros de la Alianza, no recort\u00f3 el gasto en defensa tras la Guerra Fr\u00eda. Cuenta con un gran Ej\u00e9rcito bien entrenado y ha mantenido un alto nivel de preparaci\u00f3n.<\/strong><\/em><\/span><\/p>\n<p style=\"text-align: justify;\"><span style=\"color: #333399;\"><em><strong>Rusia ha advertido de que reforzar\u00e1 sus propias fuerzas a lo largo de la frontera finlandesa en caso de despliegue de tropas de la OTAN.<\/strong><\/em><\/span><\/p>\n<p style=\"text-align: justify;\"><span style=\"color: #333399;\"><em><strong>Alejamiento de Rusia<\/strong><\/em><\/span><\/p>\n<p style=\"text-align: justify;\"><span style=\"color: #333399;\"><em><strong>Con este ingreso, Finlandia pone fin a casi ocho d\u00e9cadas de una neutralidad militar \u2014inicialmente impuesta por Mosc\u00fa y luego voluntaria\u2014 que casi con seguridad hubiera continuado de no producirse la invasi\u00f3n rusa de Ucrania.<\/strong><\/em><\/span><\/p>\n<p style=\"text-align: justify;\"><span style=\"color: #333399;\"><em><strong>La ofensiva, lanzada por el Kremlin para evitar una posible expansi\u00f3n de la OTAN hasta sus fronteras, entre otros motivos, ha desatado el efecto opuesto, ya que la adhesi\u00f3n de Finlandia, con sus 1 340 kil\u00f3metros de frontera, duplica la l\u00ednea fronteriza entre Rusia y la Alianza.<\/strong><\/em><\/span><\/p>\n<p style=\"text-align: justify;\"><span style=\"color: #333399;\"><em><strong>Adem\u00e1s, una vez se integre tambi\u00e9n la vecina Suecia, cuyo ingreso est\u00e1 bloqueado de momento por Turqu\u00eda y Hungr\u00eda, toda la regi\u00f3n del mar B\u00e1ltico estar\u00e1 controlada por los aliados, limitando a\u00fan m\u00e1s la capacidad de movimiento de la flota rusa estacionada en San Petersburgo y Kaliningrado.(\u2026)euronews<\/strong><\/em><\/span><\/p>\n","protected":false},"excerpt":{"rendered":"<p>La bandera de la OTAN, en el centro, y las banderas de Finlandia ondean sobre el edificio del Ministerio de Asuntos Exteriores en Helsinki\u00a0\u00a0 &#8211;\u00a0 Derechos de autor\u00a0 Antti H&#8217;m&#8217;l&#8217;inen\/Lehtikuva Por euronews\u00a0 con EFE\u00a0 FINLANDIA\/04\/04\/2023.-Finlandia se convirti\u00f3 este martes en el trig\u00e9simo primer miembro de pleno derecho de la OTAN tras culminar el proceso de ingreso solicitado a ra\u00edz de la invasi\u00f3n rusa de Ucrania, lo que implica que el pa\u00eds queda cubierto por el art\u00edculo 5 de defensa colectiva de la Alianza. \u00abLo que ocurre a partir de hoy es que Finlandia estar\u00e1 cubierta por las f\u00e9rreas garant\u00edas de&#8230;<\/p>\n","protected":false},"author":1,"featured_media":60353,"comment_status":"open","ping_status":"open","sticky":false,"template":"","format":"standard","meta":{"footnotes":""},"categories":[84],"tags":[10219,10556,2863,1084],"class_list":["post-60351","post","type-post","status-publish","format-standard","has-post-thumbnail","hentry","category-internacionales","tag-semanarioturistamagazine","tag-turismagazine","tag-finlandia","tag-otan"],"_links":{"self":[{"href":"https:\/\/www.turistamagazine.com\/v2\/index.php?rest_route=\/wp\/v2\/posts\/60351","targetHints":{"allow":["GET"]}}],"collection":[{"href":"https:\/\/www.turistamagazine.com\/v2\/index.php?rest_route=\/wp\/v2\/posts"}],"about":[{"href":"https:\/\/www.turistamagazine.com\/v2\/index.php?rest_route=\/wp\/v2\/types\/post"}],"author":[{"embeddable":true,"href":"https:\/\/www.turistamagazine.com\/v2\/index.php?rest_route=\/wp\/v2\/users\/1"}],"replies":[{"embeddable":true,"href":"https:\/\/www.turistamagazine.com\/v2\/index.php?rest_route=%2Fwp%2Fv2%2Fcomments&post=60351"}],"version-history":[{"count":1,"href":"https:\/\/www.turistamagazine.com\/v2\/index.php?rest_route=\/wp\/v2\/posts\/60351\/revisions"}],"predecessor-version":[{"id":60354,"href":"https:\/\/www.turistamagazine.com\/v2\/index.php?rest_route=\/wp\/v2\/posts\/60351\/revisions\/60354"}],"wp:featuredmedia":[{"embeddable":true,"href":"https:\/\/www.turistamagazine.com\/v2\/index.php?rest_route=\/wp\/v2\/media\/60353"}],"wp:attachment":[{"href":"https:\/\/www.turistamagazine.com\/v2\/index.php?rest_route=%2Fwp%2Fv2%2Fmedia&parent=60351"}],"wp:term":[{"taxonomy":"category","embeddable":true,"href":"https:\/\/www.turistamagazine.com\/v2\/index.php?rest_route=%2Fwp%2Fv2%2Fcategories&post=60351"},{"taxonomy":"post_tag","embeddable":true,"href":"https:\/\/www.turistamagazine.com\/v2\/index.php?rest_route=%2Fwp%2Fv2%2Ftags&post=60351"}],"curies":[{"name":"wp","href":"https:\/\/api.w.org\/{rel}","templated":true}]}}