{"id":59848,"date":"2023-02-18T10:18:50","date_gmt":"2023-02-18T15:18:50","guid":{"rendered":"https:\/\/www.turistamagazine.com\/v2\/?p=59848"},"modified":"2023-02-18T10:18:50","modified_gmt":"2023-02-18T15:18:50","slug":"concejo-municipal-oficializa-acuerdo-que-declara-zona-restringida-al-distrito-miraflores","status":"publish","type":"post","link":"https:\/\/www.turistamagazine.com\/v2\/?p=59848","title":{"rendered":"CONCEJO MUNICIPAL OFICIALIZA ACUERDO QUE DECLARA ZONA RESTRINGIDA AL DISTRITO MIRAFLORES"},"content":{"rendered":"<p style=\"text-align: center;\"><em><strong><span style=\"color: #800080;\">Medida observa la realizaci\u00f3n de concentraciones, manifestaciones y marchas p\u00fablicas que, en muchos casos, escalaron a altos niveles de violencia y vandalismo en las \u00faltimas semanas.<\/span><\/strong><\/em><\/p>\n<p style=\"text-align: center;\"><em><strong><span style=\"color: #800080;\">Acuerdo ratifica la implementaci\u00f3n de la Ordenanza 256-MM (2007). Adem\u00e1s, se sustent\u00f3 en informes t\u00e9cnicos emitidos por las diferentes gerencias del municipio miraflorino.<\/span><\/strong><\/em><\/p>\n<p style=\"text-align: justify;\"><span style=\"color: #333399;\"><em><strong>MIRAFLORES\/PERU\/18\/02\/2023.-El Concejo Municipal de Miraflores declar\u00f3 al distrito como zona restringida para el desarrollo de concentraciones, manifestaciones y marchas p\u00fablicas y pol\u00edticas que pongan en riesgo la seguridad, libre tr\u00e1nsito y salud de residentes y visitantes.<\/strong><\/em><\/span><\/p>\n<p style=\"text-align: justify;\"><span style=\"color: #333399;\"><em><strong>La medida fue aprobada hoy en sesi\u00f3n presidida por alcalde Carlos Canales y con la participaci\u00f3n de los regidores Alexander Von Ehren, Denisse Mac Cubbin, Ana Mar\u00eda Lavado, Xavier Barr\u00f3n, Betzab\u00e9 Noriega, Paolo Mes\u00eda, Nancy P\u00e9rez, Gustavo Alva, Max Crespo, Mario Otiniano y Jos\u00e9 Carlos Rosas. La mayor\u00eda coincidi\u00f3 en que en Miraflores debe primar el principio de autoridad y respeto a las normas.<\/strong><\/em><\/span><\/p>\n<p style=\"text-align: justify;\"><span style=\"color: #333399;\"><em><strong>En esa l\u00ednea, el Concejo, entendiendo la coyuntura actual, decidi\u00f3 ratificar la implementaci\u00f3n de la Ordenanza 256-MM del a\u00f1o 2007, en la que se declara zona restringida el \u00e1rea delimitada por las v\u00edas Av. Angamos Este, Av. Comandante Espinar, Av. Jorge Ch\u00e1vez, Av. Malec\u00f3n de la Reserva, Av. Armend\u00e1riz, Av. Tejada y Av. Paseo de la Rep\u00fablica.<\/strong><\/em><\/span><\/p>\n<p style=\"text-align: justify;\"><span style=\"color: #333399;\"><em><strong>El acuerdo, adem\u00e1s, estuvo sustentado por informes t\u00e9cnicos emitidos por las diferentes dependencias del municipio. Por ejemplo, la Gerencia de Seguridad Ciudadana, a trav\u00e9s de sus subgerencias de Serenazgo y Movilidad Urbana, indic\u00f3 que la medida tom\u00f3 en cuenta los enfrentamientos y movilizaciones de las \u00faltimas semanas en Lima Cercado, Miraflores y otros distritos, y que en muchos casos escalaron a altos niveles de violencia y vandalismo.<\/strong><\/em><\/span><\/p>\n<p style=\"text-align: justify;\"><span style=\"color: #333399;\"><em><strong>Asimismo, la Gerencia de Cultura y Turismo consider\u00f3 importante que el Concejo tome en cuenta la Resoluci\u00f3n Ministerial N\u00ba 495-2017-MC, en la que se reconocen sitios hist\u00f3ricos de batalla en Miraflores, as\u00ed como otras zonas hist\u00f3ricas y culturales que merecen ser protegidas y resguardadas en esta coyuntura. Del mismo modo, indic\u00f3 que la medida debe contemplar la gran afectaci\u00f3n que ha sufrido el sector tur\u00edstico nacional, en especial el centro de Miraflores.(&#8230;)<\/strong><\/em><\/span><\/p>\n<p style=\"text-align: justify;\"><span style=\"color: #800080;\"><em><strong>Gerencia de Comunicaciones e Imagen Institucional<\/strong><\/em><\/span><\/p>\n","protected":false},"excerpt":{"rendered":"<p>Medida observa la realizaci\u00f3n de concentraciones, manifestaciones y marchas p\u00fablicas que, en muchos casos, escalaron a altos niveles de violencia y vandalismo en las \u00faltimas semanas. Acuerdo ratifica la implementaci\u00f3n de la Ordenanza 256-MM (2007). Adem\u00e1s, se sustent\u00f3 en informes t\u00e9cnicos emitidos por las diferentes gerencias del municipio miraflorino. MIRAFLORES\/PERU\/18\/02\/2023.-El Concejo Municipal de Miraflores declar\u00f3 al distrito como zona restringida para el desarrollo de concentraciones, manifestaciones y marchas p\u00fablicas y pol\u00edticas que pongan en riesgo la seguridad, libre tr\u00e1nsito y salud de residentes y visitantes. La medida fue aprobada hoy en sesi\u00f3n presidida por alcalde Carlos Canales y con la&#8230;<\/p>\n","protected":false},"author":1,"featured_media":59849,"comment_status":"open","ping_status":"open","sticky":false,"template":"","format":"standard","meta":{"footnotes":""},"categories":[4,82],"tags":[12476,10219,10556,340],"class_list":["post-59848","post","type-post","status-publish","format-standard","has-post-thumbnail","hentry","category-breaking-news","category-nacionales","tag-carloscanalesalcaldedemiraflores","tag-semanarioturistamagazine","tag-turismagazine","tag-peru"],"_links":{"self":[{"href":"https:\/\/www.turistamagazine.com\/v2\/index.php?rest_route=\/wp\/v2\/posts\/59848","targetHints":{"allow":["GET"]}}],"collection":[{"href":"https:\/\/www.turistamagazine.com\/v2\/index.php?rest_route=\/wp\/v2\/posts"}],"about":[{"href":"https:\/\/www.turistamagazine.com\/v2\/index.php?rest_route=\/wp\/v2\/types\/post"}],"author":[{"embeddable":true,"href":"https:\/\/www.turistamagazine.com\/v2\/index.php?rest_route=\/wp\/v2\/users\/1"}],"replies":[{"embeddable":true,"href":"https:\/\/www.turistamagazine.com\/v2\/index.php?rest_route=%2Fwp%2Fv2%2Fcomments&post=59848"}],"version-history":[{"count":1,"href":"https:\/\/www.turistamagazine.com\/v2\/index.php?rest_route=\/wp\/v2\/posts\/59848\/revisions"}],"predecessor-version":[{"id":59850,"href":"https:\/\/www.turistamagazine.com\/v2\/index.php?rest_route=\/wp\/v2\/posts\/59848\/revisions\/59850"}],"wp:featuredmedia":[{"embeddable":true,"href":"https:\/\/www.turistamagazine.com\/v2\/index.php?rest_route=\/wp\/v2\/media\/59849"}],"wp:attachment":[{"href":"https:\/\/www.turistamagazine.com\/v2\/index.php?rest_route=%2Fwp%2Fv2%2Fmedia&parent=59848"}],"wp:term":[{"taxonomy":"category","embeddable":true,"href":"https:\/\/www.turistamagazine.com\/v2\/index.php?rest_route=%2Fwp%2Fv2%2Fcategories&post=59848"},{"taxonomy":"post_tag","embeddable":true,"href":"https:\/\/www.turistamagazine.com\/v2\/index.php?rest_route=%2Fwp%2Fv2%2Ftags&post=59848"}],"curies":[{"name":"wp","href":"https:\/\/api.w.org\/{rel}","templated":true}]}}