{"id":59842,"date":"2023-02-17T19:23:03","date_gmt":"2023-02-18T00:23:03","guid":{"rendered":"https:\/\/www.turistamagazine.com\/v2\/?p=59842"},"modified":"2023-02-17T19:23:03","modified_gmt":"2023-02-18T00:23:03","slug":"aeropuerto-jorge-chavez-ampliacion-inyectara-usd-533-millones-a-economia-peruana-en-2023","status":"publish","type":"post","link":"https:\/\/www.turistamagazine.com\/v2\/?p=59842","title":{"rendered":"AEROPUERTO JORGE CH\u00c1VEZ: AMPLIACI\u00d3N INYECTAR\u00c1 USD 533 MILLONES A ECONOM\u00cdA PERUANA EN 2023"},"content":{"rendered":"<p style=\"text-align: justify;\"><span style=\"color: #333399;\"><em><strong>CALLAO\/PERU\/17\/02\/2023.- Para este a\u00f1o la inversi\u00f3n en el megaproyecto de ampliaci\u00f3n y mejoramiento del Aeropuerto Internacional Jorge Ch\u00e1vez, ubicado en el Callao, representar\u00e1 una importante inyecci\u00f3n de USD 533 millones a la econom\u00eda nacional, inform\u00f3 el Ministerio de Transportes y Comunicaciones (MTC).<\/strong><\/em><\/span><\/p>\n<p style=\"text-align: justify;\"><span style=\"color: #333399;\"><em><strong><span style=\"color: #800080;\">\u201cPara la construcci\u00f3n de esta nueva infraestructura aeroportuaria se est\u00e1n utilizando insumos que se compran en el territorio nacional, dinamizando la econom\u00eda dom\u00e9stica\u201d,<\/span> remarc\u00f3 Paola Lazarte, titular del MTC.<\/strong><\/em><\/span><\/p>\n<p style=\"text-align: justify;\"><span style=\"color: #333399;\"><em><strong>Por lo tanto, la funcionaria consider\u00f3 que es un proyecto que, adem\u00e1s de cerrar brechas y de proveer servicios a la ciudadan\u00eda, tiene un impacto positivo, este a\u00f1o, en la reactivaci\u00f3n econ\u00f3mica del Per\u00fa.<\/strong><\/em><\/span><\/p>\n<p style=\"text-align: justify;\"><span style=\"color: #800080;\"><em><strong>El monto de inversi\u00f3n asciende a m\u00e1s de USD 2.000 millones y comprende la construcci\u00f3n de la nueva torre de control, la segunda pista de aterrizaje y el nuevo terminal de pasajeros del aeropuerto, a cargo del concesionario Lima Airport Partners (LAP), con la supervisi\u00f3n de Ositran y el acompa\u00f1amiento del MTC y Corpac.<\/strong><\/em><\/span><\/p>\n<p style=\"text-align: justify;\"><span style=\"color: #333399;\"><em><strong>Est\u00e1 previsto que toda la obra concluya e inicien las operaciones en el 2025. Actualmente, el nuevo terminal de pasajeros registra un avance del 26%, mientras que la construcci\u00f3n de la torre y la segunda pista ya se encuentran al 100%.<\/strong><\/em><\/span><\/p>\n<p style=\"text-align: justify;\"><span style=\"color: #333399;\"><em><strong>Se estima que para el 2025, el nuevo terminal del Aeropuerto Jorge Ch\u00e1vez tendr\u00e1 la capacidad para atender a 30 millones de pasajeros anuales, con una superficie construida de 210.000 metros cuadrados.<\/strong><\/em><\/span><\/p>\n<p style=\"text-align: justify;\"><span style=\"color: #800080;\"><em><strong>La nueva torre de control tiene 65 metros de altura y la segunda pista de aterrizaje, una longitud de 3480 metros. Adem\u00e1s, se han construido m\u00e1s de 10 kil\u00f3metros de nuevas calles de rodaje, se instalaron luces de aproximaci\u00f3n, sistemas de balizamiento, entre otros.<\/strong><\/em><\/span><\/p>\n<p style=\"text-align: justify;\"><span style=\"color: #333399;\"><em><strong>\u201cCon esta infraestructura se podr\u00e1 atender todo tipo de aeronaves y se dar\u00e1 un mejor servicio a los usuarios que se desplazan a diferentes partes del Per\u00fa y el mundo\u201d, dijo Lazarte\u2026<\/strong><\/em><\/span><\/p>\n<p style=\"text-align: justify;\"><span style=\"color: #333399;\"><em><strong>F\/ Infobae<\/strong><\/em><\/span><\/p>\n","protected":false},"excerpt":{"rendered":"<p>CALLAO\/PERU\/17\/02\/2023.- Para este a\u00f1o la inversi\u00f3n en el megaproyecto de ampliaci\u00f3n y mejoramiento del Aeropuerto Internacional Jorge Ch\u00e1vez, ubicado en el Callao, representar\u00e1 una importante inyecci\u00f3n de USD 533 millones a la econom\u00eda nacional, inform\u00f3 el Ministerio de Transportes y Comunicaciones (MTC). \u201cPara la construcci\u00f3n de esta nueva infraestructura aeroportuaria se est\u00e1n utilizando insumos que se compran en el territorio nacional, dinamizando la econom\u00eda dom\u00e9stica\u201d, remarc\u00f3 Paola Lazarte, titular del MTC. Por lo tanto, la funcionaria consider\u00f3 que es un proyecto que, adem\u00e1s de cerrar brechas y de proveer servicios a la ciudadan\u00eda, tiene un impacto positivo, este a\u00f1o, en&#8230;<\/p>\n","protected":false},"author":1,"featured_media":59843,"comment_status":"open","ping_status":"open","sticky":false,"template":"","format":"standard","meta":{"footnotes":""},"categories":[4,82],"tags":[10219,10556,166,340],"class_list":["post-59842","post","type-post","status-publish","format-standard","has-post-thumbnail","hentry","category-breaking-news","category-nacionales","tag-semanarioturistamagazine","tag-turismagazine","tag-aeropuerto-internacional-jorge-chavez","tag-peru"],"_links":{"self":[{"href":"https:\/\/www.turistamagazine.com\/v2\/index.php?rest_route=\/wp\/v2\/posts\/59842","targetHints":{"allow":["GET"]}}],"collection":[{"href":"https:\/\/www.turistamagazine.com\/v2\/index.php?rest_route=\/wp\/v2\/posts"}],"about":[{"href":"https:\/\/www.turistamagazine.com\/v2\/index.php?rest_route=\/wp\/v2\/types\/post"}],"author":[{"embeddable":true,"href":"https:\/\/www.turistamagazine.com\/v2\/index.php?rest_route=\/wp\/v2\/users\/1"}],"replies":[{"embeddable":true,"href":"https:\/\/www.turistamagazine.com\/v2\/index.php?rest_route=%2Fwp%2Fv2%2Fcomments&post=59842"}],"version-history":[{"count":1,"href":"https:\/\/www.turistamagazine.com\/v2\/index.php?rest_route=\/wp\/v2\/posts\/59842\/revisions"}],"predecessor-version":[{"id":59844,"href":"https:\/\/www.turistamagazine.com\/v2\/index.php?rest_route=\/wp\/v2\/posts\/59842\/revisions\/59844"}],"wp:featuredmedia":[{"embeddable":true,"href":"https:\/\/www.turistamagazine.com\/v2\/index.php?rest_route=\/wp\/v2\/media\/59843"}],"wp:attachment":[{"href":"https:\/\/www.turistamagazine.com\/v2\/index.php?rest_route=%2Fwp%2Fv2%2Fmedia&parent=59842"}],"wp:term":[{"taxonomy":"category","embeddable":true,"href":"https:\/\/www.turistamagazine.com\/v2\/index.php?rest_route=%2Fwp%2Fv2%2Fcategories&post=59842"},{"taxonomy":"post_tag","embeddable":true,"href":"https:\/\/www.turistamagazine.com\/v2\/index.php?rest_route=%2Fwp%2Fv2%2Ftags&post=59842"}],"curies":[{"name":"wp","href":"https:\/\/api.w.org\/{rel}","templated":true}]}}