{"id":59830,"date":"2023-02-16T19:13:18","date_gmt":"2023-02-17T00:13:18","guid":{"rendered":"https:\/\/www.turistamagazine.com\/v2\/?p=59830"},"modified":"2023-02-16T19:13:18","modified_gmt":"2023-02-17T00:13:18","slug":"el-turismo-peruano-se-va-recuperar-pero-necesitamos-el-apoyo-de-todos-para-promover-la-paz","status":"publish","type":"post","link":"https:\/\/www.turistamagazine.com\/v2\/?p=59830","title":{"rendered":"\u201cEL TURISMO\u00a0 PERUANO SE VA RECUPERAR, PERO NECESITAMOS EL APOYO DE TODOS PARA PROMOVER LA PAZ\u201d"},"content":{"rendered":"<p style=\"text-align: justify;\"><span style=\"color: #333399;\"><em><strong>AREQUIPA\/PERU\/16\/02\/2023.- El ministro de Comercio Exterior y Turismo, Luis Fernando Helguero, lleg\u00f3 a Arequipa, junto a la viceministra de Comercio Exterior, Teresa Mera, y funcionarios de PromPer\u00fa y Plan Copesco Nacional, para reunirse con autoridades regionales, locales y el sector privado, a fin de coordinar acciones que permitan impulsar el turismo y las exportaciones en esta importante regi\u00f3n del sur del pa\u00eds.<\/strong><\/em><\/span><\/p>\n<p style=\"text-align: justify;\"><span style=\"color: #333399;\"><em><strong>En declaraciones a la prensa, el titular del Mincetur afirm\u00f3 que el turismo se podr\u00e1 recuperar con el apoyo de todos los peruanos para promover la paz social. Coment\u00f3, adem\u00e1s, que el Gobierno est\u00e1 abierto al di\u00e1logo de manera permanente, tal como lo ha mencionado desde el primer d\u00eda la presidenta de la Rep\u00fablica, Dina Boluarte.\u00a0<\/strong><\/em><\/span><\/p>\n<p style=\"text-align: justify;\"><span style=\"color: #800080;\"><em><strong>\u201cLo m\u00e1s importante para recuperar el turismo hoy es la paz social. Llegamos a Arequipa para escuchar requerimientos, demandas que son leg\u00edtimas y deben ser atendidas. El turismo se va recuperar, pero necesitamos articular esfuerzos para promover la paz; queremos recuperar la actividad econ\u00f3mica\u201d, resalt\u00f3.<\/strong><\/em><\/span><\/p>\n<p style=\"text-align: justify;\"><span style=\"color: #333399;\"><em><strong>A\u00f1adi\u00f3 tambi\u00e9n que el Ejecutivo realiza importantes acciones de manera transversal con otros ministerios y gobiernos regionales y locales para priorizar acciones en favor de los ciudadanos de las diversas localidades del Per\u00fa.<\/strong><\/em><\/span><\/p>\n<p style=\"text-align: justify;\"><span style=\"color: #333399;\"><em><strong>Es preciso se\u00f1alar que la presencia del ministro Helguero en la Ciudad Blanca permiti\u00f3 la realizaci\u00f3n de reuniones con autoridades del Gobierno Regional de Arequipa, representados por la vicegobernadora regional, Ana Mar\u00eda Guti\u00e9rrez; y el gerente regional de Comercio Exterior y Turismo, Jorge Meza. En la cita se convers\u00f3 sobre la situaci\u00f3n, problem\u00e1tica y prioridades del comercio exterior y turismo en la regi\u00f3n.<\/strong><\/em><\/span><\/p>\n<p style=\"text-align: justify;\"><span style=\"color: #333399;\"><em><strong>Durante la extensa jornada, se efectu\u00f3 tambi\u00e9n una mesa de trabajo con el Comit\u00e9 Consultivo Regional de Turismo y diversos gremios exportadores, donde se convers\u00f3 sobre el escenario del comercio exterior en Arequipa, as\u00ed como prioridades para el desarrollo exportador de la regi\u00f3n.<\/strong><\/em><\/span><\/p>\n<p style=\"text-align: justify;\"><span style=\"color: #800080;\"><em><strong>ANUNCIOS EN TURISMO<\/strong><\/em><\/span><\/p>\n<p style=\"text-align: justify;\"><span style=\"color: #333399;\"><em><strong>El ministro Helguero dio a conocer que, en el marco del Plan Con Punche Per\u00fa, se ha lanzado un importante paquete econ\u00f3mico a favor del turismo, buscando apoyar principalmente a las micro, peque\u00f1as medianas empresas del sector. Para ello, en los siguientes d\u00edas se anunciar\u00e1 un nuevo paquete econ\u00f3mico a favor de ellas.<\/strong><\/em><\/span><\/p>\n<p style=\"text-align: justify;\"><span style=\"color: #333399;\"><em><strong>A\u00f1adi\u00f3 adem\u00e1s que desde Promper\u00fa y Mincetur se han iniciado campa\u00f1as de promoci\u00f3n de turismo interno, as\u00ed como de concientizaci\u00f3n de valores tur\u00edsticos. En pocas semanas igualmente se lanzar\u00e1 una campa\u00f1a de turismo interno por Semana Santa.<\/strong><\/em><\/span><\/p>\n<p style=\"text-align: justify;\"><span style=\"color: #333399;\"><em><strong>Finalmente, el ministro Helguero salud\u00f3 el retorno de los turistas nacionales y extranjeros a la ciudadela Inca de Machupicchu, la cual estuvo cerrada por medidas de seguridad, y que ahora, nos vuelve a poner en los ojos del mundo.<\/strong><\/em><\/span><\/p>\n<p style=\"text-align: justify;\"><span style=\"color: #333399;\"><em><strong>OFICINA DE COMUNICACIONES Y PROTOCOLO<\/strong><\/em><\/span><\/p>\n<p><span style=\"color: #333399;\"><em><strong>MINISTERIO DE COMERCIO EXTERIOR Y TURISMO<\/strong><\/em><\/span><\/p>\n<p>&nbsp;<\/p>\n","protected":false},"excerpt":{"rendered":"<p>AREQUIPA\/PERU\/16\/02\/2023.- El ministro de Comercio Exterior y Turismo, Luis Fernando Helguero, lleg\u00f3 a Arequipa, junto a la viceministra de Comercio Exterior, Teresa Mera, y funcionarios de PromPer\u00fa y Plan Copesco Nacional, para reunirse con autoridades regionales, locales y el sector privado, a fin de coordinar acciones que permitan impulsar el turismo y las exportaciones en esta importante regi\u00f3n del sur del pa\u00eds. En declaraciones a la prensa, el titular del Mincetur afirm\u00f3 que el turismo se podr\u00e1 recuperar con el apoyo de todos los peruanos para promover la paz social. Coment\u00f3, adem\u00e1s, que el Gobierno est\u00e1 abierto al di\u00e1logo de&#8230;<\/p>\n","protected":false},"author":1,"featured_media":59831,"comment_status":"open","ping_status":"open","sticky":false,"template":"","format":"standard","meta":{"footnotes":""},"categories":[4,82],"tags":[10219,10556,268,330],"class_list":["post-59830","post","type-post","status-publish","format-standard","has-post-thumbnail","hentry","category-breaking-news","category-nacionales","tag-semanarioturistamagazine","tag-turismagazine","tag-arequipa","tag-turismo-en-el-peru"],"_links":{"self":[{"href":"https:\/\/www.turistamagazine.com\/v2\/index.php?rest_route=\/wp\/v2\/posts\/59830","targetHints":{"allow":["GET"]}}],"collection":[{"href":"https:\/\/www.turistamagazine.com\/v2\/index.php?rest_route=\/wp\/v2\/posts"}],"about":[{"href":"https:\/\/www.turistamagazine.com\/v2\/index.php?rest_route=\/wp\/v2\/types\/post"}],"author":[{"embeddable":true,"href":"https:\/\/www.turistamagazine.com\/v2\/index.php?rest_route=\/wp\/v2\/users\/1"}],"replies":[{"embeddable":true,"href":"https:\/\/www.turistamagazine.com\/v2\/index.php?rest_route=%2Fwp%2Fv2%2Fcomments&post=59830"}],"version-history":[{"count":1,"href":"https:\/\/www.turistamagazine.com\/v2\/index.php?rest_route=\/wp\/v2\/posts\/59830\/revisions"}],"predecessor-version":[{"id":59832,"href":"https:\/\/www.turistamagazine.com\/v2\/index.php?rest_route=\/wp\/v2\/posts\/59830\/revisions\/59832"}],"wp:featuredmedia":[{"embeddable":true,"href":"https:\/\/www.turistamagazine.com\/v2\/index.php?rest_route=\/wp\/v2\/media\/59831"}],"wp:attachment":[{"href":"https:\/\/www.turistamagazine.com\/v2\/index.php?rest_route=%2Fwp%2Fv2%2Fmedia&parent=59830"}],"wp:term":[{"taxonomy":"category","embeddable":true,"href":"https:\/\/www.turistamagazine.com\/v2\/index.php?rest_route=%2Fwp%2Fv2%2Fcategories&post=59830"},{"taxonomy":"post_tag","embeddable":true,"href":"https:\/\/www.turistamagazine.com\/v2\/index.php?rest_route=%2Fwp%2Fv2%2Ftags&post=59830"}],"curies":[{"name":"wp","href":"https:\/\/api.w.org\/{rel}","templated":true}]}}