{"id":59669,"date":"2023-02-08T10:45:51","date_gmt":"2023-02-08T15:45:51","guid":{"rendered":"https:\/\/www.turistamagazine.com\/v2\/?p=59669"},"modified":"2023-02-08T20:38:54","modified_gmt":"2023-02-09T01:38:54","slug":"mincetur-articula-esfuerzos-para-potenciar-el-turismo-en-la-region-lambayeque","status":"publish","type":"post","link":"https:\/\/www.turistamagazine.com\/v2\/?p=59669","title":{"rendered":"MINCETUR ARTICULA ESFUERZOS PARA POTENCIAR EL TURISMO EN LA REGI\u00d3N LAMBAYEQUE"},"content":{"rendered":"<p style=\"text-align: justify;\"><span style=\"color: #333399;\"><em><strong>LAMBAYEQUE\/PERU\/08\/02\/2023.- La viceministra de Turismo, Madeleine Burns, anunci\u00f3 que el Ministerio de Comercio Exterior y Turismo (Mincetur) inici\u00f3 una serie de reuniones con las autoridades y sector privado de Lambayeque con el objetivo de potenciar el turismo en esta importante regi\u00f3n en el norte del Per\u00fa.<\/strong><\/em><\/span><\/p>\n<p style=\"text-align: justify;\"><span style=\"color: #333399;\"><em><strong>Por ello, arrib\u00f3 a la regi\u00f3n acompa\u00f1ada por un equipo t\u00e9cnico conformado por profesionales de Mincetur, Plan Copesco Nacional, Cenfotur y Promper\u00fa, quienes se reunieron con la vicegobernadora regional, Flor Saavedra, el gerente regional de Comercio Exterior y Turismo, F\u00e9lix M\u00edo; el alcalde de Puerto Eten, Luis Baca Casta\u00f1eda; el teniente alcalde de Chiclayo, Jorge Ar\u00e9valo; la presidenta del Comit\u00e9 Consultivo Regional de Turismo \u2013 CCRT Lambayeque,\u00a0 Mar\u00eda Isabel Espinal, entre otras autoridades, funcionarios y representantes gremiales.<\/strong><\/em><\/span><\/p>\n<p style=\"text-align: justify;\"><span style=\"color: #333399;\"><em><strong>\u00abLambayeque es uno de los destinos tur\u00edsticos priorizados por el sector. Es importante promover proyectos de inversi\u00f3n tur\u00edstica, promoci\u00f3n seguridad, y capacitaci\u00f3n del material humano, en articulaci\u00f3n con el gobierno regional, local y el sector privado\u00bb, se\u00f1al\u00f3 la viceministra Madeleine Burns.<\/strong><\/em><\/span><\/p>\n<p style=\"text-align: justify;\"><span style=\"color: #333399;\"><em><strong>Como se sabe, Lambayeque es un destino tur\u00edstico competitivo, sostenible y seguro, posicionada en el mercado nacional y reconocido en los principales mercados emisores de turismo receptivo por la diversidad y calidad de su oferta cultural, de naturaleza y cultura viva.<\/strong><\/em><\/span><\/p>\n<p style=\"text-align: justify;\"><span style=\"color: #333399;\"><em><strong>Debido a ello, la importancia de la presencia de la viceministra Madeleine Burns en la regi\u00f3n, donde tambi\u00e9n se reuni\u00f3 con el Comit\u00e9 Consultivo Regional de Turismo de Lambayeque (CCRT Lambayeque), conformado por representantes del gobierno regional, municipalidades provinciales y locales, Sernanp, el sector privado y la academia, para coordinar acciones que fortalezcan la regi\u00f3n Lambayeque como destino tur\u00edstico.<\/strong><\/em><\/span><\/p>\n<p style=\"text-align: justify;\"><span style=\"color: #333399;\"><em><strong>\u201cAcordamos trabajar articuladamente en la promoci\u00f3n del turismo interno, apoyo en la organizaci\u00f3n de eventos como la Copa Mundial Sub-17 de la FIFA y la Fiesta del Agua. Tambi\u00e9n priorizar proyectos de inversi\u00f3n que puedan ser financiados a trav\u00e9s del Plan Con Punche Per\u00fa, promover la conectividad a\u00e9rea interregional, asistencia t\u00e9cnica a trav\u00e9s del Centro de Extensi\u00f3n y Transferencia Tecnol\u00f3gica (CET) del CENFOTUR e impulsar la marca Lambayeque con la asistencia t\u00e9cnica de Promper\u00fa\u201d, indic\u00f3 la funcionaria.<\/strong><\/em><\/span><\/p>\n<p style=\"text-align: justify;\"><span style=\"color: #333399;\"><em><strong>OFICINA DE COMUNICACIONES Y PROTOCOLO<\/strong><\/em><\/span><\/p>\n<p style=\"text-align: justify;\"><span style=\"color: #333399;\"><em><strong>MINISTERIO DE COMERCIO EXTERIOR Y TURISMO<\/strong><\/em><\/span><\/p>\n","protected":false},"excerpt":{"rendered":"<p>LAMBAYEQUE\/PERU\/08\/02\/2023.- La viceministra de Turismo, Madeleine Burns, anunci\u00f3 que el Ministerio de Comercio Exterior y Turismo (Mincetur) inici\u00f3 una serie de reuniones con las autoridades y sector privado de Lambayeque con el objetivo de potenciar el turismo en esta importante regi\u00f3n en el norte del Per\u00fa. Por ello, arrib\u00f3 a la regi\u00f3n acompa\u00f1ada por un equipo t\u00e9cnico conformado por profesionales de Mincetur, Plan Copesco Nacional, Cenfotur y Promper\u00fa, quienes se reunieron con la vicegobernadora regional, Flor Saavedra, el gerente regional de Comercio Exterior y Turismo, F\u00e9lix M\u00edo; el alcalde de Puerto Eten, Luis Baca Casta\u00f1eda; el teniente alcalde de Chiclayo,&#8230;<\/p>\n","protected":false},"author":1,"featured_media":59670,"comment_status":"open","ping_status":"open","sticky":false,"template":"","format":"standard","meta":{"footnotes":""},"categories":[4,82],"tags":[12391,10219,10556,117],"class_list":["post-59669","post","type-post","status-publish","format-standard","has-post-thumbnail","hentry","category-breaking-news","category-nacionales","tag-madeleineburns","tag-semanarioturistamagazine","tag-turismagazine","tag-promocion-turistica"],"_links":{"self":[{"href":"https:\/\/www.turistamagazine.com\/v2\/index.php?rest_route=\/wp\/v2\/posts\/59669","targetHints":{"allow":["GET"]}}],"collection":[{"href":"https:\/\/www.turistamagazine.com\/v2\/index.php?rest_route=\/wp\/v2\/posts"}],"about":[{"href":"https:\/\/www.turistamagazine.com\/v2\/index.php?rest_route=\/wp\/v2\/types\/post"}],"author":[{"embeddable":true,"href":"https:\/\/www.turistamagazine.com\/v2\/index.php?rest_route=\/wp\/v2\/users\/1"}],"replies":[{"embeddable":true,"href":"https:\/\/www.turistamagazine.com\/v2\/index.php?rest_route=%2Fwp%2Fv2%2Fcomments&post=59669"}],"version-history":[{"count":2,"href":"https:\/\/www.turistamagazine.com\/v2\/index.php?rest_route=\/wp\/v2\/posts\/59669\/revisions"}],"predecessor-version":[{"id":59723,"href":"https:\/\/www.turistamagazine.com\/v2\/index.php?rest_route=\/wp\/v2\/posts\/59669\/revisions\/59723"}],"wp:featuredmedia":[{"embeddable":true,"href":"https:\/\/www.turistamagazine.com\/v2\/index.php?rest_route=\/wp\/v2\/media\/59670"}],"wp:attachment":[{"href":"https:\/\/www.turistamagazine.com\/v2\/index.php?rest_route=%2Fwp%2Fv2%2Fmedia&parent=59669"}],"wp:term":[{"taxonomy":"category","embeddable":true,"href":"https:\/\/www.turistamagazine.com\/v2\/index.php?rest_route=%2Fwp%2Fv2%2Fcategories&post=59669"},{"taxonomy":"post_tag","embeddable":true,"href":"https:\/\/www.turistamagazine.com\/v2\/index.php?rest_route=%2Fwp%2Fv2%2Ftags&post=59669"}],"curies":[{"name":"wp","href":"https:\/\/api.w.org\/{rel}","templated":true}]}}