{"id":59619,"date":"2023-01-30T19:07:34","date_gmt":"2023-01-31T00:07:34","guid":{"rendered":"https:\/\/www.turistamagazine.com\/v2\/?p=59619"},"modified":"2023-01-31T16:04:37","modified_gmt":"2023-01-31T21:04:37","slug":"cusco-camino-inca-a-machu-picchu-permanecera-cerrado-durante-febrero-por-mantenimiento","status":"publish","type":"post","link":"https:\/\/www.turistamagazine.com\/v2\/?p=59619","title":{"rendered":"CUSCO: CAMINO INCA A MACHU PICCHU PERMANECER\u00c1 CERRADO DURANTE FEBRERO POR MANTENIMIENTO"},"content":{"rendered":"<p style=\"text-align: center;\"><span style=\"color: #800080;\"><em><strong>Labores se desarrollar\u00e1n del 1 al 28 de febrero<\/strong><\/em><\/span><\/p>\n<p style=\"text-align: justify;\"><span style=\"color: #333399;\"><em><strong>CUSCO\/PERU\/30\/01\/2023E.- <span style=\"color: #800080;\">La Direcci\u00f3n Desconcentrada de Cultura (DDC) de Cusco y el Servicio Nacional de \u00c1reas Protegidas por el Estado (Sernanp), confirmaron que del 1 al 28 de febrero la red de Caminos Inca a la ciudadela Inca de Machu Picchu, ingresar\u00e1 en mantenimiento por lo que permanecer\u00e1 cerrado para los visitantes.<\/span><\/strong><\/em><\/span><\/p>\n<p style=\"text-align: justify;\"><span style=\"color: #333399;\"><em><strong>En un comunicado, ambas jefaturas se dirigen a operadores tur\u00edsticos, agencias, gu\u00edas de turismo, personal de apoyo y p\u00fablico en general, el cierre temporal de este importante atractivo tur\u00edstico y cultural, en aplicaci\u00f3n al Reglamento de Uso Tur\u00edstico Sostenible de la Red de Caminos Inca.<\/strong><\/em><\/span><\/p>\n<p style=\"text-align: justify;\"><span style=\"color: #800080;\"><em><strong>Pese a que est\u00e1 suspendido el ingreso de turistas al Camino Inca, por la paralizaci\u00f3n indefinida que se acata en contra del gobierno, las instancias reiteran que durante febrero quedan suspendidas las actividades tur\u00edsticas en el camino inca.<\/strong><\/em><\/span><\/p>\n<p style=\"text-align: justify;\"><span style=\"color: #333399;\"><em><strong>En tanto, el personal especializado se desplazar\u00e1 a las labores de recuperaci\u00f3n natural de ecosistemas, mantenimiento del patrimonio cultural y la infraestructura de los servicios, que se ofrecen a visitantes nacionales y extranjeros que acceden.<\/strong><\/em><\/span><\/p>\n<p style=\"text-align: justify;\"><span style=\"color: #800080;\"><em><strong>El ingreso de turistas a Machu Picchu, est\u00e1 suspendido desde el 21 de enero, tras el cierre de la ciudadela Inca por el Ministerio de Cultura (Mincul), a causa de la paralizaci\u00f3n indefinida que acata un sector de la poblaci\u00f3n.<\/strong><\/em><\/span><\/p>\n<p style=\"text-align: justify;\"><span style=\"color: #333399;\"><em><strong>Las empresas de tren PeruRail e IncaRail han suspendido sus operaciones, salvo para el abastecimiento de la poblaci\u00f3n con alimentos de primera necesidad, como se facilit\u00f3 la tarde de ayer, con apoyo de la Polic\u00eda Nacional.<\/strong><\/em><\/span><\/p>\n","protected":false},"excerpt":{"rendered":"<p>Labores se desarrollar\u00e1n del 1 al 28 de febrero CUSCO\/PERU\/30\/01\/2023E.- La Direcci\u00f3n Desconcentrada de Cultura (DDC) de Cusco y el Servicio Nacional de \u00c1reas Protegidas por el Estado (Sernanp), confirmaron que del 1 al 28 de febrero la red de Caminos Inca a la ciudadela Inca de Machu Picchu, ingresar\u00e1 en mantenimiento por lo que permanecer\u00e1 cerrado para los visitantes. En un comunicado, ambas jefaturas se dirigen a operadores tur\u00edsticos, agencias, gu\u00edas de turismo, personal de apoyo y p\u00fablico en general, el cierre temporal de este importante atractivo tur\u00edstico y cultural, en aplicaci\u00f3n al Reglamento de Uso Tur\u00edstico Sostenible de&#8230;<\/p>\n","protected":false},"author":1,"featured_media":59632,"comment_status":"open","ping_status":"open","sticky":false,"template":"","format":"standard","meta":{"footnotes":""},"categories":[4,82],"tags":[12446,10219,10556,134],"class_list":["post-59619","post","type-post","status-publish","format-standard","has-post-thumbnail","hentry","category-breaking-news","category-nacionales","tag-caminoinca","tag-semanarioturistamagazine","tag-turismagazine","tag-cusco"],"_links":{"self":[{"href":"https:\/\/www.turistamagazine.com\/v2\/index.php?rest_route=\/wp\/v2\/posts\/59619","targetHints":{"allow":["GET"]}}],"collection":[{"href":"https:\/\/www.turistamagazine.com\/v2\/index.php?rest_route=\/wp\/v2\/posts"}],"about":[{"href":"https:\/\/www.turistamagazine.com\/v2\/index.php?rest_route=\/wp\/v2\/types\/post"}],"author":[{"embeddable":true,"href":"https:\/\/www.turistamagazine.com\/v2\/index.php?rest_route=\/wp\/v2\/users\/1"}],"replies":[{"embeddable":true,"href":"https:\/\/www.turistamagazine.com\/v2\/index.php?rest_route=%2Fwp%2Fv2%2Fcomments&post=59619"}],"version-history":[{"count":1,"href":"https:\/\/www.turistamagazine.com\/v2\/index.php?rest_route=\/wp\/v2\/posts\/59619\/revisions"}],"predecessor-version":[{"id":59620,"href":"https:\/\/www.turistamagazine.com\/v2\/index.php?rest_route=\/wp\/v2\/posts\/59619\/revisions\/59620"}],"wp:featuredmedia":[{"embeddable":true,"href":"https:\/\/www.turistamagazine.com\/v2\/index.php?rest_route=\/wp\/v2\/media\/59632"}],"wp:attachment":[{"href":"https:\/\/www.turistamagazine.com\/v2\/index.php?rest_route=%2Fwp%2Fv2%2Fmedia&parent=59619"}],"wp:term":[{"taxonomy":"category","embeddable":true,"href":"https:\/\/www.turistamagazine.com\/v2\/index.php?rest_route=%2Fwp%2Fv2%2Fcategories&post=59619"},{"taxonomy":"post_tag","embeddable":true,"href":"https:\/\/www.turistamagazine.com\/v2\/index.php?rest_route=%2Fwp%2Fv2%2Ftags&post=59619"}],"curies":[{"name":"wp","href":"https:\/\/api.w.org\/{rel}","templated":true}]}}