{"id":59123,"date":"2022-12-18T06:32:07","date_gmt":"2022-12-18T11:32:07","guid":{"rendered":"https:\/\/www.turistamagazine.com\/v2\/?p=59123"},"modified":"2022-12-18T06:32:07","modified_gmt":"2022-12-18T11:32:07","slug":"cusco-trasladan-a-primer-grupo-de-200-turistas-varados-en-machu-picchu","status":"publish","type":"post","link":"https:\/\/www.turistamagazine.com\/v2\/?p=59123","title":{"rendered":"CUSCO: TRASLADAN A PRIMER GRUPO DE 200 TURISTAS VARADOS EN MACHU PICCHU"},"content":{"rendered":"<p style=\"text-align: center;\"><span style=\"color: #800080;\"><em><strong>Primeros 200 visitantes fueron evacuados en tren de Perurail<\/strong><\/em><\/span><\/p>\n<p style=\"text-align: justify;\"><span style=\"color: #333399;\"><em><strong>CUSCO\/PERU18\/12\/2022\/.-El\u00a0 s\u00e1bado 17 en la tarde comenz\u00f3 la evacuaci\u00f3n del primer grupo de 200 turistas que se encontraban varados en Machu Picchu a causa de las protestas y bloqueo de carreteras que afect\u00f3 a Cusco y otras regiones del pa\u00eds.<\/strong><\/em><\/span><\/p>\n<p style=\"text-align: justify;\"><span style=\"color: #333399;\"><em><strong>La empresa ferroviaria PeruRail traslada en trenes de emergencia a los turistas varados a causa de la paralizaci\u00f3n en el distrito de Machu Picchu Pueblo, confirm\u00f3 esta tarde a trav\u00e9s de un comunicado.<\/strong><\/em><\/span><\/p>\n<p style=\"text-align: justify;\"><span style=\"color: #333399;\"><em><strong>La labor de evacuaci\u00f3n comenz\u00f3 con 200 visitantes, luego que Ferrocarril Trasandino, consecionaria de la v\u00eda ferrea, dispusiera la habilitaci\u00f3n de la v\u00eda entre la estaci\u00f3n de Machu Picchu y el kil\u00f3metro 84.<\/strong><\/em><\/span><\/p>\n<p style=\"text-align: justify;\"><span style=\"color: #800080;\"><em><strong>El traslado de los visitantes, seg\u00fan se inform\u00f3, se desarrolla previa coordinaci\u00f3n con la Municipalidad de Machu Picchu, el embarque de personas en estos trenes, prioriza la atenci\u00f3n de personas de la tercera edad, personas con afecciones de salud y familias con ni\u00f1os.<\/strong><\/em><\/span><\/p>\n<p style=\"text-align: justify;\"><span style=\"color: #333399;\"><em><strong>Asimismo, en coordinaci\u00f3n con las autoridades locales, las personas evacuadas ser\u00e1n transportadas en buses desde la comunidad de Piscacucho hasta la ciudad del Cusco.<\/strong><\/em><\/span><\/p>\n<p style=\"text-align: justify;\"><span style=\"color: #800080;\"><em><strong>\u00abLamentamos la interrupci\u00f3n de nuestros servicios de tren desde el martes 13, ocasionado por una situaci\u00f3n ajena a la voluntad de nuestra empresa y con esta medida buscamos apoyar a las personas varadas en Machu Picchu como consecuencia de las manifestaciones de protesta en el marco del paro indefinido acatado en Cusco\u00bb, se\u00f1ala el documento.<\/strong><\/em><\/span><\/p>\n<p style=\"text-align: justify;\"><span style=\"color: #333399;\"><em><strong>Tambi\u00e9n informan que a\u00fan no se ha confirmado la operaci\u00f3n ferroviaria regular; por lo que, en cuanto se tenga la autorizaci\u00f3n del concesionario para reanudar operaciones se comunicar\u00e1 el restablecimiento de la operaci\u00f3n de trenes.<\/strong><\/em><\/span><\/p>\n<p style=\"text-align: justify;\"><span style=\"color: #800080;\"><em><strong>En tanto, Ferrocarril Transandino S.A., concesionario de la v\u00eda f\u00e9rrea, inform\u00f3 que tras la verificaci\u00f3n de la v\u00eda f\u00e9rrea desde la estaci\u00f3n Machu Picchu, se comprobaron da\u00f1os en la infraestructura\u00a0 ferroviaria, pero resaltaron que entre Machu Picchu y el kil\u00f3metro 84 la v\u00eda f\u00e9rrea est\u00e1 apta para el transporte.<\/strong><\/em><\/span><\/p>\n","protected":false},"excerpt":{"rendered":"<p>Primeros 200 visitantes fueron evacuados en tren de Perurail CUSCO\/PERU18\/12\/2022\/.-El\u00a0 s\u00e1bado 17 en la tarde comenz\u00f3 la evacuaci\u00f3n del primer grupo de 200 turistas que se encontraban varados en Machu Picchu a causa de las protestas y bloqueo de carreteras que afect\u00f3 a Cusco y otras regiones del pa\u00eds. La empresa ferroviaria PeruRail traslada en trenes de emergencia a los turistas varados a causa de la paralizaci\u00f3n en el distrito de Machu Picchu Pueblo, confirm\u00f3 esta tarde a trav\u00e9s de un comunicado. La labor de evacuaci\u00f3n comenz\u00f3 con 200 visitantes, luego que Ferrocarril Trasandino, consecionaria de la v\u00eda ferrea, dispusiera&#8230;<\/p>\n","protected":false},"author":1,"featured_media":0,"comment_status":"open","ping_status":"open","sticky":false,"template":"","format":"standard","meta":{"footnotes":""},"categories":[4,82],"tags":[],"class_list":["post-59123","post","type-post","status-publish","format-standard","hentry","category-breaking-news","category-nacionales"],"_links":{"self":[{"href":"https:\/\/www.turistamagazine.com\/v2\/index.php?rest_route=\/wp\/v2\/posts\/59123","targetHints":{"allow":["GET"]}}],"collection":[{"href":"https:\/\/www.turistamagazine.com\/v2\/index.php?rest_route=\/wp\/v2\/posts"}],"about":[{"href":"https:\/\/www.turistamagazine.com\/v2\/index.php?rest_route=\/wp\/v2\/types\/post"}],"author":[{"embeddable":true,"href":"https:\/\/www.turistamagazine.com\/v2\/index.php?rest_route=\/wp\/v2\/users\/1"}],"replies":[{"embeddable":true,"href":"https:\/\/www.turistamagazine.com\/v2\/index.php?rest_route=%2Fwp%2Fv2%2Fcomments&post=59123"}],"version-history":[{"count":1,"href":"https:\/\/www.turistamagazine.com\/v2\/index.php?rest_route=\/wp\/v2\/posts\/59123\/revisions"}],"predecessor-version":[{"id":59125,"href":"https:\/\/www.turistamagazine.com\/v2\/index.php?rest_route=\/wp\/v2\/posts\/59123\/revisions\/59125"}],"wp:attachment":[{"href":"https:\/\/www.turistamagazine.com\/v2\/index.php?rest_route=%2Fwp%2Fv2%2Fmedia&parent=59123"}],"wp:term":[{"taxonomy":"category","embeddable":true,"href":"https:\/\/www.turistamagazine.com\/v2\/index.php?rest_route=%2Fwp%2Fv2%2Fcategories&post=59123"},{"taxonomy":"post_tag","embeddable":true,"href":"https:\/\/www.turistamagazine.com\/v2\/index.php?rest_route=%2Fwp%2Fv2%2Ftags&post=59123"}],"curies":[{"name":"wp","href":"https:\/\/api.w.org\/{rel}","templated":true}]}}