{"id":59056,"date":"2022-12-13T18:04:35","date_gmt":"2022-12-13T23:04:35","guid":{"rendered":"https:\/\/www.turistamagazine.com\/v2\/?p=59056"},"modified":"2022-12-13T18:04:35","modified_gmt":"2022-12-13T23:04:35","slug":"latam-se-acerca-a-niveles-pre-pandemia-y-proyecta-un-85-de-operacion-para-el-cierre-de-ano","status":"publish","type":"post","link":"https:\/\/www.turistamagazine.com\/v2\/?p=59056","title":{"rendered":"LATAM SE ACERCA A NIVELES PRE PANDEMIA Y PROYECTA UN 85% DE OPERACI\u00d3N PARA EL CIERRE DE A\u00d1O"},"content":{"rendered":"<p style=\"text-align: justify;\"><span style=\"color: #333399;\"><em><strong>CHILE\/ 13\/12\/2023.- El grupo LATAM proyecta una operaci\u00f3n de pasajeros de un 85% para diciembre \u00a0(medida en asientos-kil\u00f3metros disponibles \u2013 ASK) respecto de igual periodo de 2019, confirmando su estimaci\u00f3n de cara al cierre del a\u00f1o y acerc\u00e1ndose a niveles operacionales pre pandemia. De esta forma, el grupo prev\u00e9 operar aproximadamente 1.370 vuelos diarios nacionales e internacionales durante el mes, conectando 144 destinos en 22 pa\u00edses. El negocio de carga, en tanto, tiene programados m\u00e1s de 1.540 vuelos.<\/strong><\/em><\/span><\/p>\n<p style=\"text-align: justify;\"><span style=\"color: #333399;\"><em><strong>Entre las novedades del per\u00edodo est\u00e1 la reactivaci\u00f3n de la ruta estacional Santiago \u2013 Florian\u00f3polis y el inicio de la venta de rutas emblem\u00e1ticas que vuelven a mediados del 2023, como Sao Paulo (GRU)-Johannesburgo, Bras\u00edlia-Lima y Porto Alegre-Santiago. El negocio de Carga, en tanto, acumula cinco meses consecutivos con una proyecci\u00f3n de capacidad superior a los n\u00fameros pre pandemia, con una estimaci\u00f3n para este mes de 116% frente a los datos de 2019.<\/strong><\/em><\/span><\/p>\n<p style=\"text-align: justify;\"><span style=\"color: #333399;\"><em><strong>En noviembre de 2022, el tr\u00e1fico de pasajeros (medido en pasajeros-kil\u00f3metros rentados \u2013 RPK) fue de 82,4% en relaci\u00f3n al mismo per\u00edodo de 2019, basado en una operaci\u00f3n medida en ASK (asientos-kil\u00f3metros disponibles) de un 82,4% comparada con noviembre de 2019. Esto implic\u00f3 que el factor de ocupaci\u00f3n se mantuviera en 82,6%.<\/strong><\/em><\/span><\/p>\n<p style=\"text-align: justify;\"><span style=\"color: #333399;\"><em><strong>En carga, el factor de ocupaci\u00f3n fue de 54,1%, lo que corresponde a una disminuci\u00f3n de 3,2 puntos porcentuales en relaci\u00f3n a noviembre de 2019.<\/strong><\/em><\/span><\/p>\n<p style=\"text-align: justify;\"><span style=\"color: #333399;\"><em><strong>F\/ grupo LATAM \u2013 Diciembre 2022<\/strong><\/em><\/span><\/p>\n","protected":false},"excerpt":{"rendered":"<p>CHILE\/ 13\/12\/2023.- El grupo LATAM proyecta una operaci\u00f3n de pasajeros de un 85% para diciembre \u00a0(medida en asientos-kil\u00f3metros disponibles \u2013 ASK) respecto de igual periodo de 2019, confirmando su estimaci\u00f3n de cara al cierre del a\u00f1o y acerc\u00e1ndose a niveles operacionales pre pandemia. De esta forma, el grupo prev\u00e9 operar aproximadamente 1.370 vuelos diarios nacionales e internacionales durante el mes, conectando 144 destinos en 22 pa\u00edses. El negocio de carga, en tanto, tiene programados m\u00e1s de 1.540 vuelos. Entre las novedades del per\u00edodo est\u00e1 la reactivaci\u00f3n de la ruta estacional Santiago \u2013 Florian\u00f3polis y el inicio de la venta de&#8230;<\/p>\n","protected":false},"author":1,"featured_media":57517,"comment_status":"open","ping_status":"open","sticky":false,"template":"","format":"standard","meta":{"footnotes":""},"categories":[4,84],"tags":[10998,10219,10556],"class_list":["post-59056","post","type-post","status-publish","format-standard","has-post-thumbnail","hentry","category-breaking-news","category-internacionales","tag-latamairlinesgroup","tag-semanarioturistamagazine","tag-turismagazine"],"_links":{"self":[{"href":"https:\/\/www.turistamagazine.com\/v2\/index.php?rest_route=\/wp\/v2\/posts\/59056","targetHints":{"allow":["GET"]}}],"collection":[{"href":"https:\/\/www.turistamagazine.com\/v2\/index.php?rest_route=\/wp\/v2\/posts"}],"about":[{"href":"https:\/\/www.turistamagazine.com\/v2\/index.php?rest_route=\/wp\/v2\/types\/post"}],"author":[{"embeddable":true,"href":"https:\/\/www.turistamagazine.com\/v2\/index.php?rest_route=\/wp\/v2\/users\/1"}],"replies":[{"embeddable":true,"href":"https:\/\/www.turistamagazine.com\/v2\/index.php?rest_route=%2Fwp%2Fv2%2Fcomments&post=59056"}],"version-history":[{"count":1,"href":"https:\/\/www.turistamagazine.com\/v2\/index.php?rest_route=\/wp\/v2\/posts\/59056\/revisions"}],"predecessor-version":[{"id":59057,"href":"https:\/\/www.turistamagazine.com\/v2\/index.php?rest_route=\/wp\/v2\/posts\/59056\/revisions\/59057"}],"wp:featuredmedia":[{"embeddable":true,"href":"https:\/\/www.turistamagazine.com\/v2\/index.php?rest_route=\/wp\/v2\/media\/57517"}],"wp:attachment":[{"href":"https:\/\/www.turistamagazine.com\/v2\/index.php?rest_route=%2Fwp%2Fv2%2Fmedia&parent=59056"}],"wp:term":[{"taxonomy":"category","embeddable":true,"href":"https:\/\/www.turistamagazine.com\/v2\/index.php?rest_route=%2Fwp%2Fv2%2Fcategories&post=59056"},{"taxonomy":"post_tag","embeddable":true,"href":"https:\/\/www.turistamagazine.com\/v2\/index.php?rest_route=%2Fwp%2Fv2%2Ftags&post=59056"}],"curies":[{"name":"wp","href":"https:\/\/api.w.org\/{rel}","templated":true}]}}