{"id":59026,"date":"2022-12-08T10:46:44","date_gmt":"2022-12-08T15:46:44","guid":{"rendered":"https:\/\/www.turistamagazine.com\/v2\/?p=59026"},"modified":"2022-12-08T10:46:44","modified_gmt":"2022-12-08T15:46:44","slug":"capatur-saluda-a-la-nueva-presidenta-de-la-republica-dina-boluarte-y-el-total-respeto-del-orden-constitucional","status":"publish","type":"post","link":"https:\/\/www.turistamagazine.com\/v2\/?p=59026","title":{"rendered":"CAPATUR SALUDA A LA NUEVA PRESIDENTA DE LA REP\u00daBLICA, DINA BOLUARTE Y EL TOTAL RESPETO DEL ORDEN CONSTITUCIONAL"},"content":{"rendered":"<p style=\"text-align: center;\"><span style=\"color: #800080;\"><em><strong>CAPATUR se pronuncia en favor de la m\u00e1s amplia unidad, un poder ejecutivo con ministros que conozcan plenamente su sector.<\/strong><\/em><\/span><\/p>\n<p style=\"text-align: center;\"><span style=\"color: #800080;\"><em><strong>En ese sentido, pide la designaci\u00f3n de un ministro que tenga pleno conocimiento de la actividad tur\u00edstica.<\/strong><\/em><\/span><\/p>\n<p style=\"text-align: justify;\"><em><strong><span style=\"color: #333399;\">PARACAS\/PER\u00da\/08\/12\/2023.-La C\u00e1mara de Turismo y Comercio Exterior de Paracas (CAPATUR) salud\u00f3 a la Presidenta de La Rep\u00fablica, Dina Boluarte, respetando el orden constitucional y evitar el resquebrajamiento de nuestro pa\u00eds.<\/span><\/strong><\/em><\/p>\n<p style=\"text-align: justify;\"><em><strong><span style=\"color: #333399;\">Su titular, Eduardo J\u00e1uregui expres\u00f3 su satisfacci\u00f3n por la m\u00e1s amplia unidad para gobernar, planteada por la nueva mandataria durante su mensaje a la naci\u00f3n, tras su juramentaci\u00f3n.<\/span><\/strong><\/em><\/p>\n<p style=\"text-align: justify;\"><em><strong><span style=\"color: #333399;\"><span style=\"color: #800080;\">\u201cDebemos unir esfuerzos y que sea un punto de quiebre para que el Per\u00fa recoja la unidad, que se crea un buen Poder Ejecutivo con ministros de amplia base y mantener el crecimiento econ\u00f3mico del pa\u00eds, sobre todo, combatir la extrema pobreza, as\u00ed como erradicar la corrupci\u00f3n en todos los estamentos p\u00fablicos\u201d<\/span>, manifest\u00f3.<\/span><\/strong><\/em><\/p>\n<p><a href=\"https:\/\/www.turistamagazine.com\/v2\/wp-content\/uploads\/2022\/01\/aeropuerto-Pisco.jpg\"><img decoding=\"async\" class=\"wp-image-54830\" src=\"https:\/\/www.turistamagazine.com\/v2\/wp-content\/uploads\/2022\/01\/aeropuerto-Pisco.jpg\" alt=\"\" width=\"630\" height=\"420\" srcset=\"https:\/\/www.turistamagazine.com\/v2\/wp-content\/uploads\/2022\/01\/aeropuerto-Pisco.jpg 800w, https:\/\/www.turistamagazine.com\/v2\/wp-content\/uploads\/2022\/01\/aeropuerto-Pisco-300x200.jpg 300w, https:\/\/www.turistamagazine.com\/v2\/wp-content\/uploads\/2022\/01\/aeropuerto-Pisco-768x512.jpg 768w, https:\/\/www.turistamagazine.com\/v2\/wp-content\/uploads\/2022\/01\/aeropuerto-Pisco-630x420.jpg 630w, https:\/\/www.turistamagazine.com\/v2\/wp-content\/uploads\/2022\/01\/aeropuerto-Pisco-610x406.jpg 610w\" sizes=\"(max-width: 630px) 100vw, 630px\" \/><\/a><\/p>\n<p><span style=\"color: #333399;\"><span style=\"font-size: 14px;\"><b><i>\u00a0Aeropuerto <\/i><\/b><\/span><\/span><em style=\"font-size: 14px;\"><strong><span style=\"color: #333399;\">Internacional <span style=\"color: #800080;\">\u201cCapit\u00e1n FAP Ren\u00e1n El\u00edas Olivera\u201d de Pisco<\/span><\/span><\/strong><\/em><\/p>\n<p style=\"text-align: justify;\"><em><strong><span style=\"color: #333399;\">\u00a0Al ser consultado sobre la actividad tur\u00edstica, se pronunci\u00f3 a favor de nombrar a un ministro que tenga pleno conocimiento del sector para su debido desarrollo.<\/span><\/strong><\/em><\/p>\n<p style=\"text-align: justify;\"><em><strong><span style=\"color: #333399;\">Finalmente, J\u00e1uregui indic\u00f3 que el nuevo titular de Transportes deber\u00e1 hacer esfuerzos para poner en funcionamiento el aeropuerto internacional Aeropuerto Internacional <span style=\"color: #800080;\">\u201cCapit\u00e1n FAP Ren\u00e1n El\u00edas Olivera\u201d de Pisco, como terminal alterno al aeropuerto internacional \u201cJorge Ch\u00e1vez\u201d del Callao.<\/span><\/span><\/strong><\/em><\/p>\n<p style=\"text-align: justify;\"><em><strong><span style=\"color: #333399;\"><span style=\"color: #800080;\">\u201cSer\u00e1 una de las grandes responsabilidades que tendr\u00e1 el ministro de Transportes y Comunicaciones\u201d,<\/span> finaliz\u00f3.<\/span><\/strong><\/em><\/p>\n<p style=\"text-align: justify;\">\n<p style=\"text-align: justify;\"><em><strong><span style=\"color: #333399;\">Paracas, 08 de diciembre de 2022<\/span><\/strong><\/em><\/p>\n<p style=\"text-align: justify;\"><em><strong><span style=\"color: #333399;\">Oficina de Prensa e Imagen<\/span><\/strong><\/em><\/p>\n<p style=\"text-align: justify;\"><em><strong><span style=\"color: #333399;\">CAPATUR<\/span><\/strong><\/em><\/p>\n","protected":false},"excerpt":{"rendered":"<p>CAPATUR se pronuncia en favor de la m\u00e1s amplia unidad, un poder ejecutivo con ministros que conozcan plenamente su sector. En ese sentido, pide la designaci\u00f3n de un ministro que tenga pleno conocimiento de la actividad tur\u00edstica. PARACAS\/PER\u00da\/08\/12\/2023.-La C\u00e1mara de Turismo y Comercio Exterior de Paracas (CAPATUR) salud\u00f3 a la Presidenta de La Rep\u00fablica, Dina Boluarte, respetando el orden constitucional y evitar el resquebrajamiento de nuestro pa\u00eds. Su titular, Eduardo J\u00e1uregui expres\u00f3 su satisfacci\u00f3n por la m\u00e1s amplia unidad para gobernar, planteada por la nueva mandataria durante su mensaje a la naci\u00f3n, tras su juramentaci\u00f3n. \u201cDebemos unir esfuerzos y que&#8230;<\/p>\n","protected":false},"author":1,"featured_media":53392,"comment_status":"open","ping_status":"open","sticky":false,"template":"","format":"standard","meta":{"footnotes":""},"categories":[4,82],"tags":[10639,10219,10556,7055],"class_list":["post-59026","post","type-post","status-publish","format-standard","has-post-thumbnail","hentry","category-breaking-news","category-nacionales","tag-eduardojauregui","tag-semanarioturistamagazine","tag-turismagazine","tag-capatur"],"_links":{"self":[{"href":"https:\/\/www.turistamagazine.com\/v2\/index.php?rest_route=\/wp\/v2\/posts\/59026","targetHints":{"allow":["GET"]}}],"collection":[{"href":"https:\/\/www.turistamagazine.com\/v2\/index.php?rest_route=\/wp\/v2\/posts"}],"about":[{"href":"https:\/\/www.turistamagazine.com\/v2\/index.php?rest_route=\/wp\/v2\/types\/post"}],"author":[{"embeddable":true,"href":"https:\/\/www.turistamagazine.com\/v2\/index.php?rest_route=\/wp\/v2\/users\/1"}],"replies":[{"embeddable":true,"href":"https:\/\/www.turistamagazine.com\/v2\/index.php?rest_route=%2Fwp%2Fv2%2Fcomments&post=59026"}],"version-history":[{"count":1,"href":"https:\/\/www.turistamagazine.com\/v2\/index.php?rest_route=\/wp\/v2\/posts\/59026\/revisions"}],"predecessor-version":[{"id":59027,"href":"https:\/\/www.turistamagazine.com\/v2\/index.php?rest_route=\/wp\/v2\/posts\/59026\/revisions\/59027"}],"wp:featuredmedia":[{"embeddable":true,"href":"https:\/\/www.turistamagazine.com\/v2\/index.php?rest_route=\/wp\/v2\/media\/53392"}],"wp:attachment":[{"href":"https:\/\/www.turistamagazine.com\/v2\/index.php?rest_route=%2Fwp%2Fv2%2Fmedia&parent=59026"}],"wp:term":[{"taxonomy":"category","embeddable":true,"href":"https:\/\/www.turistamagazine.com\/v2\/index.php?rest_route=%2Fwp%2Fv2%2Fcategories&post=59026"},{"taxonomy":"post_tag","embeddable":true,"href":"https:\/\/www.turistamagazine.com\/v2\/index.php?rest_route=%2Fwp%2Fv2%2Ftags&post=59026"}],"curies":[{"name":"wp","href":"https:\/\/api.w.org\/{rel}","templated":true}]}}