{"id":58880,"date":"2022-11-19T10:46:15","date_gmt":"2022-11-19T15:46:15","guid":{"rendered":"https:\/\/www.turistamagazine.com\/v2\/?p=58880"},"modified":"2022-11-19T10:46:16","modified_gmt":"2022-11-19T15:46:16","slug":"latam-vuelo-la-2213-estaba-en-optimas-condiciones-y-no-solicito-asistencia-de-bomberos","status":"publish","type":"post","link":"https:\/\/www.turistamagazine.com\/v2\/?p=58880","title":{"rendered":"LATAM: VUELO LA 2213 ESTABA EN \u00d3PTIMAS CONDICIONES Y NO SOLICIT\u00d3 ASISTENCIA DE BOMBEROS"},"content":{"rendered":"<p style=\"text-align: center;\"><span style=\"color: #800080;\"><em><strong>Aerol\u00ednea espera resultados de investigaci\u00f3n tras colisi\u00f3n con veh\u00edculos de bomberos<\/strong><\/em><\/span><\/p>\n<p style=\"text-align: justify;\"><span style=\"color: #333399;\"><em><strong>CALLAO\/LIMA\/19\/11\/2023\/El vuelo LA 2213 que colision\u00f3 con un veh\u00edculo de los bomberos en el aeropuerto Jorge Ch\u00e1vez estaba en condiciones \u00f3ptimas para despegar y no hab\u00eda solicitado ninguna asistencia de los bomberos, sostuvo esta noche el CEO de Latam Airlines Per\u00fa, Manuel Van Oordt.<\/strong><\/em><\/span><\/p>\n<p style=\"text-align: justify;\"><span style=\"color: #333399;\"><em><strong>En declaraciones a la prensa, el ejecutivo de Latam se\u00f1al\u00f3 que est\u00e1n esperando el resultado de las investigaciones para esclarecer por qu\u00e9 el cami\u00f3n de bomberos \u00abestaba en la pista de aterrizaje en el momento en que no deb\u00eda estar\u00bb.<\/strong><\/em><\/span><\/p>\n<p style=\"text-align: justify;\"><span style=\"color: #800080;\"><em><strong>\u00abNo se report\u00f3 ninguna emergencia dentro del vuelo, es un vuelo que estaba en condiciones \u00f3ptimas para despegar, ten\u00eda autorizaci\u00f3n y se encontr\u00f3 con un cami\u00f3n en la pista de aterrizaje. No sabemos qu\u00e9 hac\u00eda all\u00ed, se tiene que investigar\u00bb.<\/strong><\/em><\/span><\/p>\n<p style=\"text-align: justify;\"><span style=\"color: #333399;\"><em><strong>Van Oordt dijo que desconoc\u00eda si hubo un simulacro de los bomberos en el aeropuerto y que se enter\u00f3 de ello por las redes sociales despu\u00e9s del accidente, que tuvo lugar alrededor de las 14:48 horas.<\/strong><\/em><\/span><\/p>\n<p style=\"text-align: justify;\"><span style=\"color: #333399;\"><em><strong>Respecto a la funci\u00f3n de la torre de control del aeropuerto, refiri\u00f3 que \u00e9sta brinda autorizaci\u00f3n para cualquier ingreso en la pista de aterrizaje. <span style=\"color: #800080;\">\u00abTodo el movimiento en el aeropuerto es autorizado por la torre de control. Estamos esperando que las investigaciones esclarezcan lo que pas\u00f3\u00bb.<\/span><\/strong><\/em><\/span><\/p>\n<p style=\"text-align: justify;\"><span style=\"color: #333399;\"><em><strong>Destac\u00f3 que ninguno de los 102 pasajeros que iban a bordo del avi\u00f3n que ten\u00eda como destino Juliaca result\u00f3 herido aunque, aclar\u00f3, por precauci\u00f3n, todos fueron llevados a centros de salud.<\/strong><\/em><\/span><\/p>\n<div id=\"attachment_58883\" style=\"width: 640px\" class=\"wp-caption aligncenter\"><a href=\"https:\/\/www.turistamagazine.com\/v2\/wp-content\/uploads\/2022\/11\/cARRO-DEBOMBEROS.jpg\"><img decoding=\"async\" aria-describedby=\"caption-attachment-58883\" class=\"wp-image-58883\" src=\"https:\/\/www.turistamagazine.com\/v2\/wp-content\/uploads\/2022\/11\/cARRO-DEBOMBEROS.jpg\" alt=\"\" width=\"630\" height=\"420\" srcset=\"https:\/\/www.turistamagazine.com\/v2\/wp-content\/uploads\/2022\/11\/cARRO-DEBOMBEROS.jpg 500w, https:\/\/www.turistamagazine.com\/v2\/wp-content\/uploads\/2022\/11\/cARRO-DEBOMBEROS-300x200.jpg 300w\" sizes=\"(max-width: 630px) 100vw, 630px\" \/><\/a><p id=\"caption-attachment-58883\" class=\"wp-caption-text\"><em><strong><span style=\"color: #333399;\">Lamentablemente este accidente ha dejado dos Bomberos muertos y dos gravemente heridos<\/span><\/strong><\/em><\/p><\/div>\n<p style=\"text-align: justify;\"><span style=\"color: #333399;\"><em><strong>Pidi\u00f3 paciencia a los pasajeros para reprogramar sus vuelos y dijo que habr\u00e1 flexibilidad para aquellos que deseen cambiar sus vuelos sin costos adicionales. <span style=\"color: #800080;\">\u00abCada caso es distinto, se asumir\u00e1n los gastos, estamos ofreciendo facilidades\u00bb.<\/span><\/strong><\/em><\/span><\/p>\n<p style=\"text-align: justify;\"><span style=\"color: #800080;\"><em><strong>200 vuelos cancelados<\/strong><\/em><\/span><\/p>\n<p style=\"text-align: justify;\"><span style=\"color: #800080;\"><em><strong>Asimismo, el CEO de Latam Airlines Per\u00fa inform\u00f3 que a ra\u00edz del accidente ocurrido AYER en el aeropuerto Jorge Ch\u00e1vez se cancelaron cerca de 200 vuelos. \u00abUn d\u00eda entero de cancelaciones equivale a cerca de 200 vuelos afectados operados desde Latam\u00bb.<\/strong><\/em><\/span><\/p>\n<p style=\"text-align: justify;\"><span style=\"color: #333399;\"><em><strong>Dijo igualmente que los t\u00e9cnicos har\u00e1n una revisi\u00f3n integral de la aeronave siniestrada y decidir finalmente si se le da de baja o se vuelve a utilizar.<\/strong><\/em><\/span><\/p>\n<p style=\"text-align: justify;\"><span style=\"color: #333399;\"><em><strong>Cabe indicar que las operaciones en el Aeropuerto Internacional Jorge Ch\u00e1vez estar\u00e1n suspendidas hasta el s\u00e1bado, 19 de noviembre, a las 13:00 horas.<\/strong><\/em><\/span><\/p>\n<p style=\"text-align: justify;\"><span style=\"color: #800080;\"><em><strong>Lima Airport Partners, operador del terminal a\u00e9reo, recomend\u00f3 a los pasajeros contactar con sus respectivas aerol\u00edneas para gestionar la reprogramaci\u00f3n de sus vuelos.<\/strong><\/em><\/span><\/p>\n<p>F\/ Andina<\/p>\n","protected":false},"excerpt":{"rendered":"<p>Aerol\u00ednea espera resultados de investigaci\u00f3n tras colisi\u00f3n con veh\u00edculos de bomberos CALLAO\/LIMA\/19\/11\/2023\/El vuelo LA 2213 que colision\u00f3 con un veh\u00edculo de los bomberos en el aeropuerto Jorge Ch\u00e1vez estaba en condiciones \u00f3ptimas para despegar y no hab\u00eda solicitado ninguna asistencia de los bomberos, sostuvo esta noche el CEO de Latam Airlines Per\u00fa, Manuel Van Oordt. En declaraciones a la prensa, el ejecutivo de Latam se\u00f1al\u00f3 que est\u00e1n esperando el resultado de las investigaciones para esclarecer por qu\u00e9 el cami\u00f3n de bomberos \u00abestaba en la pista de aterrizaje en el momento en que no deb\u00eda estar\u00bb. \u00abNo se report\u00f3 ninguna emergencia&#8230;<\/p>\n","protected":false},"author":1,"featured_media":58882,"comment_status":"open","ping_status":"open","sticky":false,"template":"","format":"standard","meta":{"footnotes":""},"categories":[4,82],"tags":[11846,10219,6938,321],"class_list":["post-58880","post","type-post","status-publish","format-standard","has-post-thumbnail","hentry","category-breaking-news","category-nacionales","tag-elenatejeradirectora","tag-semanarioturistamagazine","tag-latam-airlines-peru","tag-lima"],"_links":{"self":[{"href":"https:\/\/www.turistamagazine.com\/v2\/index.php?rest_route=\/wp\/v2\/posts\/58880","targetHints":{"allow":["GET"]}}],"collection":[{"href":"https:\/\/www.turistamagazine.com\/v2\/index.php?rest_route=\/wp\/v2\/posts"}],"about":[{"href":"https:\/\/www.turistamagazine.com\/v2\/index.php?rest_route=\/wp\/v2\/types\/post"}],"author":[{"embeddable":true,"href":"https:\/\/www.turistamagazine.com\/v2\/index.php?rest_route=\/wp\/v2\/users\/1"}],"replies":[{"embeddable":true,"href":"https:\/\/www.turistamagazine.com\/v2\/index.php?rest_route=%2Fwp%2Fv2%2Fcomments&post=58880"}],"version-history":[{"count":1,"href":"https:\/\/www.turistamagazine.com\/v2\/index.php?rest_route=\/wp\/v2\/posts\/58880\/revisions"}],"predecessor-version":[{"id":58884,"href":"https:\/\/www.turistamagazine.com\/v2\/index.php?rest_route=\/wp\/v2\/posts\/58880\/revisions\/58884"}],"wp:featuredmedia":[{"embeddable":true,"href":"https:\/\/www.turistamagazine.com\/v2\/index.php?rest_route=\/wp\/v2\/media\/58882"}],"wp:attachment":[{"href":"https:\/\/www.turistamagazine.com\/v2\/index.php?rest_route=%2Fwp%2Fv2%2Fmedia&parent=58880"}],"wp:term":[{"taxonomy":"category","embeddable":true,"href":"https:\/\/www.turistamagazine.com\/v2\/index.php?rest_route=%2Fwp%2Fv2%2Fcategories&post=58880"},{"taxonomy":"post_tag","embeddable":true,"href":"https:\/\/www.turistamagazine.com\/v2\/index.php?rest_route=%2Fwp%2Fv2%2Ftags&post=58880"}],"curies":[{"name":"wp","href":"https:\/\/api.w.org\/{rel}","templated":true}]}}