{"id":58844,"date":"2022-11-17T17:42:20","date_gmt":"2022-11-17T22:42:20","guid":{"rendered":"https:\/\/www.turistamagazine.com\/v2\/?p=58844"},"modified":"2022-11-17T17:42:20","modified_gmt":"2022-11-17T22:42:20","slug":"mundial-de-qatar-2022-finalmente-shakira-tampoco-sera-parte-del-numero-inaugural","status":"publish","type":"post","link":"https:\/\/www.turistamagazine.com\/v2\/?p=58844","title":{"rendered":"MUNDIAL DE QATAR 2022: FINALMENTE, SHAKIRA TAMPOCO SER\u00c1 PARTE DEL N\u00daMERO INAUGURAL"},"content":{"rendered":"<p><strong>Cr\u00e9ditos: @Mike Egerton &#8211; EMPICS<\/strong><\/p>\n<p style=\"text-align: justify;\"><span style=\"color: #333399;\"><em><strong>QATAR\/17\/11\/2022.- Era solo un rumor, pero todo indicaba que Shakira ser\u00eda parte del n\u00famero inaugural de Qatar 2022. La cantante colombiana completar\u00eda as\u00ed la seguidilla de shows en aperturas de campeonatos mundiales que se inici\u00f3 en Alemania 2006, sigui\u00f3 en Sud\u00e1frica 2010 -con el hit \u201cWaka Waka\u201d a cuestas- y la condujo luego a Brasil 2014. Sin embargo, este jueves, fuentes de su entorno desmintieron a la agencia EFE su presencia en el escenario que se montar\u00e1 este domingo en el estadio Al Bayt, en Doha.<\/strong><\/em><\/span><\/p>\n<p style=\"text-align: justify;\"><span style=\"color: #333399;\"><em><strong>Pese a que nunca se la incluy\u00f3 oficialmente en el line up de artistas que formar\u00e1n parte del show inaugural, se especulaba con que Shakira y J. Balvin ser\u00edan una de las grandes sorpresas de la jornada. Llam\u00f3 la atenci\u00f3n, sin embargo, el sostenido silencio de la colombiana, que eligi\u00f3 no hacer comentario alguno frente a los rumores. Por el momento, se sabe que Jungkook (Jeon Jung-kook) de BTS, Black Eyed Peas, Nicki Minaj y Maluma ser\u00edan parte del show previo al partido que enfrentar\u00e1 a la selecci\u00f3n de Qatar con la de Ecuador.<\/strong><\/em><\/span><\/p>\n<p style=\"text-align: justify;\"><span style=\"color: #333399;\"><em><strong>El Mundial de Qatar no est\u00e1 exento de pol\u00e9micas. Las faltas graves en materia de derechos humanos, la vulneraci\u00f3n de libertades individuales y las extremas condiciones en las que trabajaron los obreros que construyeron los estadios de f\u00fatbol en los que se desarrollar\u00e1n los encuentros arrojan una sombra negra sobre el pa\u00eds del Golfo P\u00e9rsico. Por eso, a d\u00edas del partido inaugural, son varios los rostros conocidos que llamaron a boicotear el gran evento futbol\u00edstico.<\/strong><\/em><\/span><\/p>\n<p style=\"text-align: justify;\"><span style=\"color: #333399;\"><em><strong>Dua Lipa fue una de las primeras invitadas en negarse a participar por cuestiones morales: \u201cAnimar\u00e9 a Inglaterra desde la distancia y espero poder visitar Qatar cuando cumpla con las promesas que hizo de garantizar los derechos humanos cuando consigui\u00f3 organizar el Mundial\u201d, dijo a trav\u00e9s de sus historias de Instagram. Otra de las bajas fue la del cantante Rod Stewart, que tambi\u00e9n rechaz\u00f3 actuar en la ceremonia por motivos \u00e9ticos. El cantante ingl\u00e9s revel\u00f3 en una entrevista con el diario The Sunday Times que le llegaron a ofrecer un mill\u00f3n de d\u00f3lares por actuar: \u201cMe ofrecieron m\u00e1s de un mill\u00f3n de d\u00f3lares hace 15 meses por tocar. Lo rechac\u00e9. No me parec\u00eda correcto ir\u201d, afirm\u00f3. \u201cY los iran\u00edes tambi\u00e9n deber\u00edan dejar de suministrarles armas\u201d, a\u00f1adi\u00f3.(\u2026)<\/strong><\/em><\/span><\/p>\n<p style=\"text-align: justify;\"><span style=\"color: #800080;\"><em><strong>La \u00faltima presentaci\u00f3n de Shakira se dio en Brasil 2014, donde tambi\u00e9n fue la encargada de crear el tema oficial denominado \u201cLa La La\u201d. D\u00edas antes de la final del Mundial 2014, la FIFA inform\u00f3 la participaci\u00f3n de la cantante en la ceremonia de clausura antes del partido entre la Argentina y Alemania, el 13 de julio, en el m\u00edtico estadio Maracan\u00e1<\/strong><\/em><\/span><\/p>\n<p style=\"text-align: justify;\"><span style=\"color: #333399;\"><em><strong>Se esperaba que esta pudiera ser la cuarta vez que Shakira llevara su m\u00fasica a un show de apertura, pero al parecer todo qued\u00f3 en especulaciones. \u201cMe han confirmado que Shakira no va a actuar en la ceremonia de inauguraci\u00f3n, pero lo que no me confirman es que tenga alg\u00fan papel a lo largo del Mundial\u201d, inform\u00f3 Adriana Dorronsoro, periodista de El programa de Ana Rosa, esta semana. Por ahora, Shakira no hizo declaraciones oficiales al respecto; ni en su momento confirm\u00f3 su participaci\u00f3n en este show ni ahora comunic\u00f3 de manera directa haber rechazado la invitaci\u00f3n.<\/strong><\/em><\/span><\/p>\n<p>F\/Yahoo<\/p>\n","protected":false},"excerpt":{"rendered":"<p>Cr\u00e9ditos: @Mike Egerton &#8211; EMPICS QATAR\/17\/11\/2022.- Era solo un rumor, pero todo indicaba que Shakira ser\u00eda parte del n\u00famero inaugural de Qatar 2022. La cantante colombiana completar\u00eda as\u00ed la seguidilla de shows en aperturas de campeonatos mundiales que se inici\u00f3 en Alemania 2006, sigui\u00f3 en Sud\u00e1frica 2010 -con el hit \u201cWaka Waka\u201d a cuestas- y la condujo luego a Brasil 2014. Sin embargo, este jueves, fuentes de su entorno desmintieron a la agencia EFE su presencia en el escenario que se montar\u00e1 este domingo en el estadio Al Bayt, en Doha. Pese a que nunca se la incluy\u00f3 oficialmente en&#8230;<\/p>\n","protected":false},"author":1,"featured_media":58846,"comment_status":"open","ping_status":"open","sticky":false,"template":"","format":"standard","meta":{"footnotes":""},"categories":[4,84],"tags":[12324,10219,12325],"class_list":["post-58844","post","type-post","status-publish","format-standard","has-post-thumbnail","hentry","category-breaking-news","category-internacionales","tag-qatarmundialdefutbol","tag-semanarioturistamagazine","tag-shakiranovaalmundial"],"_links":{"self":[{"href":"https:\/\/www.turistamagazine.com\/v2\/index.php?rest_route=\/wp\/v2\/posts\/58844","targetHints":{"allow":["GET"]}}],"collection":[{"href":"https:\/\/www.turistamagazine.com\/v2\/index.php?rest_route=\/wp\/v2\/posts"}],"about":[{"href":"https:\/\/www.turistamagazine.com\/v2\/index.php?rest_route=\/wp\/v2\/types\/post"}],"author":[{"embeddable":true,"href":"https:\/\/www.turistamagazine.com\/v2\/index.php?rest_route=\/wp\/v2\/users\/1"}],"replies":[{"embeddable":true,"href":"https:\/\/www.turistamagazine.com\/v2\/index.php?rest_route=%2Fwp%2Fv2%2Fcomments&post=58844"}],"version-history":[{"count":1,"href":"https:\/\/www.turistamagazine.com\/v2\/index.php?rest_route=\/wp\/v2\/posts\/58844\/revisions"}],"predecessor-version":[{"id":58847,"href":"https:\/\/www.turistamagazine.com\/v2\/index.php?rest_route=\/wp\/v2\/posts\/58844\/revisions\/58847"}],"wp:featuredmedia":[{"embeddable":true,"href":"https:\/\/www.turistamagazine.com\/v2\/index.php?rest_route=\/wp\/v2\/media\/58846"}],"wp:attachment":[{"href":"https:\/\/www.turistamagazine.com\/v2\/index.php?rest_route=%2Fwp%2Fv2%2Fmedia&parent=58844"}],"wp:term":[{"taxonomy":"category","embeddable":true,"href":"https:\/\/www.turistamagazine.com\/v2\/index.php?rest_route=%2Fwp%2Fv2%2Fcategories&post=58844"},{"taxonomy":"post_tag","embeddable":true,"href":"https:\/\/www.turistamagazine.com\/v2\/index.php?rest_route=%2Fwp%2Fv2%2Ftags&post=58844"}],"curies":[{"name":"wp","href":"https:\/\/api.w.org\/{rel}","templated":true}]}}