{"id":58801,"date":"2022-11-16T13:51:47","date_gmt":"2022-11-16T18:51:47","guid":{"rendered":"https:\/\/www.turistamagazine.com\/v2\/?p=58801"},"modified":"2022-11-16T18:42:13","modified_gmt":"2022-11-16T23:42:13","slug":"turismo-un-pais-en-la-encrucijada","status":"publish","type":"post","link":"https:\/\/www.turistamagazine.com\/v2\/?p=58801","title":{"rendered":"TURISMO: UN PAIS EN LA ENCRUCIJADA"},"content":{"rendered":"<p style=\"text-align: center;\"><strong><em><span style=\"color: #333399;\">Diploma de visitante, un imperecedero recuerdo de nuestra visita all\u00e1 por los a\u00f1os setenta del pasado siglo, a la joya\u00a0 de la corona del turismo\u00a0 peruano, MACHUPICCHU.<\/span><\/em><\/strong><\/p>\n<p><em><span style=\"color: #800080;\"><strong>\u00abLa naci\u00f3n se encuentra ante una de las encrucijadas decisivas de su historia, que solo puede abordar asumiendo la responsabilidad sus dirigentes pol\u00edticos, empresariales y sociales\u00bb<\/strong><\/span><\/em><\/p>\n<h4 style=\"text-align: center;\"><strong>\u00a0<\/strong><span style=\"color: #333399;\"><strong>PER\u00da Y SUS VICISITUDES: UN EJEMPLO A ANALIZAR<\/strong><\/span><\/h4>\n<p><strong>\u00a0<\/strong><strong>Antonio-Pedro Tejera Reyes*<\/strong><\/p>\n<h4 style=\"text-align: center;\"><span style=\"color: #800080;\"><em><strong>UN PREAMBULO NECESARIO<\/strong><\/em><\/span><\/h4>\n<p style=\"text-align: justify;\"><span style=\"color: #333399;\"><em><strong>Conocimos Per\u00fa \u201cen vivo\u201d, en el a\u00f1o 1970 con motivo de nuestra asistencia al congreso internacional de la Confederaci\u00f3n de Organizaciones Tur\u00edsticas de Am\u00e9rica Latina, COTAL, la asociaci\u00f3n mas importante de turismo que exist\u00eda entonces que un\u00eda al mundo empresarial, especialmente al europeo y americano ya que el de otros continentes apenas exist\u00eda.<\/strong><\/em><\/span><\/p>\n<p style=\"text-align: justify;\"><span style=\"color: #800080;\"><em><strong>Nuestra inolvidable visita entonces, a este gran pa\u00eds la tenemos refrendada con un Diploma de haber visitado Machu Picchu.<\/strong><\/em><\/span><\/p>\n<p style=\"text-align: justify;\"><span style=\"color: #333399;\"><em><strong>Ni que decir que quedamos prendados de los innumerables atractivos tur\u00edsticos que nos fueron mostrado con los limitados medios existentes en aquellos tiempos, todo un preludio de lo que la tecnolog\u00eda ha avanzado, pero que por circunstancias que desconocemos, aunque sospechamos, no se ha aprovechado en Per\u00fa, para impulsar al pa\u00eds hac\u00eda el lugar que por sus recursos naturales y su historia le corresponde.<\/strong><\/em><\/span><\/p>\n<div id=\"attachment_58804\" style=\"width: 640px\" class=\"wp-caption aligncenter\"><a href=\"https:\/\/www.turistamagazine.com\/v2\/wp-content\/uploads\/2022\/11\/Antonio-Pedro-1970.jpg\"><img decoding=\"async\" aria-describedby=\"caption-attachment-58804\" class=\"wp-image-58804\" src=\"https:\/\/www.turistamagazine.com\/v2\/wp-content\/uploads\/2022\/11\/Antonio-Pedro-1970.jpg\" alt=\"\" width=\"630\" height=\"430\" srcset=\"https:\/\/www.turistamagazine.com\/v2\/wp-content\/uploads\/2022\/11\/Antonio-Pedro-1970.jpg 640w, https:\/\/www.turistamagazine.com\/v2\/wp-content\/uploads\/2022\/11\/Antonio-Pedro-1970-300x205.jpg 300w, https:\/\/www.turistamagazine.com\/v2\/wp-content\/uploads\/2022\/11\/Antonio-Pedro-1970-615x420.jpg 615w, https:\/\/www.turistamagazine.com\/v2\/wp-content\/uploads\/2022\/11\/Antonio-Pedro-1970-610x417.jpg 610w\" sizes=\"(max-width: 630px) 100vw, 630px\" \/><\/a><p id=\"caption-attachment-58804\" class=\"wp-caption-text\"><em><strong><span style=\"color: #333399;\">1970. En nuestra primera visita a Per\u00fa, con motivo del Congreso Internacional de la Confederaci\u00f3n de Organizaciones Tur\u00edsticas de Am\u00e9rica Latina, COTAL, posando para la posteridad en la Plaza San Mart\u00edn.<\/span><\/strong><\/em><\/p><\/div>\n<p style=\"text-align: justify;\"><span style=\"color: #333399;\"><em><strong><span style=\"color: #800080;\">\u201cUn pa\u00eds no es rico por lo que tiene. Es rico por lo que sus habitantes hacen con lo que tienen\u201d\u00a0\u00a0\u00a0 \u00a0<\/span>\u00a0\u00a0\u00a0<\/strong><\/em><\/span><\/p>\n<h4 style=\"text-align: center;\"><span style=\"color: #800080;\"><em><strong>UN APUNTE DE LA HISTORIA<\/strong><\/em><\/span><\/h4>\n<p style=\"text-align: justify;\"><span style=\"color: #333399;\"><em><strong>Ah\u00ed, precisamente en ese a\u00f1o 1970, el prestigioso economista espa\u00f1ol Manuel Funes Robert, descubrir\u00eda en uno de nuestro celebrado cursos de turismo en las Islas Canarias, que el turismo hab\u00eda dejado en Espa\u00f1a en los pasados a\u00f1os, un capital similar al famoso Plan Marshall, con el que los Estados Unidos de Am\u00e9rica hab\u00edan levantado a toda Europa despu\u00e9s de ser devastada en la II Guerra Mundial<\/strong><\/em><\/span><\/p>\n<div id=\"attachment_58808\" style=\"width: 640px\" class=\"wp-caption aligncenter\"><a href=\"https:\/\/www.turistamagazine.com\/v2\/wp-content\/uploads\/2022\/11\/Panama.jpg\"><img decoding=\"async\" aria-describedby=\"caption-attachment-58808\" class=\"wp-image-58808\" src=\"https:\/\/www.turistamagazine.com\/v2\/wp-content\/uploads\/2022\/11\/Panama.jpg\" alt=\"\" width=\"630\" height=\"432\" srcset=\"https:\/\/www.turistamagazine.com\/v2\/wp-content\/uploads\/2022\/11\/Panama.jpg 640w, https:\/\/www.turistamagazine.com\/v2\/wp-content\/uploads\/2022\/11\/Panama-300x206.jpg 300w, https:\/\/www.turistamagazine.com\/v2\/wp-content\/uploads\/2022\/11\/Panama-612x420.jpg 612w, https:\/\/www.turistamagazine.com\/v2\/wp-content\/uploads\/2022\/11\/Panama-610x418.jpg 610w\" sizes=\"(max-width: 630px) 100vw, 630px\" \/><\/a><p id=\"caption-attachment-58808\" class=\"wp-caption-text\"><span style=\"color: #333399;\"><em><strong>En Panam\u00e1, 1972, una de las primeras tribunas del conocimiento y la gesti\u00f3n tur\u00edstica de aquel entonces los congresos de la Confederaci\u00f3n de Organizaciones Tur\u00edsticas de Am\u00e9rica Latina, COTAL, de cuya asociaci\u00f3n, con sede en Buenos Aires, seguimos siendo miembro representativo, asistente a numerosos de sus encuentros en Am\u00e9rica, e incluso a la EUROCOTAL, celebrada en Viena, en 1974.<\/strong><\/em><\/span><\/p><\/div>\n<p style=\"text-align: justify;\"><span style=\"color: #333399;\"><em><strong>Era, ni mas ni menos, una realidad del poder del llamado entonces \u201cfen\u00f3meno tur\u00edstico\u201d que comenzaba a aflorar en la Am\u00e9rica Hispana auspiciado por los imponentes congresos de la COTAL que congregaban\u00a0 hasta 3.000 personas, ya que todas las grandes empresas tur\u00edsticas europeas se hac\u00edan presentes con sus mejores promociones y ofertas, en un mundo donde todo se hac\u00eda presencial, pues apenas nos comunic\u00e1bamos con el legendario TELEX.<\/strong><\/em><\/span><\/p>\n<p style=\"text-align: justify;\"><span style=\"color: #800080;\"><em><strong>De la evoluci\u00f3n de esta realidad que se expon\u00eda una y otra vez todos los a\u00f1os, algunos pa\u00edses y sus empresas tomaron las iniciativas pertinentes y asomaron a al mercado tur\u00edstico con \u00e9xito, tales como M\u00e9xico, Argentina, Brasil, y alg\u00fan otro, pero sin la contundencia y el conocimiento debido no lo han hecho otros como es el caso de Per\u00fa, debati\u00e9ndose en un ambiente pol\u00edtico constante sin dirigir sus acciones pol\u00edtico-empresariales por la ruta debida lo que le ha producido el estancamiento en que se encuentra. Solo habr\u00eda que mirar hacia M\u00e9xico para saber lo que se tendr\u00eda que hacer.<\/strong><\/em><\/span><\/p>\n<p><a href=\"https:\/\/www.turistamagazine.com\/v2\/wp-content\/uploads\/2022\/11\/mosaico-2.jpg\"><img decoding=\"async\" class=\"wp-image-58815 size-full alignleft\" src=\"https:\/\/www.turistamagazine.com\/v2\/wp-content\/uploads\/2022\/11\/mosaico-2.jpg\" alt=\"\" width=\"383\" height=\"628\" srcset=\"https:\/\/www.turistamagazine.com\/v2\/wp-content\/uploads\/2022\/11\/mosaico-2.jpg 383w, https:\/\/www.turistamagazine.com\/v2\/wp-content\/uploads\/2022\/11\/mosaico-2-183x300.jpg 183w, https:\/\/www.turistamagazine.com\/v2\/wp-content\/uploads\/2022\/11\/mosaico-2-256x420.jpg 256w\" sizes=\"(max-width: 383px) 100vw, 383px\" \/><\/a><span style=\"color: #333399;\"><em><strong>Hoy Per\u00fa, celebra su 75 Aniversario de la creaci\u00f3n de la Asociaci\u00f3n de Agencias de Viajes, o el 60 Aniversario del mas alto encuentro de sus empresarios CADE, de una forma que no queremos calificar, pero que para el mundo entero le es muy f\u00e1cil hacerlo solamente con ver las rid\u00edculas informaciones que emergen de estos eventos que tendr\u00eda que ser mod\u00e9licos por sus resultados, orientaciones, recomendaciones y conclusiones, lo cual es sencillamente desilusionante por su falta de contenido.\u00a0 <span style=\"color: #800080;\">A los hechos nos remitimos<\/span><\/strong><\/em><\/span><\/p>\n<h4 style=\"text-align: center;\"><span style=\"color: #800080;\"><em><strong>UNA RUTA EQUIVOCADA<\/strong><\/em><\/span><\/h4>\n<p style=\"text-align: justify;\"><span style=\"color: #333399;\"><em><strong>No hay que darle muchas vueltas. Solo hay que ir a los resultados. Volvemos sobre lo mismo: a los hechos nos remitimos. Los pasos que se han dado no han sido los correctos, pues es inconcebible que\u00a0 a estas alturas de la pel\u00edcula, no tengamos en Per\u00fa un programa de turismo nacional que emule al propio IMSERSO espa\u00f1ol, hoy estudi\u00e1ndose aplicarlo a toda Europa. Esta es una propuesta nuestra a los gobernantes de Per\u00fa, de la cual no tenemos ninguna evidencia ni contestaci\u00f3n alguna, de que se est\u00e9 estudiando nuestra propuesta para la implantaci\u00f3n en el pa\u00eds, del ambicioso programa de turismo nacional. \u00a0<span style=\"color: #800080;\">Eso si, algo se mueve en Per\u00fa, al ritmo de \u201cespecialistas\u201d y \u201casesores\u201d, y de vez en cuando\u00a0 aparecen innombrables y absurdos programas, faltos de contenido aut\u00e9nticas falacias que no sirven para nada, salvo para hacer un rid\u00edculo internacional como fue el caso de la presencia de Per\u00fa en la Feria Internacional de Dubai.\u00a0 \u00a0<\/span><\/strong><\/em><\/span><\/p>\n<div id=\"attachment_58108\" style=\"width: 640px\" class=\"wp-caption aligncenter\"><a href=\"https:\/\/www.turistamagazine.com\/v2\/wp-content\/uploads\/2022\/09\/Dubai.jpg\"><img decoding=\"async\" aria-describedby=\"caption-attachment-58108\" class=\"wp-image-58108\" src=\"https:\/\/www.turistamagazine.com\/v2\/wp-content\/uploads\/2022\/09\/Dubai.jpg\" alt=\"\" width=\"630\" height=\"310\" srcset=\"https:\/\/www.turistamagazine.com\/v2\/wp-content\/uploads\/2022\/09\/Dubai.jpg 640w, https:\/\/www.turistamagazine.com\/v2\/wp-content\/uploads\/2022\/09\/Dubai-300x148.jpg 300w, https:\/\/www.turistamagazine.com\/v2\/wp-content\/uploads\/2022\/09\/Dubai-610x300.jpg 610w\" sizes=\"(max-width: 630px) 100vw, 630px\" \/><\/a><p id=\"caption-attachment-58108\" class=\"wp-caption-text\"><span style=\"color: #333399;\"><em><strong>Las pruebas de la ignorancia y el desatino: presentar un gran espacio vac\u00edo con el nombre \u201cPer\u00fa\u201d en una esquina, en una feria internacional de la mayor categor\u00eda del mundo, que dur\u00f3 \u00a1seis meses! \u00bfCu\u00e1nto costar\u00eda este engendro?<\/strong><\/em><\/span><\/p><\/div>\n<div id=\"attachment_58807\" style=\"width: 640px\" class=\"wp-caption aligncenter\"><a href=\"https:\/\/www.turistamagazine.com\/v2\/wp-content\/uploads\/2022\/11\/Sena-de-identidad.jpg\"><img decoding=\"async\" aria-describedby=\"caption-attachment-58807\" class=\"wp-image-58807\" src=\"https:\/\/www.turistamagazine.com\/v2\/wp-content\/uploads\/2022\/11\/Sena-de-identidad.jpg\" alt=\"\" width=\"630\" height=\"534\" srcset=\"https:\/\/www.turistamagazine.com\/v2\/wp-content\/uploads\/2022\/11\/Sena-de-identidad.jpg 652w, https:\/\/www.turistamagazine.com\/v2\/wp-content\/uploads\/2022\/11\/Sena-de-identidad-300x254.jpg 300w, https:\/\/www.turistamagazine.com\/v2\/wp-content\/uploads\/2022\/11\/Sena-de-identidad-495x420.jpg 495w\" sizes=\"(max-width: 630px) 100vw, 630px\" \/><\/a><p id=\"caption-attachment-58807\" class=\"wp-caption-text\"><em><strong><span style=\"color: #333399;\">Este es el impactante reclamo que ofrece una imagen \u00fanica, \u201cse\u00f1a de identidad\u201d de Per\u00fa, que deber\u00e1 ser su marca internacional en toda su trayectoria mundial, la que debi\u00f3 presentarse en Dubai. F\/ M. Tejera. <\/span><\/strong><\/em><\/p><\/div>\n<p style=\"text-align: justify;\"><span style=\"color: #800080;\"><em><strong>Los pasos necesarios para salir de este marasmo, nos los ha demostrado la experiencia. Lo que ocurre en Per\u00fa es que este valor a\u00f1adido a sus recursos, no se toma en cuenta y se act\u00faa por impulsos facilitados por inexpertos elementos que solo saben aprovechar el momento oportuno para su lucro personal,\u00a0\u00a0 careciendo del conocimiento necesario para\u00a0 ofrecer un escenario pr\u00f3digo en \u00e9xitos, seguridad socio-empresarial y todo lo concerniente al bienestar social y la calidad de vida, lo cual no solo se desprecia, sino que se envilece con una prolongada preocupante inflaci\u00f3n que parece estar en unos cr\u00edticos momentos..<\/strong><\/em><\/span><\/p>\n<h4 style=\"text-align: center;\"><span style=\"color: #800080;\"><em><strong>LA RUTA DE LA ILUSI\u00d3N Y EL BIENESTAR<\/strong><\/em><\/span><\/h4>\n<div id=\"attachment_58805\" style=\"width: 640px\" class=\"wp-caption aligncenter\"><a href=\"https:\/\/www.turistamagazine.com\/v2\/wp-content\/uploads\/2022\/11\/1-asamblea-turistica.jpg\"><img decoding=\"async\" aria-describedby=\"caption-attachment-58805\" class=\"wp-image-58805\" src=\"https:\/\/www.turistamagazine.com\/v2\/wp-content\/uploads\/2022\/11\/1-asamblea-turistica.jpg\" alt=\"\" width=\"630\" height=\"407\" srcset=\"https:\/\/www.turistamagazine.com\/v2\/wp-content\/uploads\/2022\/11\/1-asamblea-turistica.jpg 640w, https:\/\/www.turistamagazine.com\/v2\/wp-content\/uploads\/2022\/11\/1-asamblea-turistica-300x194.jpg 300w, https:\/\/www.turistamagazine.com\/v2\/wp-content\/uploads\/2022\/11\/1-asamblea-turistica-610x394.jpg 610w\" sizes=\"(max-width: 630px) 100vw, 630px\" \/><\/a><p id=\"caption-attachment-58805\" class=\"wp-caption-text\"><em><strong><span style=\"color: #333399;\">Hist\u00f3rica fotograf\u00eda de los asistentes a la I Asamblea Tur\u00edstica de Canarias, celebrada en la Isla de La Palma, en 1961, con la asistencia de las primeras autoridades pol\u00edticas, empresarias y sociales de las islas, y los medios de comunicaci\u00f3n existentes en esa \u00e9poca. <\/span><\/strong><\/em><\/p><\/div>\n<p style=\"text-align: justify;\"><span style=\"color: #333399;\"><em><strong>Se ha propuesto a las m\u00e1ximas autoridades de la naci\u00f3n, en Per\u00fa, la realizaci\u00f3n de un encuentro nacional donde est\u00e9n presentes todos los sectores del pa\u00eds, sin ning\u00fan tipo de exclusi\u00f3n, en el cual se analice su presente y su futuro, y se tomen las oportunas medidas para su desarrollo.<\/strong><\/em><\/span><\/p>\n<p style=\"text-align: justify;\"><span style=\"color: #333399;\"><em><strong>No estamos inventando nada. Nos estamos llevando de las experiencias de la \u201cI Asamblea Tur\u00edstica de Canarias \u2013 a la cual asistimos &#8211;\u00a0 celebrada \u00a1en 1961! en la cual se sentaron muchas bases de lo que hoy es uno de los primeros destinos tur\u00edsticos del mundo.<\/strong><\/em><\/span><\/p>\n<p style=\"text-align: justify;\"><span style=\"color: #800080;\"><em><strong>\u00bfQu\u00e9 ha ocurrido? \u00bfPor qu\u00e9 no se lleva a cabo este necesario encuentro en Per\u00fa? Hasta la Organizaci\u00f3n Mundial del Turismo, se ha hecho eco recomendando esta necesidad.<\/strong><\/em><\/span><\/p>\n<p style=\"text-align: justify;\"><span style=\"color: #333399;\"><em><strong>Nuestra reiterada propuesta, ha llegado a aportar hasta las directrices de ese encuentro tomando como base experimentados modelos sustentados con la Universidad para La Paz, de las Naciones Unidas, trabajados en busca de la efectividad en debates y discusiones, fundamentados en la b\u00fasqueda del progreso, el bienestar y la calidad de vida de los pueblos.<\/strong><\/em><\/span><\/p>\n<div id=\"attachment_40537\" style=\"width: 640px\" class=\"wp-caption aligncenter\"><a href=\"https:\/\/www.turistamagazine.com\/v2\/wp-content\/uploads\/2019\/06\/Kaiserball.jpg\"><img decoding=\"async\" aria-describedby=\"caption-attachment-40537\" class=\"wp-image-40537\" src=\"https:\/\/www.turistamagazine.com\/v2\/wp-content\/uploads\/2019\/06\/Kaiserball.jpg\" alt=\"\" width=\"630\" height=\"473\" srcset=\"https:\/\/www.turistamagazine.com\/v2\/wp-content\/uploads\/2019\/06\/Kaiserball.jpg 640w, https:\/\/www.turistamagazine.com\/v2\/wp-content\/uploads\/2019\/06\/Kaiserball-300x225.jpg 300w, https:\/\/www.turistamagazine.com\/v2\/wp-content\/uploads\/2019\/06\/Kaiserball-560x420.jpg 560w\" sizes=\"(max-width: 630px) 100vw, 630px\" \/><\/a><p id=\"caption-attachment-40537\" class=\"wp-caption-text\"><span style=\"color: #333399;\"><em><strong>Hist\u00f3rica fotograf\u00eda, en la entrada al Silvesterball, Palacio Imperial de Hofburg, Viena, a\u00f1o 2010, espectacular presentaci\u00f3n con las figuras de los reyes de Austria, Francisco Jos\u00e9 y Sisi, con sus edecanes, un marco de excepci\u00f3n para impulsar un turismo de alto standing que bien se puede reproducir en Lima, con las caracter\u00edsticas propias de la historia del Virreinato espa\u00f1ol. <\/strong><\/em><\/span><\/p><\/div>\n<p style=\"text-align: justify;\"><span style=\"color: #800080;\"><em><strong>Una propuesta que incre\u00edblemente no ha tenido respuesta ni del gobierno peruano ni del propio Congreso de la Rep\u00fablica a quienes se le hemos hecho llegar por distintos conductos.<\/strong><\/em><\/span><\/p>\n<p style=\"text-align: justify;\"><span style=\"color: #333399;\"><em><strong>La importancia de la misma y su evidente necesidad, nos hacen insistir en el tema, ya que conocemos que sus resultados y conclusiones ser\u00e1n los que capaciten debidamente al pa\u00eds para definitivamente emprender el camino de su progreso empresarial y social, apoy\u00e1ndose en este resurgir del mundo en paz que propicia el movimiento tur\u00edstico mundial.\u00a0 Per\u00fa lo tiene todo, hemos publicado reiteradamente, fruto de nuestro an\u00e1lisis y estudios\u00a0 del pa\u00eds, en lo cual hemos estado muy bien acompa\u00f1ados.<\/strong><\/em><\/span><\/p>\n<h4 style=\"text-align: center;\"><span style=\"color: #800080;\"><em><strong>UN ACONTECIMIENTO EXCEPCIONAL \u00a0DESAPROVECHADO<\/strong><\/em><\/span><\/h4>\n<p style=\"text-align: justify;\"><span style=\"color: #333399;\"><em><strong>La celebraci\u00f3n en Lima de una emulaci\u00f3n del imponente SILVESTERBALL que se sigue en Viena desde hace mas de 50 a\u00f1os, es otra de nuestras grandes propuestas que hemos dirigido en Per\u00fa, principalmente a su C\u00e1mara Nacional de Turismo, donde fuera acogido con el mayor inter\u00e9s prometiendo toda su colaboraci\u00f3n si el evento se proyectara debidamente. Expuesto a la vice-ministra de Turismo, antes del prolongado paro nacional producto de la pandemia, pareci\u00f3 que Per\u00fa iba a irrumpir en el mundo del turismo de lujo, con este excepcional programa, todo lo cual ha quedado en el aire, sin que tengamos ninguna noticia sobre ello, pese a que ofreci\u00e9ramos nuestra colaboraci\u00f3n \u201cad honorem\u201d, en base al amplio conocimiento que tenemos de c\u00f3mo hay que desarrollar el evento ya que fuimos parte ejecutiva de sus inicios en los primeros a\u00f1os 1970, lo cual nos vali\u00f3 el reconocimiento de la ciudad de Viena con la medalla Johan Strauss y la Plaza Tur\u00edstica de Plata, a \u00a0t\u00edtulo individual del Gobierno Austriaco.<\/strong><\/em><\/span><\/p>\n<div id=\"attachment_58809\" style=\"width: 640px\" class=\"wp-caption aligncenter\"><a href=\"https:\/\/www.turistamagazine.com\/v2\/wp-content\/uploads\/2022\/11\/Baile-de-gala.png\"><img decoding=\"async\" aria-describedby=\"caption-attachment-58809\" class=\"wp-image-58809\" src=\"https:\/\/www.turistamagazine.com\/v2\/wp-content\/uploads\/2022\/11\/Baile-de-gala.png\" alt=\"\" width=\"630\" height=\"564\" srcset=\"https:\/\/www.turistamagazine.com\/v2\/wp-content\/uploads\/2022\/11\/Baile-de-gala.png 548w, https:\/\/www.turistamagazine.com\/v2\/wp-content\/uploads\/2022\/11\/Baile-de-gala-300x269.png 300w, https:\/\/www.turistamagazine.com\/v2\/wp-content\/uploads\/2022\/11\/Baile-de-gala-469x420.png 469w, https:\/\/www.turistamagazine.com\/v2\/wp-content\/uploads\/2022\/11\/Baile-de-gala-48x44.png 48w\" sizes=\"(max-width: 630px) 100vw, 630px\" \/><\/a><p id=\"caption-attachment-58809\" class=\"wp-caption-text\"><em><strong><span style=\"color: #333399;\">El impresionante espect\u00e1culo del Kaiserball de Viena, hoy Silvesterball, que bien puede ofrecer la versi\u00f3n en Am\u00e9rica celebr\u00e1ndose en Lima, como un recurso tur\u00edstico de primera calidad.<\/span><\/strong><\/em><\/p><\/div>\n<p style=\"text-align: justify;\"><em><b style=\"color: #333399;\">Tratamos de un impresionante atractivo de promoci\u00f3n tur\u00edstica del pa\u00eds que en Austria sirve para movilizar toda su estructura tur\u00edstica con programas pre y post evento, en los cuales hemos tenido la suerte de poder participar, visitando en su <\/b><span style=\"color: #333399;\"><b>frio<\/b><\/span><b style=\"color: #333399;\"> invierno rodeados de nieve, sus mas caracter\u00edsticos lugares hist\u00f3ricos.<\/b><\/em><\/p>\n<p style=\"text-align: justify;\"><span style=\"color: #333399;\"><em><strong>Tenemos hecho el an\u00e1lisis de las rutas que Per\u00fa puede ofrecer al mundo, alrededor de este impresionante acontecimiento del m\u00e1ximo prestigio mundial, que bien se puede organizar sobre la base de una <span style=\"color: #800080;\">\u201ceconom\u00eda colaborativa\u201d en la cual participar\u00e1 todo el pa\u00eds con sus innumerables recursos. Sabemos como hacerlo.<\/span><\/strong><\/em><\/span><\/p>\n<div id=\"attachment_58810\" style=\"width: 640px\" class=\"wp-caption aligncenter\"><a href=\"https:\/\/www.turistamagazine.com\/v2\/wp-content\/uploads\/2022\/11\/Abadia-de-Melk.jpg\"><img decoding=\"async\" aria-describedby=\"caption-attachment-58810\" class=\"wp-image-58810\" src=\"https:\/\/www.turistamagazine.com\/v2\/wp-content\/uploads\/2022\/11\/Abadia-de-Melk.jpg\" alt=\"\" width=\"630\" height=\"423\" srcset=\"https:\/\/www.turistamagazine.com\/v2\/wp-content\/uploads\/2022\/11\/Abadia-de-Melk.jpg 885w, https:\/\/www.turistamagazine.com\/v2\/wp-content\/uploads\/2022\/11\/Abadia-de-Melk-300x201.jpg 300w, https:\/\/www.turistamagazine.com\/v2\/wp-content\/uploads\/2022\/11\/Abadia-de-Melk-768x515.jpg 768w, https:\/\/www.turistamagazine.com\/v2\/wp-content\/uploads\/2022\/11\/Abadia-de-Melk-626x420.jpg 626w, https:\/\/www.turistamagazine.com\/v2\/wp-content\/uploads\/2022\/11\/Abadia-de-Melk-610x409.jpg 610w\" sizes=\"(max-width: 630px) 100vw, 630px\" \/><\/a><p id=\"caption-attachment-58810\" class=\"wp-caption-text\"><strong><em><span style=\"color: #333399;\">Con la Abad\u00eda de Melk al fondo, una fotograf\u00eda para la historia en la navidad austriaca, producida por las excursiones que en Austria se realizan amparadas en la celebraci\u00f3n del SILVESTERBALL, que moviliza el turismo en todo el pa\u00eds, como se puede organizar en Per\u00fa, con una buena programaci\u00f3n.<\/span><\/em><\/strong><\/p><\/div>\n<p style=\"text-align: justify;\"><span style=\"color: #800080;\"><em><strong>Hechos y realidades que seguiremos comentando, como las del n\u00facleo Paracas, uno de los puntos mal gestionados del pa\u00eds que necesitan orientar debidamente su valor tur\u00edstico comenzando, por ejemplo, con asfaltar o empedrar sus calles.<\/strong><\/em><\/span><\/p>\n<p style=\"text-align: justify;\"><span style=\"color: #800080;\"><em><strong>Per\u00fa lo tiene todo. \u201cUn pa\u00eds no es rico por lo que tiene. Es rico por lo que sus habitantes hacen con lo que tienen.\u201d<\/strong><\/em><\/span><\/p>\n<p style=\"text-align: justify;\"><span style=\"color: #800080;\"><em><strong>\u00a0Servir es mi ocupaci\u00f3n.<\/strong><\/em><\/span><\/p>\n<p style=\"text-align: justify;\"><span style=\"color: #333399;\"><em><strong>\u00a0<\/strong><\/em><\/span><\/p>\n<p><em><strong>*\u201cDr. International Tourism Science\u201d\u00a0 Magister Scientiae<\/strong><\/em><\/p>\n<p><strong>Miembro activo del Grupo de Expertos de la Organizaci\u00f3n Mundial del Turismo. OMT. de las Naciones Unidas. ONU.<\/strong><\/p>\n<p><em><strong>Member of International Hall of Tourism Heroes\u00a0at the World Tourism Network.<\/strong><\/em><\/p>\n<p><a href=\"https:\/\/www.turistamagazine.com\/v2\/wp-content\/uploads\/2022\/11\/Logo-N-uevo.png\"><img decoding=\"async\" class=\"wp-image-58747 aligncenter\" src=\"https:\/\/www.turistamagazine.com\/v2\/wp-content\/uploads\/2022\/11\/Logo-N-uevo.png\" alt=\"\" width=\"500\" height=\"260\" srcset=\"https:\/\/www.turistamagazine.com\/v2\/wp-content\/uploads\/2022\/11\/Logo-N-uevo.png 630w, https:\/\/www.turistamagazine.com\/v2\/wp-content\/uploads\/2022\/11\/Logo-N-uevo-300x156.png 300w, https:\/\/www.turistamagazine.com\/v2\/wp-content\/uploads\/2022\/11\/Logo-N-uevo-610x317.png 610w\" sizes=\"(max-width: 500px) 100vw, 500px\" \/><\/a><\/p>\n","protected":false},"excerpt":{"rendered":"<p>Diploma de visitante, un imperecedero recuerdo de nuestra visita all\u00e1 por los a\u00f1os setenta del pasado siglo, a la joya\u00a0 de la corona del turismo\u00a0 peruano, MACHUPICCHU. \u00abLa naci\u00f3n se encuentra ante una de las encrucijadas decisivas de su historia, que solo puede abordar asumiendo la responsabilidad sus dirigentes pol\u00edticos, empresariales y sociales\u00bb \u00a0PER\u00da Y SUS VICISITUDES: UN EJEMPLO A ANALIZAR \u00a0Antonio-Pedro Tejera Reyes* UN PREAMBULO NECESARIO Conocimos Per\u00fa \u201cen vivo\u201d, en el a\u00f1o 1970 con motivo de nuestra asistencia al congreso internacional de la Confederaci\u00f3n de Organizaciones Tur\u00edsticas de Am\u00e9rica Latina, COTAL, la asociaci\u00f3n mas importante de turismo que&#8230;<\/p>\n","protected":false},"author":1,"featured_media":58802,"comment_status":"open","ping_status":"open","sticky":false,"template":"","format":"standard","meta":{"footnotes":""},"categories":[4,84],"tags":[10217,11846,10219,12319],"class_list":["post-58801","post","type-post","status-publish","format-standard","has-post-thumbnail","hentry","category-breaking-news","category-internacionales","tag-antoniopedrotejerareyes","tag-elenatejeradirectora","tag-semanarioturistamagazine","tag-unpaisenlaencrucijada"],"_links":{"self":[{"href":"https:\/\/www.turistamagazine.com\/v2\/index.php?rest_route=\/wp\/v2\/posts\/58801","targetHints":{"allow":["GET"]}}],"collection":[{"href":"https:\/\/www.turistamagazine.com\/v2\/index.php?rest_route=\/wp\/v2\/posts"}],"about":[{"href":"https:\/\/www.turistamagazine.com\/v2\/index.php?rest_route=\/wp\/v2\/types\/post"}],"author":[{"embeddable":true,"href":"https:\/\/www.turistamagazine.com\/v2\/index.php?rest_route=\/wp\/v2\/users\/1"}],"replies":[{"embeddable":true,"href":"https:\/\/www.turistamagazine.com\/v2\/index.php?rest_route=%2Fwp%2Fv2%2Fcomments&post=58801"}],"version-history":[{"count":5,"href":"https:\/\/www.turistamagazine.com\/v2\/index.php?rest_route=\/wp\/v2\/posts\/58801\/revisions"}],"predecessor-version":[{"id":58816,"href":"https:\/\/www.turistamagazine.com\/v2\/index.php?rest_route=\/wp\/v2\/posts\/58801\/revisions\/58816"}],"wp:featuredmedia":[{"embeddable":true,"href":"https:\/\/www.turistamagazine.com\/v2\/index.php?rest_route=\/wp\/v2\/media\/58802"}],"wp:attachment":[{"href":"https:\/\/www.turistamagazine.com\/v2\/index.php?rest_route=%2Fwp%2Fv2%2Fmedia&parent=58801"}],"wp:term":[{"taxonomy":"category","embeddable":true,"href":"https:\/\/www.turistamagazine.com\/v2\/index.php?rest_route=%2Fwp%2Fv2%2Fcategories&post=58801"},{"taxonomy":"post_tag","embeddable":true,"href":"https:\/\/www.turistamagazine.com\/v2\/index.php?rest_route=%2Fwp%2Fv2%2Ftags&post=58801"}],"curies":[{"name":"wp","href":"https:\/\/api.w.org\/{rel}","templated":true}]}}