{"id":58566,"date":"2022-10-29T10:25:28","date_gmt":"2022-10-29T15:25:28","guid":{"rendered":"https:\/\/www.turistamagazine.com\/v2\/?p=58566"},"modified":"2022-10-29T10:25:28","modified_gmt":"2022-10-29T15:25:28","slug":"juan-guaido-le-exigio-al-regimen-de-maduro-que-defina-la-fecha-de-las-elecciones-presidenciales","status":"publish","type":"post","link":"https:\/\/www.turistamagazine.com\/v2\/?p=58566","title":{"rendered":"JUAN GUAID\u00d3 LE EXIGI\u00d3 AL R\u00c9GIMEN DE MADURO QUE DEFINA LA FECHA DE LAS ELECCIONES PRESIDENCIALES"},"content":{"rendered":"<p style=\"text-align: center;\"><span style=\"color: #800080;\"><em><strong>La oposici\u00f3n venezolana celebrar\u00e1 en 2023 unas primarias para elegir al candidato que enfrente al oficialismo el a\u00f1o que viene, aunque a\u00fan no han definido la fecha exacta de esos comicios internos<\/strong><\/em><\/span><\/p>\n<p style=\"text-align: justify;\"><span style=\"color: #333399;\"><em><strong>CARACAS\/VENEZUELA\/29\/10\/2022.-El l\u00edder opositor venezolano Juan Guaid\u00f3 encabez\u00f3 este jueves una marcha en Caracas acompa\u00f1ado de, al menos, medio millar de personas para exigir al Poder Electoral que anuncie la fecha de la elecci\u00f3n presidencial, prevista para 2024.<\/strong><\/em><\/span><\/p>\n<p style=\"text-align: justify;\"><span style=\"color: #333399;\"><em><strong>Los manifestantes caminaron un kil\u00f3metro hasta la sede del Consejo Nacional Electoral (CNE), en la zona centro-este de Caracas.<\/strong><\/em><\/span><\/p>\n<p style=\"text-align: justify;\"><span style=\"color: #333399;\"><em><strong>\u201cEsa fecha no va a ser un regalo, por m\u00e1s que la dictadura hable con soberbia (de) que en el 2024 o antes. Sabemos que esto es una dictadura, sabemos que nada va a ser concedido (&#8230;) Tenemos que salir a la calle a luchar por esa fecha\u201d, dijo Guaid\u00f3 a los antichavistas antes de iniciar el recorrido.<\/strong><\/em><\/span><\/p>\n<p style=\"text-align: justify;\"><span style=\"color: #333399;\"><em><strong>Asegur\u00f3 que la marcha es el inicio de la \u201clucha en las calles\u201d para exigir la fecha del proceso electoral en el que se elegir\u00e1 al gobernante de Venezuela para el per\u00edodo 2025-2031.<\/strong><\/em><\/span><\/p>\n<p style=\"text-align: justify;\"><span style=\"color: #333399;\"><em><strong>\u201cNos vamos a las calles ya, desde ahorita, a las calles ya. De manera pac\u00edfica (&#8230;) a exigir la fecha de elecci\u00f3n, la fecha para liberar a Venezuela\u201d, subray\u00f3.<\/strong><\/em><\/span><\/p>\n<p style=\"text-align: justify;\"><span style=\"color: #333399;\"><em><strong>Para el opositor, el d\u00eda de los comicios representa \u201cla fecha de vencimiento\u201d del r\u00e9gimen de Nicol\u00e1s Maduro.<\/strong><\/em><\/span><\/p>\n<p style=\"text-align: justify;\"><span style=\"color: #800080;\"><em><strong>\u201cMaduro, pon la fecha, estamos listos para derrotarte de punta a punta en toda Venezuela\u201d, manifest\u00f3 Guaid\u00f3 al llegar a la sede del CNE.<\/strong><\/em><\/span><\/p>\n<p style=\"text-align: justify;\"><span style=\"color: #333399;\"><em><strong>La oposici\u00f3n venezolana celebrar\u00e1 en 2023 unas primarias para elegir al candidato que enfrente al oficialismo en las presidenciales de 2024, aunque a\u00fan no han definido la fecha exacta de esos comicios internos.<\/strong><\/em><\/span><\/p>\n<p style=\"text-align: justify;\"><span style=\"color: #333399;\"><em><strong>Guaid\u00f3 indic\u00f3 que las primarias son el instrumento para consolidar la unidad de los partidos opositores y \u201clo \u00fanico que ha derrotado\u201d en otras ocasiones al oficialismo. Mencion\u00f3 la elecci\u00f3n de una Asamblea Nacional de mayor\u00eda opositora instalada en enero de 2015.<\/strong><\/em><\/span><\/p>\n<p style=\"text-align: justify;\"><span style=\"color: #800080;\"><em><strong>Los partidos opositores se han visto severamente fragmentados desde 2020. En junio de ese a\u00f1o, el Tribunal Supremo de Justicia, controlado por el chavismo, suspendi\u00f3 las directivas de los partidos Acci\u00f3n Democr\u00e1tica, Voluntad Popular y Primero Justicia y entreg\u00f3 la jefatura, activos y los s\u00edmbolos de \u00e9stos a disidentes opositores.<\/strong><\/em><\/span><\/p>\n<p style=\"text-align: justify;\"><span style=\"color: #333399;\"><em><strong>Ellos, contrariamente a la postura de sus l\u00edderes hist\u00f3ricos, respaldaron la elecci\u00f3n de un nuevo Legislativo en diciembre de 2020, mientras que los aliados de Guaid\u00f3 llamaron al boicot, dejando el camino despejado para que la dictadura madurista retomara el control de la Asamblea Nacional de manera abrumadora.<\/strong><\/em><\/span><\/p>\n<p style=\"text-align: justify;\"><span style=\"color: #333399;\"><em><strong>Otros integrantes de facciones opositoras, aunque evitan un acercamiento con Maduro, se cuentan entre los m\u00e1s f\u00e9rreos cr\u00edticos de las organizaciones que respaldan a Guaid\u00f3.<\/strong><\/em><\/span><\/p>\n<p style=\"text-align: justify;\"><span style=\"color: #333399;\"><em><strong>El apoyo internacional, uno de los principales activos con los que contaba Guaid\u00f3, tambi\u00e9n ha disminuido significativamente. Decenas de pa\u00edses, incluido Estados Unidos, Per\u00fa y Colombia, respaldaron a Guaid\u00f3 y lo reconocieron como l\u00edder leg\u00edtimo de Venezuela, pero ese apoyo ha mermado. Colombia y Per\u00fa cambiaron recientemente su relaci\u00f3n pol\u00edtica con Venezuela. Ambos pa\u00edses restablecieron relaciones diplom\u00e1ticas con Maduro con la llegada al poder de sus presidentes de izquierda.<\/strong><\/em><\/span><\/p>\n<p style=\"text-align: justify;\"><span style=\"color: #333399;\"><em><strong>( Infobae\/Con informaci\u00f3n de EFE y de Associated Press)<\/strong><\/em><\/span><\/p>\n","protected":false},"excerpt":{"rendered":"<p>La oposici\u00f3n venezolana celebrar\u00e1 en 2023 unas primarias para elegir al candidato que enfrente al oficialismo el a\u00f1o que viene, aunque a\u00fan no han definido la fecha exacta de esos comicios internos CARACAS\/VENEZUELA\/29\/10\/2022.-El l\u00edder opositor venezolano Juan Guaid\u00f3 encabez\u00f3 este jueves una marcha en Caracas acompa\u00f1ado de, al menos, medio millar de personas para exigir al Poder Electoral que anuncie la fecha de la elecci\u00f3n presidencial, prevista para 2024. Los manifestantes caminaron un kil\u00f3metro hasta la sede del Consejo Nacional Electoral (CNE), en la zona centro-este de Caracas. \u201cEsa fecha no va a ser un regalo, por m\u00e1s que la&#8230;<\/p>\n","protected":false},"author":1,"featured_media":58568,"comment_status":"open","ping_status":"open","sticky":false,"template":"","format":"standard","meta":{"footnotes":""},"categories":[4,84],"tags":[11846,12283,10219,10556,151],"class_list":["post-58566","post","type-post","status-publish","format-standard","has-post-thumbnail","hentry","category-breaking-news","category-internacionales","tag-elenatejeradirectora","tag-juanguaido","tag-semanarioturistamagazine","tag-turismagazine","tag-venezuela"],"_links":{"self":[{"href":"https:\/\/www.turistamagazine.com\/v2\/index.php?rest_route=\/wp\/v2\/posts\/58566","targetHints":{"allow":["GET"]}}],"collection":[{"href":"https:\/\/www.turistamagazine.com\/v2\/index.php?rest_route=\/wp\/v2\/posts"}],"about":[{"href":"https:\/\/www.turistamagazine.com\/v2\/index.php?rest_route=\/wp\/v2\/types\/post"}],"author":[{"embeddable":true,"href":"https:\/\/www.turistamagazine.com\/v2\/index.php?rest_route=\/wp\/v2\/users\/1"}],"replies":[{"embeddable":true,"href":"https:\/\/www.turistamagazine.com\/v2\/index.php?rest_route=%2Fwp%2Fv2%2Fcomments&post=58566"}],"version-history":[{"count":1,"href":"https:\/\/www.turistamagazine.com\/v2\/index.php?rest_route=\/wp\/v2\/posts\/58566\/revisions"}],"predecessor-version":[{"id":58569,"href":"https:\/\/www.turistamagazine.com\/v2\/index.php?rest_route=\/wp\/v2\/posts\/58566\/revisions\/58569"}],"wp:featuredmedia":[{"embeddable":true,"href":"https:\/\/www.turistamagazine.com\/v2\/index.php?rest_route=\/wp\/v2\/media\/58568"}],"wp:attachment":[{"href":"https:\/\/www.turistamagazine.com\/v2\/index.php?rest_route=%2Fwp%2Fv2%2Fmedia&parent=58566"}],"wp:term":[{"taxonomy":"category","embeddable":true,"href":"https:\/\/www.turistamagazine.com\/v2\/index.php?rest_route=%2Fwp%2Fv2%2Fcategories&post=58566"},{"taxonomy":"post_tag","embeddable":true,"href":"https:\/\/www.turistamagazine.com\/v2\/index.php?rest_route=%2Fwp%2Fv2%2Ftags&post=58566"}],"curies":[{"name":"wp","href":"https:\/\/api.w.org\/{rel}","templated":true}]}}