{"id":58561,"date":"2022-10-29T09:53:49","date_gmt":"2022-10-29T14:53:49","guid":{"rendered":"https:\/\/www.turistamagazine.com\/v2\/?p=58561"},"modified":"2022-10-29T09:53:49","modified_gmt":"2022-10-29T14:53:49","slug":"paises-en-el-precipicio-ii","status":"publish","type":"post","link":"https:\/\/www.turistamagazine.com\/v2\/?p=58561","title":{"rendered":"PAISES EN EL PRECIPICIO II"},"content":{"rendered":"<p style=\"text-align: center;\"><em><strong><span style=\"color: #333399;\">\u201cSi, lloro por ti\u00a0 Argentina\u201d. Vargas Llosa.\u00a0 \u00bfSolo por Argentina?<\/span><\/strong><\/em><\/p>\n<p><em><strong>Por. Antonio-Pedro Tejera Reyes*<\/strong><\/em><\/p>\n<p style=\"text-align: justify;\"><span style=\"color: #333399;\"><em><strong>Retrotraernos a nuestro art\u00edculo publicado con este mismo titular hace escasas fechas, parece casi una obligaci\u00f3n cuando vemos en la prensa como sigue el insulto a la inteligencia humana anunciando actos y ensalz\u00e1ndolos como algo positivo, cuando no tienen la m\u00e1s m\u00ednima posibilidad de servir para otra cosa que no sea la percepci\u00f3n econ\u00f3mica de todos sus actores. Esto es ya una constante que dif\u00edcilmente se poda eludir, pues las ma\u00f1as del poder apoyan todo lo que sea incombustible a la hora de aprovecharse de\u00a0 los recursos econ\u00f3micos p\u00fablicos de los gobiernos de los pueblos.<\/strong><\/em><\/span><\/p>\n<p style=\"text-align: justify;\"><span style=\"color: #333399;\"><em><strong>Una acci\u00f3n coordinada para acabar con este deshonroso espect\u00e1culo, se hace casi imposible en pa\u00edses que est\u00e1n embarcados a caer en el precipicio por la falta de una claridad meridiana en sus gestores pol\u00edticos y socio-econ\u00f3micos que se amoldan a esta realidad con el fin de poder subsistir sin mayores problemas.<\/strong><\/em><\/span><\/p>\n<p style=\"text-align: justify;\"><span style=\"color: #800080;\"><em><strong>El mundo hisp\u00e1nico da horror, tal como lo acaba de publicar el Premio Nobel peruano Vargas Llosa, que explica en detalles como se ha llegado a esta horrible situaci\u00f3n en la cual los aprovechados, de forma insultante, se escudan en cualquier artima\u00f1a para lograr sus beneficios econ\u00f3micos y sociales, sin importarles el pueblo para\u00a0 otra cosa que no sea para esquilmarlo al m\u00e1ximo y mantenerlo en su\u00a0 ignorante pobreza para vivir de ellos. Al pueblo hay que mantenerlo en la ignorancia para vivir de sus carencias.<\/strong><\/em><\/span><\/p>\n<p style=\"text-align: justify;\"><span style=\"color: #333399;\"><em><strong>Complicado e imposible parece acabar con este panorama donde el s\u00edndrome del poder, basado en la disposici\u00f3n de toda su econom\u00eda, ha llegado a un punto que al parecer no tiene retroceso. Hay que calibrar en toda su inmensidad lo que est\u00e1 ocurriendo en la actualidad en el mundo hisp\u00e1nico, y ver, sin poder hacer nada,\u00a0 como se destruyen ideas y proyectos que pueden dar en traste con esta imponente situaci\u00f3n en la que viven en el para\u00edso los que de ella disfrutan sin que les moleste ni averg\u00fcence la f\u00f3rmula que quieran emplear incluso para insultarlos. Lo dec\u00edamos en nuestro art\u00edculo anterior. El socio ese espa\u00f1ol que sufrimos tiempos pasados, dec\u00eda: \u201cLl\u00e1mame como quieras pero dame dinero. As\u00ed de claro y raspado que dir\u00eda un venezolano.<\/strong><\/em><\/span><\/p>\n<p style=\"text-align: justify;\"><span style=\"color: #800080;\"><em><strong>La crisis del mundo hispano entra en un declive que no sabemos en qu\u00e9 puede ir a parar. La realidad del d\u00eda a d\u00eda, nos ofrece en escena p\u00fablicamente, toda una serie de personajes en el poder, enga\u00f1ando a su cong\u00e9neres con las m\u00e1s sofisticadas acciones, ofertas de ocio, de ense\u00f1anza, de cultura, etc. todas enmascaradas para sacarles al pueblo hasta los mismos ojos, sin un \u00e1pice de verg\u00fcenza y sabiendo que la incultura en que lo tiene sumido aplaudir\u00e1 cualquiera de sus inescrupulosas, infundadas, e in\u00fatiles acciones, solo \u00fatiles, como decimos, para engrosar sus cuentas bancarias.<\/strong><\/em><\/span><\/p>\n<p style=\"text-align: justify;\"><span style=\"color: #333399;\"><em><strong>El poeta canario, que sufri\u00f3 muchos a\u00f1os de c\u00e1rcel en la dictadura de Franco, en Espa\u00f1a, acu\u00f1\u00f3 la frase: \u201cla Esperanza me mantiene\u201d. Esa es la que tenemos diariamente que recordar cuando sufrimos las desdichadas acciones de toda esta caterva pol\u00edtica que lleva a los pa\u00edses hasta el precipicio, sin importarles para nada que la historia les coloque en el lugar que merecen como desperdicio humano.<\/strong><\/em><\/span><\/p>\n<p style=\"text-align: justify;\"><span style=\"color: #800080;\"><em><strong>Cuando queremos olvidar todo este escenario, nos vuelven a atacar con anuncios publicitarios sobre actos inicuos donde hacen gala, incluso con fotograf\u00edas propias de artistas de cine, ofertando lo que no podr\u00e1n nunca ofertar como es el conocimiento y la experiencia v\u00e1lida, que en toda esta pl\u00e9yade de indigentes cerebrales huelgan por su ausencia.<\/strong><\/em><\/span><\/p>\n<p style=\"text-align: justify;\"><span style=\"color: #333399;\"><em><strong>Nos empujan, nos obligan a tener que\u00a0 denunciar estos hechos. Mejor estar\u00edan quietos y callados, pero la desverg\u00fcenza llega a todos los l\u00edmites, y quienes ostentan el poder, que Dios sabr\u00e1 c\u00f3mo han llegado a\u00a0 ello, desprecian a los que podemos catalogarlos y encuadrarlos en donde realmente se merecen.<\/strong><\/em><\/span><\/p>\n<p style=\"text-align: justify;\"><span style=\"color: #333399;\"><em><strong>Esto es lo que tenemos, lo que hay y lo que nos lleva a denunciarlo como \u00fanica manera que tenemos de soportarlo&#8230; si podemos&#8230;<\/strong><\/em><\/span><\/p>\n<p style=\"text-align: center;\"><a href=\"https:\/\/www.turistamagazine.com\/v2\/wp-content\/uploads\/2022\/10\/DE-PROMPERU.jpg\"><img decoding=\"async\" class=\"alignnone size-full wp-image-58563\" src=\"https:\/\/www.turistamagazine.com\/v2\/wp-content\/uploads\/2022\/10\/DE-PROMPERU.jpg\" alt=\"\" width=\"640\" height=\"318\" srcset=\"https:\/\/www.turistamagazine.com\/v2\/wp-content\/uploads\/2022\/10\/DE-PROMPERU.jpg 640w, https:\/\/www.turistamagazine.com\/v2\/wp-content\/uploads\/2022\/10\/DE-PROMPERU-300x149.jpg 300w, https:\/\/www.turistamagazine.com\/v2\/wp-content\/uploads\/2022\/10\/DE-PROMPERU-610x303.jpg 610w\" sizes=\"(max-width: 640px) 100vw, 640px\" \/><\/a><\/p>\n<p style=\"text-align: justify;\"><span style=\"color: #333399;\"><em><strong>*Dr. International Tourism Sciencie\u201d,\u00a0 Magister Scientiae<\/strong><\/em><\/span><\/p>\n<p style=\"text-align: justify;\"><span style=\"color: #333399;\"><em><strong>Presidente-Director General del Centro Internacional de Estudios Tur\u00edsticos de Canarias.<\/strong><\/em><\/span><\/p>\n<p style=\"text-align: justify;\"><span style=\"color: #333399;\"><em><strong>Miembro activo del Grupo de Expertos de la Organizaci\u00f3n Mundial del Turismo. OMT. de las Naciones Unidas. ONU.<\/strong><\/em><\/span><\/p>\n<p style=\"text-align: justify;\"><span style=\"color: #333399;\"><em><strong>Miembro del International Hall of Tourism Heroes. World Tourism Network.<\/strong><\/em><\/span><\/p>\n<p style=\"text-align: justify;\"><span style=\"color: #333399;\"><em><strong>\u00a0<\/strong><\/em><\/span><\/p>\n","protected":false},"excerpt":{"rendered":"<p>\u201cSi, lloro por ti\u00a0 Argentina\u201d. Vargas Llosa.\u00a0 \u00bfSolo por Argentina? Por. Antonio-Pedro Tejera Reyes* Retrotraernos a nuestro art\u00edculo publicado con este mismo titular hace escasas fechas, parece casi una obligaci\u00f3n cuando vemos en la prensa como sigue el insulto a la inteligencia humana anunciando actos y ensalz\u00e1ndolos como algo positivo, cuando no tienen la m\u00e1s m\u00ednima posibilidad de servir para otra cosa que no sea la percepci\u00f3n econ\u00f3mica de todos sus actores. Esto es ya una constante que dif\u00edcilmente se poda eludir, pues las ma\u00f1as del poder apoyan todo lo que sea incombustible a la hora de aprovecharse de\u00a0 los&#8230;<\/p>\n","protected":false},"author":1,"featured_media":58562,"comment_status":"open","ping_status":"open","sticky":false,"template":"","format":"standard","meta":{"footnotes":""},"categories":[87],"tags":[10217,10635,10219,12282],"class_list":["post-58561","post","type-post","status-publish","format-standard","has-post-thumbnail","hentry","category-actualidad","tag-antoniopedrotejerareyes","tag-elenahonoresdirectora","tag-semanarioturistamagazine","tag-vargasllosa"],"_links":{"self":[{"href":"https:\/\/www.turistamagazine.com\/v2\/index.php?rest_route=\/wp\/v2\/posts\/58561","targetHints":{"allow":["GET"]}}],"collection":[{"href":"https:\/\/www.turistamagazine.com\/v2\/index.php?rest_route=\/wp\/v2\/posts"}],"about":[{"href":"https:\/\/www.turistamagazine.com\/v2\/index.php?rest_route=\/wp\/v2\/types\/post"}],"author":[{"embeddable":true,"href":"https:\/\/www.turistamagazine.com\/v2\/index.php?rest_route=\/wp\/v2\/users\/1"}],"replies":[{"embeddable":true,"href":"https:\/\/www.turistamagazine.com\/v2\/index.php?rest_route=%2Fwp%2Fv2%2Fcomments&post=58561"}],"version-history":[{"count":1,"href":"https:\/\/www.turistamagazine.com\/v2\/index.php?rest_route=\/wp\/v2\/posts\/58561\/revisions"}],"predecessor-version":[{"id":58564,"href":"https:\/\/www.turistamagazine.com\/v2\/index.php?rest_route=\/wp\/v2\/posts\/58561\/revisions\/58564"}],"wp:featuredmedia":[{"embeddable":true,"href":"https:\/\/www.turistamagazine.com\/v2\/index.php?rest_route=\/wp\/v2\/media\/58562"}],"wp:attachment":[{"href":"https:\/\/www.turistamagazine.com\/v2\/index.php?rest_route=%2Fwp%2Fv2%2Fmedia&parent=58561"}],"wp:term":[{"taxonomy":"category","embeddable":true,"href":"https:\/\/www.turistamagazine.com\/v2\/index.php?rest_route=%2Fwp%2Fv2%2Fcategories&post=58561"},{"taxonomy":"post_tag","embeddable":true,"href":"https:\/\/www.turistamagazine.com\/v2\/index.php?rest_route=%2Fwp%2Fv2%2Ftags&post=58561"}],"curies":[{"name":"wp","href":"https:\/\/api.w.org\/{rel}","templated":true}]}}