{"id":58529,"date":"2022-10-28T17:08:42","date_gmt":"2022-10-28T22:08:42","guid":{"rendered":"https:\/\/www.turistamagazine.com\/v2\/?p=58529"},"modified":"2022-10-29T09:20:06","modified_gmt":"2022-10-29T14:20:06","slug":"el-ponton-del-cielo-el-balcon-de-pic-du-midi","status":"publish","type":"post","link":"https:\/\/www.turistamagazine.com\/v2\/?p=58529","title":{"rendered":"\u201cEL PONT\u00d3N DEL CIELO\u201d, EL BALC\u00d3N DE PIC DU MIDI"},"content":{"rendered":"<p><em><strong>Por. Juan Antonio\u00a0 Narro*<\/strong><\/em><\/p>\n<p style=\"text-align: justify;\"><span style=\"color: #800080;\"><em><strong>A 2.877 metros de altura, entre cimas monta\u00f1osas, descubrimos un lugar de obligada visita en esta zona de los Pirineos franceses. Su nombre: Pic du Midi (www.picdumidi.com).Dicen, y con raz\u00f3n, que algunas de las grandes panor\u00e1micas de esta cordillera se obtienen desde aqu\u00ed.<\/strong><\/em><\/span><\/p>\n<p style=\"text-align: justify;\"><span style=\"color: #333399;\"><em><strong>Ahora bien, junto a las posibilidades que el destino ofrece en estas alturas (planetario, restaurante, observatorio astron\u00f3mico y meteorol\u00f3gico, terrazas equipadas, sol\u00e1rium con tumbonas, placas orientativas donde identificar las cumbres que nos rodean, etc., etc.), hoy quiero destacar uno de ellos con especial \u00e9nfasis: el pont\u00f3n del cielo.<\/strong><\/em><\/span><\/p>\n<p style=\"text-align: justify;\"><span style=\"color: #333399;\"><em><strong>Se trata de una espectacular plataforma, una pasarela met\u00e1lica de doce metros de longitud (accesible tambi\u00e9n para personas con movilidad reducida), suspendida en el vac\u00edo.<\/strong><\/em><\/span><\/p>\n<p><a href=\"https:\/\/www.turistamagazine.com\/v2\/wp-content\/uploads\/2022\/10\/Ponton-de-Pic.jpg\"><img decoding=\"async\" class=\"wp-image-58531 aligncenter\" src=\"https:\/\/www.turistamagazine.com\/v2\/wp-content\/uploads\/2022\/10\/Ponton-de-Pic.jpg\" alt=\"\" width=\"630\" height=\"380\" srcset=\"https:\/\/www.turistamagazine.com\/v2\/wp-content\/uploads\/2022\/10\/Ponton-de-Pic.jpg 640w, https:\/\/www.turistamagazine.com\/v2\/wp-content\/uploads\/2022\/10\/Ponton-de-Pic-300x181.jpg 300w, https:\/\/www.turistamagazine.com\/v2\/wp-content\/uploads\/2022\/10\/Ponton-de-Pic-610x368.jpg 610w\" sizes=\"(max-width: 630px) 100vw, 630px\" \/><\/a><\/p>\n<p style=\"text-align: justify;\"><span style=\"color: #800080;\"><em><strong>Un balc\u00f3n sin igual en el que los constructores tuvieron en cuenta las dif\u00edciles y extremas condiciones clim\u00e1ticas del entorno. Una obra innovadora cuya estructura llega a soportar vientos de hasta 250 km\/h y 25 toneladas de nieve.<\/strong><\/em><\/span><\/p>\n<p style=\"text-align: justify;\"><span style=\"color: #333399;\"><em><strong>Todo el que sube en el telef\u00e9rico hasta la cima de Pic du Midi quiere pasear por esta pasarela \u00fanica cuyo extremo, para hacer el paseo m\u00e1s fascinante, est\u00e1 acristalado. Un reclamo tur\u00edstico m\u00e1s de esta ascensi\u00f3n.<\/strong><\/em><\/span><\/p>\n<p style=\"text-align: justify;\"><span style=\"color: #333399;\"><em><strong>Tuve la oportunidad de recorrerla en un d\u00eda donde las nubes parec\u00edan tragarse la pasarela y, aun as\u00ed, conocedor de la altura en la que me encontraba y que no pod\u00eda ver las monta\u00f1as circundantes, no dejaba de resultar atractiva la experiencia. L\u00f3gicamente, desde su apertura (con acceso libre) ha causado sensaci\u00f3n entre los viajeros. Es una de las fotos obligadas de este destino monta\u00f1oso por las sensaciones in\u00e9ditas que se perciben.<\/strong><\/em><\/span><\/p>\n<p><a href=\"https:\/\/www.turistamagazine.com\/v2\/wp-content\/uploads\/2022\/10\/Paris.jpg\"><img decoding=\"async\" class=\"wp-image-58533 aligncenter\" src=\"https:\/\/www.turistamagazine.com\/v2\/wp-content\/uploads\/2022\/10\/Paris.jpg\" alt=\"\" width=\"630\" height=\"420\" srcset=\"https:\/\/www.turistamagazine.com\/v2\/wp-content\/uploads\/2022\/10\/Paris.jpg 640w, https:\/\/www.turistamagazine.com\/v2\/wp-content\/uploads\/2022\/10\/Paris-300x200.jpg 300w, https:\/\/www.turistamagazine.com\/v2\/wp-content\/uploads\/2022\/10\/Paris-630x420.jpg 630w, https:\/\/www.turistamagazine.com\/v2\/wp-content\/uploads\/2022\/10\/Paris-610x407.jpg 610w\" sizes=\"(max-width: 630px) 100vw, 630px\" \/><\/a><\/p>\n<p>&nbsp;<\/p>\n<p style=\"text-align: justify;\"><span style=\"color: #333399;\"><em><strong>Su construcci\u00f3n, ciertamente dif\u00edcil y compleja, fue tambi\u00e9n todo un reto, habi\u00e9ndose utilizado en algunos casos helic\u00f3pteros para transportar algunas de sus grandes piezas.<\/strong><\/em><\/span><\/p>\n<p style=\"text-align: justify;\"><span style=\"color: #333399;\"><em><strong>F\u00e1cil, tras leer los p\u00e1rrafos anteriores, entender por qu\u00e9 se llama el pont\u00f3n del cielo. Desde luego, este peque\u00f1o recorrido de poco m\u00e1s de una decena de metros \u2013no aconsejable para las personas que sufran v\u00e9rtigo- es mucho m\u00e1s que un simple mirador con espectaculares vistas.<\/strong><\/em><\/span><\/p>\n<p style=\"text-align: justify;\"><span style=\"color: #800080;\"><em><strong>La belleza del entorno es tal que no s\u00f3lo se extiende bajo nuestros pies (con las cimas que pueden divisarse) sino que, sobre nosotros, debido a las singulares condiciones del cielo en este territorio, se encuentra una \u201cReserva Internacional de Cielo Estrellado\u201d, siendo tambi\u00e9n un privilegiado lugar para la observaci\u00f3n astron\u00f3mica.<\/strong><\/em><\/span><\/p>\n<p><a href=\"https:\/\/www.turistamagazine.com\/v2\/wp-content\/uploads\/2022\/10\/IMG_9007-1.jpg\"><img decoding=\"async\" class=\"wp-image-58534 aligncenter\" src=\"https:\/\/www.turistamagazine.com\/v2\/wp-content\/uploads\/2022\/10\/IMG_9007-1.jpg\" alt=\"\" width=\"630\" height=\"420\" srcset=\"https:\/\/www.turistamagazine.com\/v2\/wp-content\/uploads\/2022\/10\/IMG_9007-1.jpg 800w, https:\/\/www.turistamagazine.com\/v2\/wp-content\/uploads\/2022\/10\/IMG_9007-1-300x200.jpg 300w, https:\/\/www.turistamagazine.com\/v2\/wp-content\/uploads\/2022\/10\/IMG_9007-1-768x512.jpg 768w, https:\/\/www.turistamagazine.com\/v2\/wp-content\/uploads\/2022\/10\/IMG_9007-1-630x420.jpg 630w, https:\/\/www.turistamagazine.com\/v2\/wp-content\/uploads\/2022\/10\/IMG_9007-1-610x406.jpg 610w\" sizes=\"(max-width: 630px) 100vw, 630px\" \/><\/a><\/p>\n<p style=\"text-align: justify;\"><span style=\"color: #333399;\"><em><strong>Es cierto que \u00faltimamente, en muchos lugares del mundo, este tipo de \u201cbalcones\/pasarelas\/miradores\u201d se han puesto de moda como potente atractivo a sumar en los destinos a los que se viaja. Pic du MIdi no pod\u00eda ser menos y, desde hace pocos a\u00f1os, tiene su singular balc\u00f3n.<\/strong><\/em><\/span><\/p>\n<p><a href=\"https:\/\/www.turistamagazine.com\/v2\/wp-content\/uploads\/2022\/10\/IMG_9006.jpg\"><img decoding=\"async\" class=\"wp-image-58535 aligncenter\" src=\"https:\/\/www.turistamagazine.com\/v2\/wp-content\/uploads\/2022\/10\/IMG_9006.jpg\" alt=\"\" width=\"630\" height=\"347\" srcset=\"https:\/\/www.turistamagazine.com\/v2\/wp-content\/uploads\/2022\/10\/IMG_9006.jpg 800w, https:\/\/www.turistamagazine.com\/v2\/wp-content\/uploads\/2022\/10\/IMG_9006-300x165.jpg 300w, https:\/\/www.turistamagazine.com\/v2\/wp-content\/uploads\/2022\/10\/IMG_9006-768x422.jpg 768w, https:\/\/www.turistamagazine.com\/v2\/wp-content\/uploads\/2022\/10\/IMG_9006-764x420.jpg 764w, https:\/\/www.turistamagazine.com\/v2\/wp-content\/uploads\/2022\/10\/IMG_9006-610x336.jpg 610w\" sizes=\"(max-width: 630px) 100vw, 630px\" \/><\/a><\/p>\n<p style=\"text-align: justify;\"><span style=\"color: #333399;\"><em><strong>En fin, \u00e9ste es el pont\u00f3n del cielo. Por mucho que escriba, por mucho que lo detalle, por mucho que me explaye, nada como vivirlo \u201cin situ\u201d.<\/strong><\/em><\/span><\/p>\n<p><strong>Director de Narrogeographic- Espa\u00f1a<\/strong><\/p>\n<h2 class=\"_aacl _aacs _aact _aacx _aada\"><\/h2>\n","protected":false},"excerpt":{"rendered":"<p>Por. Juan Antonio\u00a0 Narro* A 2.877 metros de altura, entre cimas monta\u00f1osas, descubrimos un lugar de obligada visita en esta zona de los Pirineos franceses. Su nombre: Pic du Midi (www.picdumidi.com).Dicen, y con raz\u00f3n, que algunas de las grandes panor\u00e1micas de esta cordillera se obtienen desde aqu\u00ed. Ahora bien, junto a las posibilidades que el destino ofrece en estas alturas (planetario, restaurante, observatorio astron\u00f3mico y meteorol\u00f3gico, terrazas equipadas, sol\u00e1rium con tumbonas, placas orientativas donde identificar las cumbres que nos rodean, etc., etc.), hoy quiero destacar uno de ellos con especial \u00e9nfasis: el pont\u00f3n del cielo. Se trata de una espectacular&#8230;<\/p>\n","protected":false},"author":1,"featured_media":58530,"comment_status":"open","ping_status":"open","sticky":false,"template":"","format":"standard","meta":{"footnotes":""},"categories":[86],"tags":[10635,11728,10219,10556],"class_list":["post-58529","post","type-post","status-publish","format-standard","has-post-thumbnail","hentry","category-destinos","tag-elenahonoresdirectora","tag-juanantonionarro","tag-semanarioturistamagazine","tag-turismagazine"],"_links":{"self":[{"href":"https:\/\/www.turistamagazine.com\/v2\/index.php?rest_route=\/wp\/v2\/posts\/58529","targetHints":{"allow":["GET"]}}],"collection":[{"href":"https:\/\/www.turistamagazine.com\/v2\/index.php?rest_route=\/wp\/v2\/posts"}],"about":[{"href":"https:\/\/www.turistamagazine.com\/v2\/index.php?rest_route=\/wp\/v2\/types\/post"}],"author":[{"embeddable":true,"href":"https:\/\/www.turistamagazine.com\/v2\/index.php?rest_route=\/wp\/v2\/users\/1"}],"replies":[{"embeddable":true,"href":"https:\/\/www.turistamagazine.com\/v2\/index.php?rest_route=%2Fwp%2Fv2%2Fcomments&post=58529"}],"version-history":[{"count":3,"href":"https:\/\/www.turistamagazine.com\/v2\/index.php?rest_route=\/wp\/v2\/posts\/58529\/revisions"}],"predecessor-version":[{"id":58558,"href":"https:\/\/www.turistamagazine.com\/v2\/index.php?rest_route=\/wp\/v2\/posts\/58529\/revisions\/58558"}],"wp:featuredmedia":[{"embeddable":true,"href":"https:\/\/www.turistamagazine.com\/v2\/index.php?rest_route=\/wp\/v2\/media\/58530"}],"wp:attachment":[{"href":"https:\/\/www.turistamagazine.com\/v2\/index.php?rest_route=%2Fwp%2Fv2%2Fmedia&parent=58529"}],"wp:term":[{"taxonomy":"category","embeddable":true,"href":"https:\/\/www.turistamagazine.com\/v2\/index.php?rest_route=%2Fwp%2Fv2%2Fcategories&post=58529"},{"taxonomy":"post_tag","embeddable":true,"href":"https:\/\/www.turistamagazine.com\/v2\/index.php?rest_route=%2Fwp%2Fv2%2Ftags&post=58529"}],"curies":[{"name":"wp","href":"https:\/\/api.w.org\/{rel}","templated":true}]}}