{"id":58456,"date":"2022-10-20T15:21:38","date_gmt":"2022-10-20T20:21:38","guid":{"rendered":"https:\/\/www.turistamagazine.com\/v2\/?p=58456"},"modified":"2022-10-20T15:21:38","modified_gmt":"2022-10-20T20:21:38","slug":"vivir-sin-corriente-electrica-en-europa-es-posible-el-pueblo-suizo-de-sonlerto-es-la-prueba","status":"publish","type":"post","link":"https:\/\/www.turistamagazine.com\/v2\/?p=58456","title":{"rendered":"VIVIR SIN CORRIENTE EL\u00c9CTRICA EN EUROPA ES POSIBLE: EL PUEBLO SUIZO DE SONLERTO ES LA PRUEBA"},"content":{"rendered":"<p style=\"text-align: center;\"><span style=\"color: #800080;\"><em><strong>El peque\u00f1o y hermoso pueblo de Sonlerto, en lo m\u00e1s profundo del valle suizo de Bavona, posee una particularidad que, en pleno siglo XXI, lo hace \u00fanico en Europa: sus ciudadanos viven sin conexi\u00f3n alguna a red el\u00e9ctrica.<\/strong><\/em><\/span><\/p>\n<p style=\"text-align: justify;\"><span style=\"color: #333399;\"><em><strong>Bice Tonini, de 88 a\u00f1os de edad, vive en Sonlerto desde que naci\u00f3, y se siente muy orgullosa de la incre\u00edble caracter\u00edstica su pueblo:<\/strong><\/em><\/span><\/p>\n<p style=\"text-align: justify;\"><span style=\"color: #800080;\"><em><strong>\u00abVeo tanto despilfarro hoy en d\u00eda, incluida la electricidad, tantas luces por todas partes&#8230;\u00bb, lamenta Bice. \u00abAqu\u00ed no, aqu\u00ed todo est\u00e1 oscuro, no hay ni siquiera una farola\u00bb.<\/strong><\/em><\/span><\/p>\n<p style=\"text-align: justify;\"><span style=\"color: #333399;\"><em><strong>Algunos paneles solares, la madera para calentar las casas y las bombonas de gas son todo lo que necesitan los habitantes de Sonlerto, habitado solo durante el verano.<\/strong><\/em><\/span><\/p>\n<p style=\"text-align: justify;\"><span style=\"color: #333399;\"><em><strong>Romano Dad\u00f2, es exconcejal de Cevio y vecino del valle, y confiesa que \u00abpara nosotros, reducir el consumo de muchas cosas no es un problema. Todav\u00eda sabemos vivir as\u00ed!.<\/strong><\/em><\/span><\/p>\n<p style=\"text-align: justify;\"><span style=\"color: #800080;\"><em><strong>Falta de infraestructura<\/strong><\/em><\/span><\/p>\n<p style=\"text-align: justify;\"><span style=\"color: #333399;\"><em><strong>Lo cierto es que Sonlerto no est\u00e1 muy lejos de una electricidad producida por las presas situadas en lo alto del valle. Pero conectar la red al pueblo es demasiado caro, y son las regiones germanas de Suiza, con medios financieros para crear esta infraestructura, los que se benefician de ella.<\/strong><\/em><\/span><\/p>\n<p style=\"text-align: justify;\"><span style=\"color: #333399;\"><em><strong><span style=\"color: #800080;\">\u00abLas grandes ciudades de la Suiza de habla alemana, vinieron aqu\u00ed para obtener electricidad, construyeron presas all\u00e1 arriba y pagaron un poco por el territorio que, en cierta forma, robaron\u00bb,<\/span> nos cuenta Romano.<\/strong><\/em><\/span><\/p>\n<p style=\"text-align: justify;\"><span style=\"color: #333399;\"><em><strong>Por supuesto, esta vida sobria no es del gusto de todos. Martino Giovanettina tiene un restaurante en Foroglio, tambi\u00e9n en el valle. Martino lamenta c\u00f3mo la falta de energ\u00eda le impide abrirse al turismo:<\/strong><\/em><\/span><\/p>\n<p style=\"text-align: justify;\"><span style=\"color: #800080;\"><em><strong>\u00abLlegu\u00e9 aqu\u00ed hace m\u00e1s o menos treinta a\u00f1os, cuando hab\u00eda dificultades evidentes debido a la situaci\u00f3n energ\u00e9tica y a la situaci\u00f3n urban\u00edstica. El a\u00f1o pasado hicimos una gran inversi\u00f3n y hubo grandes dificultades de planificaci\u00f3n\u00bb.<\/strong><\/em><\/span><\/p>\n<p style=\"text-align: justify;\"><span style=\"color: #333399;\"><em><strong>Una forma de vida, en defintiva, solo apta para aquellos capaces de, con todas sus consecuencias, desconectar.<\/strong><\/em><\/span><\/p>\n<p>&nbsp;<\/p>\n","protected":false},"excerpt":{"rendered":"<p>El peque\u00f1o y hermoso pueblo de Sonlerto, en lo m\u00e1s profundo del valle suizo de Bavona, posee una particularidad que, en pleno siglo XXI, lo hace \u00fanico en Europa: sus ciudadanos viven sin conexi\u00f3n alguna a red el\u00e9ctrica. Bice Tonini, de 88 a\u00f1os de edad, vive en Sonlerto desde que naci\u00f3, y se siente muy orgullosa de la incre\u00edble caracter\u00edstica su pueblo: \u00abVeo tanto despilfarro hoy en d\u00eda, incluida la electricidad, tantas luces por todas partes&#8230;\u00bb, lamenta Bice. \u00abAqu\u00ed no, aqu\u00ed todo est\u00e1 oscuro, no hay ni siquiera una farola\u00bb. Algunos paneles solares, la madera para calentar las casas y&#8230;<\/p>\n","protected":false},"author":1,"featured_media":58457,"comment_status":"open","ping_status":"open","sticky":false,"template":"","format":"standard","meta":{"footnotes":""},"categories":[4,84],"tags":[10635,10219,12268,10556],"class_list":["post-58456","post","type-post","status-publish","format-standard","has-post-thumbnail","hentry","category-breaking-news","category-internacionales","tag-elenahonoresdirectora","tag-semanarioturistamagazine","tag-sonlertosuiza","tag-turismagazine"],"_links":{"self":[{"href":"https:\/\/www.turistamagazine.com\/v2\/index.php?rest_route=\/wp\/v2\/posts\/58456","targetHints":{"allow":["GET"]}}],"collection":[{"href":"https:\/\/www.turistamagazine.com\/v2\/index.php?rest_route=\/wp\/v2\/posts"}],"about":[{"href":"https:\/\/www.turistamagazine.com\/v2\/index.php?rest_route=\/wp\/v2\/types\/post"}],"author":[{"embeddable":true,"href":"https:\/\/www.turistamagazine.com\/v2\/index.php?rest_route=\/wp\/v2\/users\/1"}],"replies":[{"embeddable":true,"href":"https:\/\/www.turistamagazine.com\/v2\/index.php?rest_route=%2Fwp%2Fv2%2Fcomments&post=58456"}],"version-history":[{"count":1,"href":"https:\/\/www.turistamagazine.com\/v2\/index.php?rest_route=\/wp\/v2\/posts\/58456\/revisions"}],"predecessor-version":[{"id":58458,"href":"https:\/\/www.turistamagazine.com\/v2\/index.php?rest_route=\/wp\/v2\/posts\/58456\/revisions\/58458"}],"wp:featuredmedia":[{"embeddable":true,"href":"https:\/\/www.turistamagazine.com\/v2\/index.php?rest_route=\/wp\/v2\/media\/58457"}],"wp:attachment":[{"href":"https:\/\/www.turistamagazine.com\/v2\/index.php?rest_route=%2Fwp%2Fv2%2Fmedia&parent=58456"}],"wp:term":[{"taxonomy":"category","embeddable":true,"href":"https:\/\/www.turistamagazine.com\/v2\/index.php?rest_route=%2Fwp%2Fv2%2Fcategories&post=58456"},{"taxonomy":"post_tag","embeddable":true,"href":"https:\/\/www.turistamagazine.com\/v2\/index.php?rest_route=%2Fwp%2Fv2%2Ftags&post=58456"}],"curies":[{"name":"wp","href":"https:\/\/api.w.org\/{rel}","templated":true}]}}