{"id":58314,"date":"2022-12-29T18:05:16","date_gmt":"2022-12-29T23:05:16","guid":{"rendered":"https:\/\/www.turistamagazine.com\/v2\/?p=58314"},"modified":"2022-12-29T18:52:29","modified_gmt":"2022-12-29T23:52:29","slug":"lamas-cautivate-con-atractivos-de-la-capital-folclorica-de-san-martin-en-su-366-efemeride","status":"publish","type":"post","link":"https:\/\/www.turistamagazine.com\/v2\/?p=58314","title":{"rendered":"LA OMT ELIGE A LAMAS CAPITAL FOLCL\u00d3RICA DE SAN MART\u00cdN ENTRE MEJORES PUEBLOS PARA EL TURISMO DE 2022"},"content":{"rendered":"<p style=\"text-align: center;\"><span style=\"color: #333399;\"><em><strong>Es conocida tambi\u00e9n como la \u201cCiudad de los tres pisos naturales\u201d, t\u00edtulo que le fuera dado por el sabio italiano Antonio Raimondi debido a las tres mesetas que se distinguen en su territorio.<\/strong><\/em><\/span><\/p>\n<p style=\"text-align: center;\"><span style=\"color: #800080;\"><em><strong>Cultura viva ancestral y plet\u00f3rica belleza natural son el sello que caracteriza a este destino tur\u00edstico<\/strong><\/em><\/span><\/p>\n<p style=\"text-align: justify;\"><span style=\"color: #333399;\"><em><strong>Reconocida como la \u201cCapital folcl\u00f3rica de la regi\u00f3n San Mart\u00edn\u201d, la ciudad de Lamas celebra su 366 aniversario de fundaci\u00f3n espa\u00f1ola, lo que la convierte en una de las primeras urbes creadas en la selva peruana. Esta efem\u00e9ride nos invita a visitar y disfrutar de sus cautivantes atractivos tur\u00edsticos plet\u00f3ricos de cultura viva de origen ancestral y lugares de magn\u00edfica belleza natural.<\/strong><\/em><\/span><\/p>\n<p style=\"text-align: justify;\"><span style=\"color: #800080;\"><em><strong>Fundada el 10 de octubre de 1656 con el nombre de \u00abLa ciudad del Triunfo de la Sant\u00edsima Cruz de los Motilones de Lamas\u00bb, esta bella urbe de ceja de selva se localiza a 20 kil\u00f3metros al noroeste de la ciudad de Tarapoto, entre los 310 y los 920 metros sobre el nivel del mar.<\/strong><\/em><\/span><\/p>\n<p style=\"text-align: justify;\"><span style=\"color: #333399;\"><em><strong>En la ciudad de Lamas, capital del distrito y provincia hom\u00f3nimos, se pueden identificar dos sectores muy marcados. Por un lado, est\u00e1 la zona baja donde se encuentra el centro poblado El Wayku, lugar de residencia de las comunidades ind\u00edgenas quechuahablantes de ancestros chankas y su formidable riqueza cultural expresada en sus tejidos, vestimenta, cer\u00e1mica y otras formas de artesan\u00eda de gran belleza. Y por otro lado est\u00e1 la zona alta donde vive la mayor parte de la poblaci\u00f3n que es mestiza.<\/strong><\/em><\/span><\/p>\n<p style=\"text-align: justify;\"><span style=\"color: #333399;\"><em><strong>Atractivos tur\u00edsticos<\/strong><\/em><\/span><\/p>\n<div id=\"attachment_58316\" style=\"width: 640px\" class=\"wp-caption aligncenter\"><a href=\"https:\/\/www.turistamagazine.com\/v2\/wp-content\/uploads\/2022\/10\/Museo.jpg\"><img decoding=\"async\" aria-describedby=\"caption-attachment-58316\" class=\"wp-image-58316\" src=\"https:\/\/www.turistamagazine.com\/v2\/wp-content\/uploads\/2022\/10\/Museo.jpg\" alt=\"\" width=\"630\" height=\"420\" srcset=\"https:\/\/www.turistamagazine.com\/v2\/wp-content\/uploads\/2022\/10\/Museo.jpg 500w, https:\/\/www.turistamagazine.com\/v2\/wp-content\/uploads\/2022\/10\/Museo-300x200.jpg 300w\" sizes=\"(max-width: 630px) 100vw, 630px\" \/><\/a><p id=\"caption-attachment-58316\" class=\"wp-caption-text\"><span style=\"color: #333399;\"><em><strong>Museo Chanka y de la diversidad Lamista Exhibici\u00f3n privada de una variedad de objetos de valor hist\u00f3rico art\u00edstico de la cultura lamista e historias diversas de la selva. Ubicado en el jir\u00f3n San Martin cuadra 11. La visita es de lunes a s\u00e1bado, de 8:00 a.m. a 5:00 p.m.<\/strong><\/em><\/span><\/p><\/div>\n<p style=\"text-align: justify;\"><span style=\"color: #333399;\"><em><strong>Centro poblado Comunidad Kewhua \u00abEl Wayku\u00bb<\/strong><\/em><\/span><\/p>\n<p style=\"text-align: justify;\"><span style=\"color: #333399;\"><em><strong>Su valor se sustenta en ser la \u00fanica etnia kechwa en la amazonia peruana. Conserva intactas sus costumbres ancestrales, como su idioma (kechwa lamista), su vestimenta, la arquitectura de sus casas hechas de tapial con techos de palma o tejas, sin ventanas, con la creencia de impedir el ingreso de los \u201cmalos esp\u00edritus\u201d. Visitar\u00e1 las tiendas de artesan\u00edas y su pintoresca Plaza de la Cultura.<\/strong><\/em><\/span><\/p>\n<p><a href=\"https:\/\/www.turistamagazine.com\/v2\/wp-content\/uploads\/2022\/10\/centro-poblado.jpg\"><img decoding=\"async\" class=\"wp-image-58317 aligncenter\" src=\"https:\/\/www.turistamagazine.com\/v2\/wp-content\/uploads\/2022\/10\/centro-poblado.jpg\" alt=\"\" width=\"630\" height=\"422\" srcset=\"https:\/\/www.turistamagazine.com\/v2\/wp-content\/uploads\/2022\/10\/centro-poblado.jpg 500w, https:\/\/www.turistamagazine.com\/v2\/wp-content\/uploads\/2022\/10\/centro-poblado-300x201.jpg 300w\" sizes=\"(max-width: 630px) 100vw, 630px\" \/><\/a><\/p>\n<p style=\"text-align: justify;\"><span style=\"color: #333399;\"><em><strong>Castillo de Lamas<\/strong><\/em><\/span><\/p>\n<p style=\"text-align: justify;\"><span style=\"color: #333399;\"><em><strong>Construido en el siglo XX con piedra natural, este imponente lugar tiene una arquitectura inspirada en los castillos medievales europeos y es el \u00fanico de su tipo en la regi\u00f3n San Mart\u00edn. Es un lugar de promoci\u00f3n del arte y la cultura local y regional. Cuenta con una cafeter\u00eda donde se puede comprar artesan\u00edas y degustar caf\u00e9 y chocolates de la regi\u00f3n. Se puede visitar de lunes a domingo de 9:00 a.m. a 6:00 p.m.<\/strong><\/em><\/span><\/p>\n<div id=\"attachment_58319\" style=\"width: 640px\" class=\"wp-caption aligncenter\"><a href=\"https:\/\/www.turistamagazine.com\/v2\/wp-content\/uploads\/2022\/10\/Castillo-de-Lamas.jpg\"><img decoding=\"async\" aria-describedby=\"caption-attachment-58319\" class=\"wp-image-58319\" src=\"https:\/\/www.turistamagazine.com\/v2\/wp-content\/uploads\/2022\/10\/Castillo-de-Lamas.jpg\" alt=\"\" width=\"630\" height=\"425\" srcset=\"https:\/\/www.turistamagazine.com\/v2\/wp-content\/uploads\/2022\/10\/Castillo-de-Lamas.jpg 500w, https:\/\/www.turistamagazine.com\/v2\/wp-content\/uploads\/2022\/10\/Castillo-de-Lamas-300x202.jpg 300w\" sizes=\"(max-width: 630px) 100vw, 630px\" \/><\/a><p id=\"caption-attachment-58319\" class=\"wp-caption-text\"><span style=\"color: #333399;\"><em><strong>Castillo de Lamas<\/strong><\/em><\/span><\/p><\/div>\n<div id=\"attachment_58318\" style=\"width: 640px\" class=\"wp-caption aligncenter\"><a href=\"https:\/\/www.turistamagazine.com\/v2\/wp-content\/uploads\/2022\/10\/Catarata.jpg\"><img decoding=\"async\" aria-describedby=\"caption-attachment-58318\" class=\"wp-image-58318\" src=\"https:\/\/www.turistamagazine.com\/v2\/wp-content\/uploads\/2022\/10\/Catarata.jpg\" alt=\"\" width=\"630\" height=\"423\" srcset=\"https:\/\/www.turistamagazine.com\/v2\/wp-content\/uploads\/2022\/10\/Catarata.jpg 500w, https:\/\/www.turistamagazine.com\/v2\/wp-content\/uploads\/2022\/10\/Catarata-300x202.jpg 300w\" sizes=\"(max-width: 630px) 100vw, 630px\" \/><\/a><p id=\"caption-attachment-58318\" class=\"wp-caption-text\"><span style=\"color: #333399;\"><em><strong>Cascada de Maraysillo. Esta hermosa ca\u00edda de agua tiene una pendiente de solo 20 metros y desemboca en una poza natural, donde es posible refrescarse tras la caminata de 4.5 Kil\u00f3metros que se requiere para llegar a este hermoso lugar.<\/strong><\/em><\/span><\/p><\/div>\n<p style=\"text-align: justify;\"><span style=\"color: #333399;\"><em><strong>Cascada de Renacayacu<\/strong><\/em><\/span><\/p>\n<p><a href=\"https:\/\/www.turistamagazine.com\/v2\/wp-content\/uploads\/2022\/10\/Casacada.jpg\"><img decoding=\"async\" class=\"wp-image-58321 aligncenter\" src=\"https:\/\/www.turistamagazine.com\/v2\/wp-content\/uploads\/2022\/10\/Casacada.jpg\" alt=\"\" width=\"630\" height=\"420\" srcset=\"https:\/\/www.turistamagazine.com\/v2\/wp-content\/uploads\/2022\/10\/Casacada.jpg 500w, https:\/\/www.turistamagazine.com\/v2\/wp-content\/uploads\/2022\/10\/Casacada-300x200.jpg 300w\" sizes=\"(max-width: 630px) 100vw, 630px\" \/><\/a><\/p>\n<p style=\"text-align: justify;\"><span style=\"color: #333399;\"><em><strong>Su nombre se debe a la presencia de \u00e1rboles de renaco en su entorno y es, al igual que Maraysillo, un interesante punto tur\u00edstico de Lamas, no solo por el bello escenario natural y paisaj\u00edstico que posee, sino tambi\u00e9n porque presenta un atractivo sendero para quienes gustan del excursionismo.<\/strong><\/em><\/span><\/p>\n<div id=\"attachment_58320\" style=\"width: 640px\" class=\"wp-caption aligncenter\"><a href=\"https:\/\/www.turistamagazine.com\/v2\/wp-content\/uploads\/2022\/10\/Casacada1.jpg\"><img decoding=\"async\" aria-describedby=\"caption-attachment-58320\" class=\"wp-image-58320\" src=\"https:\/\/www.turistamagazine.com\/v2\/wp-content\/uploads\/2022\/10\/Casacada1.jpg\" alt=\"\" width=\"630\" height=\"459\" srcset=\"https:\/\/www.turistamagazine.com\/v2\/wp-content\/uploads\/2022\/10\/Casacada1.jpg 500w, https:\/\/www.turistamagazine.com\/v2\/wp-content\/uploads\/2022\/10\/Casacada1-300x218.jpg 300w, https:\/\/www.turistamagazine.com\/v2\/wp-content\/uploads\/2022\/10\/Casacada1-220x160.jpg 220w\" sizes=\"(max-width: 630px) 100vw, 630px\" \/><\/a><p id=\"caption-attachment-58320\" class=\"wp-caption-text\"><span style=\"color: #333399;\"><em><strong>Cascada de Chapawanki Esta ca\u00edda de agua es de mayor altura que Maraysillo y Renacayacu y para llegar a ella se requiere de una caminata por un sendero de 5.4 Kil\u00f3metros. El camino que conduce a esta cascada cuenta con se\u00f1alizaci\u00f3n y presenta en su ruta una maloca que anuncia el pr\u00f3ximo acceso al recurso.<\/strong><\/em><\/span><\/p><\/div>\n<p style=\"text-align: justify;\"><span style=\"color: #333399;\"><em><strong>Pampa del Olvido<\/strong><\/em><\/span><\/p>\n<p style=\"text-align: justify;\"><span style=\"color: #333399;\"><em><strong>Este hermoso paraje de Lamas ocupa una extensi\u00f3n de 400 hect\u00e1reas. Las visitas a este escenario natural son atractivas para el visitante interesado en el turismo de aventura, dado que presenta zonas para excursionismo de hasta 24 kil\u00f3metros.<\/strong><\/em><\/span><\/p>\n<div id=\"attachment_58322\" style=\"width: 640px\" class=\"wp-caption aligncenter\"><a href=\"https:\/\/www.turistamagazine.com\/v2\/wp-content\/uploads\/2022\/10\/Pamapa-del-olvido.jpg\"><img decoding=\"async\" aria-describedby=\"caption-attachment-58322\" class=\"wp-image-58322\" src=\"https:\/\/www.turistamagazine.com\/v2\/wp-content\/uploads\/2022\/10\/Pamapa-del-olvido.jpg\" alt=\"\" width=\"630\" height=\"421\" srcset=\"https:\/\/www.turistamagazine.com\/v2\/wp-content\/uploads\/2022\/10\/Pamapa-del-olvido.jpg 500w, https:\/\/www.turistamagazine.com\/v2\/wp-content\/uploads\/2022\/10\/Pamapa-del-olvido-300x200.jpg 300w\" sizes=\"(max-width: 630px) 100vw, 630px\" \/><\/a><p id=\"caption-attachment-58322\" class=\"wp-caption-text\"><em><strong><span style=\"color: #333399;\">Pampa del Olvido<\/span><\/strong><\/em><\/p><\/div>\n<p style=\"text-align: justify;\"><span style=\"color: #333399;\"><em><strong>Gastronom\u00eda t\u00edpica<\/strong><\/em><\/span><\/p>\n<p style=\"text-align: justify;\"><span style=\"color: #333399;\"><em><strong>La gastronom\u00eda t\u00edpica de Lamas est\u00e1 representada por sabrosos potajes como guiso de michucsi, sara api de puspino, inchi uchu, pl\u00e1tano api con paiche, nina juane de majambo, entre otros.<\/strong><\/em><\/span><\/p>\n<p><a href=\"https:\/\/www.turistamagazine.com\/v2\/wp-content\/uploads\/2022\/10\/Gastronomia-deLamas.jpg\"><img decoding=\"async\" class=\"wp-image-58323 aligncenter\" src=\"https:\/\/www.turistamagazine.com\/v2\/wp-content\/uploads\/2022\/10\/Gastronomia-deLamas.jpg\" alt=\"\" width=\"630\" height=\"396\" srcset=\"https:\/\/www.turistamagazine.com\/v2\/wp-content\/uploads\/2022\/10\/Gastronomia-deLamas.jpg 500w, https:\/\/www.turistamagazine.com\/v2\/wp-content\/uploads\/2022\/10\/Gastronomia-deLamas-300x188.jpg 300w, https:\/\/www.turistamagazine.com\/v2\/wp-content\/uploads\/2022\/10\/Gastronomia-deLamas-158x100.jpg 158w\" sizes=\"(max-width: 630px) 100vw, 630px\" \/><\/a><\/p>\n<p style=\"text-align: justify;\"><span style=\"color: #800080;\"><em><strong>Asimismo, revuelto de caigua, ajiaco de caigua, crema aj\u00ed de majambo, picadillo de paiche, casabe de yuca, hamburguesa de puspino y tamal criollo de michucsi.<\/strong><\/em><\/span><\/p>\n<p style=\"text-align: justify;\"><span style=\"color: #800080;\"><em><strong>Esto y mucho m\u00e1s encontrar\u00e1 dilecto lector en nuestra Amazon\u00eda peruana\u2026<\/strong><\/em><\/span><\/p>\n","protected":false},"excerpt":{"rendered":"<p>Es conocida tambi\u00e9n como la \u201cCiudad de los tres pisos naturales\u201d, t\u00edtulo que le fuera dado por el sabio italiano Antonio Raimondi debido a las tres mesetas que se distinguen en su territorio. Cultura viva ancestral y plet\u00f3rica belleza natural son el sello que caracteriza a este destino tur\u00edstico Reconocida como la \u201cCapital folcl\u00f3rica de la regi\u00f3n San Mart\u00edn\u201d, la ciudad de Lamas celebra su 366 aniversario de fundaci\u00f3n espa\u00f1ola, lo que la convierte en una de las primeras urbes creadas en la selva peruana. Esta efem\u00e9ride nos invita a visitar y disfrutar de sus cautivantes atractivos tur\u00edsticos plet\u00f3ricos de&#8230;<\/p>\n","protected":false},"author":1,"featured_media":58315,"comment_status":"open","ping_status":"open","sticky":false,"template":"","format":"standard","meta":{"footnotes":""},"categories":[346],"tags":[10635,10219,10556,12243],"class_list":["post-58314","post","type-post","status-publish","format-standard","has-post-thumbnail","hentry","category-francamente","tag-elenahonoresdirectora","tag-semanarioturistamagazine","tag-turismagazine","tag-lamas360aniversario"],"_links":{"self":[{"href":"https:\/\/www.turistamagazine.com\/v2\/index.php?rest_route=\/wp\/v2\/posts\/58314","targetHints":{"allow":["GET"]}}],"collection":[{"href":"https:\/\/www.turistamagazine.com\/v2\/index.php?rest_route=\/wp\/v2\/posts"}],"about":[{"href":"https:\/\/www.turistamagazine.com\/v2\/index.php?rest_route=\/wp\/v2\/types\/post"}],"author":[{"embeddable":true,"href":"https:\/\/www.turistamagazine.com\/v2\/index.php?rest_route=\/wp\/v2\/users\/1"}],"replies":[{"embeddable":true,"href":"https:\/\/www.turistamagazine.com\/v2\/index.php?rest_route=%2Fwp%2Fv2%2Fcomments&post=58314"}],"version-history":[{"count":3,"href":"https:\/\/www.turistamagazine.com\/v2\/index.php?rest_route=\/wp\/v2\/posts\/58314\/revisions"}],"predecessor-version":[{"id":59231,"href":"https:\/\/www.turistamagazine.com\/v2\/index.php?rest_route=\/wp\/v2\/posts\/58314\/revisions\/59231"}],"wp:featuredmedia":[{"embeddable":true,"href":"https:\/\/www.turistamagazine.com\/v2\/index.php?rest_route=\/wp\/v2\/media\/58315"}],"wp:attachment":[{"href":"https:\/\/www.turistamagazine.com\/v2\/index.php?rest_route=%2Fwp%2Fv2%2Fmedia&parent=58314"}],"wp:term":[{"taxonomy":"category","embeddable":true,"href":"https:\/\/www.turistamagazine.com\/v2\/index.php?rest_route=%2Fwp%2Fv2%2Fcategories&post=58314"},{"taxonomy":"post_tag","embeddable":true,"href":"https:\/\/www.turistamagazine.com\/v2\/index.php?rest_route=%2Fwp%2Fv2%2Ftags&post=58314"}],"curies":[{"name":"wp","href":"https:\/\/api.w.org\/{rel}","templated":true}]}}