{"id":58203,"date":"2022-11-05T10:00:05","date_gmt":"2022-11-05T15:00:05","guid":{"rendered":"https:\/\/www.turistamagazine.com\/v2\/?p=58203"},"modified":"2022-11-08T18:25:12","modified_gmt":"2022-11-08T23:25:12","slug":"los-misteriosos-ojos-de-agua-que-dieron-vida-a-la-cultura-nasca","status":"publish","type":"post","link":"https:\/\/www.turistamagazine.com\/v2\/?p=58203","title":{"rendered":"LOS MISTERIOSOS OJOS DE AGUA QUE DIERON VIDA A LA CULTURA NASCA"},"content":{"rendered":"<p style=\"text-align: center;\"><span style=\"color: #800080;\"><em><strong>Ica fue cuna de la cultura Nasca, cuyos pobladores llegaron a construir, hace m\u00e1s de mil a\u00f1os, kil\u00f3metros de acueductos subterr\u00e1neos.<\/strong><\/em><\/span><\/p>\n<p style=\"text-align: justify;\"><span style=\"color: #333399;\"><em><strong>Fuente: EFE<\/strong><\/em><\/span><\/p>\n<p style=\"text-align: justify;\"><span style=\"color: #800080;\"><em><strong>La polvorienta y des\u00e9rtica tierra de Ica, en la costa sur de Per\u00fa, fue cuna de la cultura Nasca, cuyos pobladores llegaron a construir, hace m\u00e1s de mil a\u00f1os, kil\u00f3metros de acueductos subterr\u00e1neos, que hoy el Estado peruano quiere volver a poner en valor.<\/strong><\/em><\/span><\/p>\n<p style=\"text-align: justify;\"><span style=\"color: #333399;\"><em><strong>\u00abEs un modelo tecnol\u00f3gico de suma importancia porque tenemos ac\u00e1 construcciones que datan entre los a\u00f1os 300 y 500 d. C. aproximadamente, lo que significa que hay una tecnolog\u00eda de 1.700 a\u00f1os de antig\u00fcedad que funcionaba y que funciona hoy en d\u00eda\u00bb, destac\u00f3 a Efe el director de la Direcci\u00f3n Desconcentrada de Cultura de Ica, Alberto Martorell, en los acueductos de Cantalloc.<\/strong><\/em><\/span><\/p>\n<p style=\"text-align: justify;\"><span style=\"color: #800080;\"><em><strong>El subsuelo de esta zona est\u00e1 lleno de redes subterr\u00e1neas de agua, que mayormente siguen en activo regando cultivos y palmeras del valle verde que destaca entre el \u00e1rido entorno.<\/strong><\/em><\/span><\/p>\n<p style=\"text-align: justify;\"><span style=\"color: #333399;\"><em><strong>\u00abEl recurso h\u00eddrico ha sido usado de una forma brillante en una zona des\u00e9rtica, permitiendo el florecimiento de una cultura tan importante como la Nasca en condiciones que si no desarrollaban esta respuesta, no hubiera existido este desarrollo cultural\u00bb, remarc\u00f3 Martorell.<\/strong><\/em><\/span><\/p>\n<div id=\"attachment_58206\" style=\"width: 640px\" class=\"wp-caption aligncenter\"><a href=\"https:\/\/www.turistamagazine.com\/v2\/wp-content\/uploads\/2022\/09\/ojo-de-agua.jpg\"><img decoding=\"async\" aria-describedby=\"caption-attachment-58206\" class=\"wp-image-58206\" src=\"https:\/\/www.turistamagazine.com\/v2\/wp-content\/uploads\/2022\/09\/ojo-de-agua.jpg\" alt=\"\" width=\"630\" height=\"420\" srcset=\"https:\/\/www.turistamagazine.com\/v2\/wp-content\/uploads\/2022\/09\/ojo-de-agua.jpg 800w, https:\/\/www.turistamagazine.com\/v2\/wp-content\/uploads\/2022\/09\/ojo-de-agua-300x200.jpg 300w, https:\/\/www.turistamagazine.com\/v2\/wp-content\/uploads\/2022\/09\/ojo-de-agua-768x512.jpg 768w, https:\/\/www.turistamagazine.com\/v2\/wp-content\/uploads\/2022\/09\/ojo-de-agua-630x420.jpg 630w, https:\/\/www.turistamagazine.com\/v2\/wp-content\/uploads\/2022\/09\/ojo-de-agua-610x406.jpg 610w\" sizes=\"(max-width: 630px) 100vw, 630px\" \/><\/a><p id=\"caption-attachment-58206\" class=\"wp-caption-text\"><span style=\"color: #333399;\"><strong><em>Los acueductos recogen y canalizan aguas procedentes de los Andes, as\u00ed como de r\u00edos cercanos y manantiales a trav\u00e9s de galer\u00edas que salen a la superficie en zonas de cultivo o permanecen subterr\u00e1neas.<\/em><\/strong><\/span><\/p><\/div>\n<p style=\"text-align: justify;\"><span style=\"color: #333399;\"><em><strong><span style=\"color: #800080;\">\u00abSe mantiene esta utilizaci\u00f3n del territorio con esa ancestralidad. La tecnolog\u00eda nos permite conocer el nivel de avance de esta obra de ingenier\u00eda compleja\u00bb<\/span>, dijo Martorell mientras recorr\u00eda el centro arqueol\u00f3gico.<\/strong><\/em><\/span><\/p>\n<p style=\"text-align: justify;\"><span style=\"color: #333399;\"><em><strong>Cuando este pueblo llevaba el agua a canales exteriores, implicaba la extracci\u00f3n de la capa fre\u00e1tica (acumulaci\u00f3n de agua subterr\u00e1nea a una profundidad relativamente peque\u00f1a bajo el nivel del suelo) hasta la superficie, lo que para los arque\u00f3logos implica una compleja operaci\u00f3n.<\/strong><\/em><\/span><\/p>\n<p style=\"text-align: center;\"><span style=\"color: #800080;\"><em><strong>\u00abOJOS DE AGUA\u00bb<\/strong><\/em><\/span><\/p>\n<p style=\"text-align: justify;\"><span style=\"color: #333399;\"><em><strong>El centro arqueol\u00f3gico de los acueductos de Cantalloc, situados a apenas 4 kil\u00f3metros de la actual ciudad de Nasca, est\u00e1 formado por una veintena de respiraderos en forma de espiral de unos seis o siete metros de profundidad que conectan y dejan ver, o\u00edr y sentir la presencia de la preciada agua.<\/strong><\/em><\/span><\/p>\n<p style=\"text-align: justify;\"><span style=\"color: #333399;\"><em><strong><span style=\"color: #800080;\">\u00abLa funci\u00f3n de estos respiraderos es b\u00e1sicamente dotar de luz y ox\u00edgeno a las galer\u00edas subterr\u00e1neas para asegurar un flujo constante y homog\u00e9neo del agua\u00bb,<\/span> explic\u00f3 a Efe el arque\u00f3logo Abdul Yalli, del sistema de gesti\u00f3n de Nasca y Palpa de la Direcci\u00f3n Desconcentrada de Cultura de Ica.<\/strong><\/em><\/span><\/p>\n<p style=\"text-align: justify;\"><span style=\"color: #333399;\"><em><strong>Yalli a\u00f1adi\u00f3 que estos llamativos ojos de agua tambi\u00e9n sirven para ingresar y hacer el mantenimiento de la red de acueductos.<\/strong><\/em><\/span><\/p>\n<p style=\"text-align: justify;\"><span style=\"color: #333399;\"><em><strong>Pero el objetivo de los respiraderos no era \u00fanicamente pr\u00e1ctico, el misterio que envuelve a las famosas l\u00edneas de Nasca, que solo pueden ser apreciadas en toda su magnificencia desde el aire, tambi\u00e9n se contagia en esta obra de ingenier\u00eda.<\/strong><\/em><\/span><\/p>\n<p style=\"text-align: justify;\"><span style=\"color: #333399;\"><em><strong>Al haber tantos ojos de agua consecutivos, separados a veces por apenas un metro, est\u00e1 claro que eran utilizados para m\u00e1s fines que \u00fanicamente el mantenimiento y la oxigenaci\u00f3n del agua.<\/strong><\/em><\/span><\/p>\n<p style=\"text-align: justify;\"><span style=\"color: #333399;\"><em><strong><span style=\"color: #800080;\">\u00abUna cultura tan vinculada con la necesidad de agua debe haber tenido una consideraci\u00f3n del agua como elemento sagrado\u00bb,<\/span> dijo Martorell, al explicar que a\u00fan no se sabe con certeza para qu\u00e9 m\u00e1s se usaban estos respiradores, pero pod\u00edan servir para fines rituales.<\/strong><\/em><\/span><\/p>\n<div id=\"attachment_58207\" style=\"width: 640px\" class=\"wp-caption aligncenter\"><a href=\"https:\/\/www.turistamagazine.com\/v2\/wp-content\/uploads\/2022\/09\/ojos-de-agua-3.jpg\"><img decoding=\"async\" aria-describedby=\"caption-attachment-58207\" class=\"wp-image-58207\" src=\"https:\/\/www.turistamagazine.com\/v2\/wp-content\/uploads\/2022\/09\/ojos-de-agua-3.jpg\" alt=\"\" width=\"630\" height=\"439\" srcset=\"https:\/\/www.turistamagazine.com\/v2\/wp-content\/uploads\/2022\/09\/ojos-de-agua-3.jpg 800w, https:\/\/www.turistamagazine.com\/v2\/wp-content\/uploads\/2022\/09\/ojos-de-agua-3-300x209.jpg 300w, https:\/\/www.turistamagazine.com\/v2\/wp-content\/uploads\/2022\/09\/ojos-de-agua-3-768x536.jpg 768w, https:\/\/www.turistamagazine.com\/v2\/wp-content\/uploads\/2022\/09\/ojos-de-agua-3-602x420.jpg 602w\" sizes=\"(max-width: 630px) 100vw, 630px\" \/><\/a><p id=\"caption-attachment-58207\" class=\"wp-caption-text\"><strong><em><span style=\"color: #333399;\">\u00abHay 29 acueductos en el valle de Nasca, 20 en un estado de conservaci\u00f3n regular y los otros pr\u00e1cticamente han desaparecido a consecuencia de la expansi\u00f3n urbana\u00bb, detall\u00f3 Yalli.<\/span><\/em><\/strong><\/p><\/div>\n<p style=\"text-align: justify;\"><span style=\"color: #800080;\"><em><strong>\u00abLa sociedad nasca, era una cultura teocr\u00e1tica\u00bb, agreg\u00f3 Yalli al indicar que era un pueblo que miraba mucho \u00abhacia arriba\u00bb, como muestran las l\u00edneas que elaboraron, cuyo origen y funci\u00f3n tambi\u00e9n est\u00e1 vinculado con el culto a las divinidades.<\/strong><\/em><\/span><\/p>\n<p style=\"text-align: justify;\"><span style=\"color: #333399;\"><em><strong>Adem\u00e1s de contar con un desarrollo muy avanzado de la tecnolog\u00eda hidr\u00e1ulica, esta cultura que habit\u00f3 en el actual territorio de Per\u00fa desde el siglo I al VII, tambi\u00e9n se caracteriz\u00f3 por sus labores en cer\u00e1micas policromadas y textiles.<\/strong><\/em><\/span><\/p>\n<p style=\"text-align: center;\"><span style=\"color: #800080;\"><em><strong>PONER EN VALOR EL SITIO ARQUEOL\u00d3GICO<\/strong><\/em><\/span><\/p>\n<p style=\"text-align: justify;\"><span style=\"color: #333399;\"><em><strong>El arque\u00f3logo a\u00f1adi\u00f3 que <span style=\"color: #800080;\">\u00abmuchos acueductos se han visto afectados de manera irreversible, y en otros faltan trabajos de mantenimiento limpieza restauraci\u00f3n\u00bb.<\/span><\/strong><\/em><\/span><\/p>\n<p style=\"text-align: justify;\"><span style=\"color: #333399;\"><em><strong><span style=\"color: #800080;\">\u00abPor su antig\u00fcedad, nivel de desarrollo tecnol\u00f3gico y lo que representan para la ingenier\u00eda hidr\u00e1ulica desde \u00e9pocas tan remotas, es uno de los sitios que el Estado peruano ha incluido en la lista indicativa, es decir, que van a presentarse para convertirse en patrimonio mundial de la Unesco\u00bb<\/span>, dijo Martorell.<\/strong><\/em><\/span><\/p>\n<p style=\"text-align: justify;\"><span style=\"color: #333399;\"><em><strong>A la misi\u00f3n de poner en valor este conocimiento ancestral, se ha sumado el grupo privado AJE y la Asociaci\u00f3n Mar\u00eda Reiche Internacional (fundaci\u00f3n con el nombre de la m\u00e1s famosa estudiosa de las l\u00edneas de Nasca).<\/strong><\/em><\/span><\/p>\n<p style=\"text-align: justify;\"><span style=\"color: #800080;\"><em><strong>Para conseguir este reconocimiento internacional, este compromiso p\u00fablico-privado emprender\u00e1 un camino que comprende continuar las investigaciones, seguir las labores de limpieza y divulgar la importancia y audacia de una obra de ingenier\u00eda que dio vida al pueblo Nasca.<\/strong><\/em><\/span><\/p>\n<p style=\"text-align: justify;\"><span style=\"color: #333399;\"><em><strong>EFE<\/strong><\/em><\/span><\/p>\n","protected":false},"excerpt":{"rendered":"<p>Ica fue cuna de la cultura Nasca, cuyos pobladores llegaron a construir, hace m\u00e1s de mil a\u00f1os, kil\u00f3metros de acueductos subterr\u00e1neos. Fuente: EFE La polvorienta y des\u00e9rtica tierra de Ica, en la costa sur de Per\u00fa, fue cuna de la cultura Nasca, cuyos pobladores llegaron a construir, hace m\u00e1s de mil a\u00f1os, kil\u00f3metros de acueductos subterr\u00e1neos, que hoy el Estado peruano quiere volver a poner en valor. \u00abEs un modelo tecnol\u00f3gico de suma importancia porque tenemos ac\u00e1 construcciones que datan entre los a\u00f1os 300 y 500 d. C. aproximadamente, lo que significa que hay una tecnolog\u00eda de 1.700 a\u00f1os de&#8230;<\/p>\n","protected":false},"author":1,"featured_media":58204,"comment_status":"open","ping_status":"open","sticky":false,"template":"","format":"standard","meta":{"footnotes":""},"categories":[3678],"tags":[12228,10635,12227,10219,340],"class_list":["post-58203","post","type-post","status-publish","format-standard","has-post-thumbnail","hentry","category-puntos","tag-culturanasca","tag-elenahonoresdirectora","tag-ojosdeaguanasca","tag-semanarioturistamagazine","tag-peru"],"_links":{"self":[{"href":"https:\/\/www.turistamagazine.com\/v2\/index.php?rest_route=\/wp\/v2\/posts\/58203","targetHints":{"allow":["GET"]}}],"collection":[{"href":"https:\/\/www.turistamagazine.com\/v2\/index.php?rest_route=\/wp\/v2\/posts"}],"about":[{"href":"https:\/\/www.turistamagazine.com\/v2\/index.php?rest_route=\/wp\/v2\/types\/post"}],"author":[{"embeddable":true,"href":"https:\/\/www.turistamagazine.com\/v2\/index.php?rest_route=\/wp\/v2\/users\/1"}],"replies":[{"embeddable":true,"href":"https:\/\/www.turistamagazine.com\/v2\/index.php?rest_route=%2Fwp%2Fv2%2Fcomments&post=58203"}],"version-history":[{"count":5,"href":"https:\/\/www.turistamagazine.com\/v2\/index.php?rest_route=\/wp\/v2\/posts\/58203\/revisions"}],"predecessor-version":[{"id":58663,"href":"https:\/\/www.turistamagazine.com\/v2\/index.php?rest_route=\/wp\/v2\/posts\/58203\/revisions\/58663"}],"wp:featuredmedia":[{"embeddable":true,"href":"https:\/\/www.turistamagazine.com\/v2\/index.php?rest_route=\/wp\/v2\/media\/58204"}],"wp:attachment":[{"href":"https:\/\/www.turistamagazine.com\/v2\/index.php?rest_route=%2Fwp%2Fv2%2Fmedia&parent=58203"}],"wp:term":[{"taxonomy":"category","embeddable":true,"href":"https:\/\/www.turistamagazine.com\/v2\/index.php?rest_route=%2Fwp%2Fv2%2Fcategories&post=58203"},{"taxonomy":"post_tag","embeddable":true,"href":"https:\/\/www.turistamagazine.com\/v2\/index.php?rest_route=%2Fwp%2Fv2%2Ftags&post=58203"}],"curies":[{"name":"wp","href":"https:\/\/api.w.org\/{rel}","templated":true}]}}