{"id":58090,"date":"2022-09-23T11:01:12","date_gmt":"2022-09-23T16:01:12","guid":{"rendered":"https:\/\/www.turistamagazine.com\/v2\/?p=58090"},"modified":"2022-09-23T11:01:12","modified_gmt":"2022-09-23T16:01:12","slug":"presentan-gala-mozart-brahms-sinfonias-en-el-gran-teatro-nacional","status":"publish","type":"post","link":"https:\/\/www.turistamagazine.com\/v2\/?p=58090","title":{"rendered":"PRESENTAN GALA \u201cMOZART &#038; BRAHMS: SINFON\u00cdAS\u201d EN EL GRAN TEATRO NACIONAL"},"content":{"rendered":"<p style=\"text-align: justify;\"><span style=\"color: #333399;\"><em><strong>LIMA\/PERU\/23\/09\/2022.- El Gran Teatro Nacional anunci\u00f3 el nuevo concierto de la Orquesta Sinf\u00f3nica Nacional Juvenil Bicentenario para el pr\u00f3ximo viernes 30 de setiembre, a las 8:00 de la noche, al que han titulado Mozart &amp; Brahms: Sinfon\u00edas; una gala musical que tendr\u00e1 como invitados a Mar\u00eda Cecilia Tuesta en el viol\u00edn y a Italo P\u00e9rez en la viola.<\/strong><\/em><\/span><\/p>\n<p style=\"text-align: justify;\"><span style=\"color: #333399;\"><em><strong>El programa contempla la interpretaci\u00f3n de la Sinfon\u00eda concertante para viol\u00edn, viola y orquesta en Mi bemol mayor, K. 364 del afamado pianista y compositor austriaco Wolfgang Amadeus Mozart y la Sinfon\u00eda N\u00b0 2 en Re mayor, Op. 73 del notable m\u00fasico alem\u00e1n Johannes Brahms, considerado uno de los principales representantes del romanticismo. (\u2026)<\/strong><\/em><\/span><\/p>\n<p style=\"text-align: justify;\"><span style=\"color: #333399;\"><em><strong>Una caracter\u00edstica de la obra de Mozart es la asociaci\u00f3n e igualdad que comparten los solistas en su mezcla de melod\u00edas. La partitura original inscribe la parte de la viola en re mayor, que obliga al violista a afinar las cuerdas a medio paso, con la intenci\u00f3n de darle cierta resonancia para compensar la sonoridad habitual del viol\u00edn. En esta dualidad del sonido, el viol\u00edn retoma su aria de dolor y la viola proporciona un repentino consuelo. Con un presto rondo final vuelve el esp\u00edritu alegre y la sinfon\u00eda termina con una risa de luz y lucidez.(\u2026)<\/strong><\/em><\/span><\/p>\n<p style=\"text-align: justify;\"><span style=\"color: #333399;\"><em><strong>Las entradas para el concierto Mozart &amp; Brahms: Sinfon\u00edas est\u00e1n a la venta en Joinnus.com y en la boleter\u00eda del Gran Teatro Nacional. Menores de 18 a\u00f1os, estudiantes de universidades e institutos superiores, mayores de 60, docentes de instituciones educativas p\u00fablicas, j\u00f3venes del Servicio Militar Voluntario y miembros del Conadis tienen el 50 por ciento de descuento.<\/strong><\/em><\/span><\/p>\n<p style=\"text-align: justify;\">\n","protected":false},"excerpt":{"rendered":"<p>LIMA\/PERU\/23\/09\/2022.- El Gran Teatro Nacional anunci\u00f3 el nuevo concierto de la Orquesta Sinf\u00f3nica Nacional Juvenil Bicentenario para el pr\u00f3ximo viernes 30 de setiembre, a las 8:00 de la noche, al que han titulado Mozart &amp; Brahms: Sinfon\u00edas; una gala musical que tendr\u00e1 como invitados a Mar\u00eda Cecilia Tuesta en el viol\u00edn y a Italo P\u00e9rez en la viola. El programa contempla la interpretaci\u00f3n de la Sinfon\u00eda concertante para viol\u00edn, viola y orquesta en Mi bemol mayor, K. 364 del afamado pianista y compositor austriaco Wolfgang Amadeus Mozart y la Sinfon\u00eda N\u00b0 2 en Re mayor, Op. 73 del notable m\u00fasico&#8230;<\/p>\n","protected":false},"author":1,"featured_media":58091,"comment_status":"open","ping_status":"open","sticky":false,"template":"","format":"standard","meta":{"footnotes":""},"categories":[1],"tags":[10635,10219,12215],"class_list":["post-58090","post","type-post","status-publish","format-standard","has-post-thumbnail","hentry","category-sin-categoria","tag-elenahonoresdirectora","tag-semanarioturistamagazine","tag-sinfonias-mozart-brahms"],"_links":{"self":[{"href":"https:\/\/www.turistamagazine.com\/v2\/index.php?rest_route=\/wp\/v2\/posts\/58090","targetHints":{"allow":["GET"]}}],"collection":[{"href":"https:\/\/www.turistamagazine.com\/v2\/index.php?rest_route=\/wp\/v2\/posts"}],"about":[{"href":"https:\/\/www.turistamagazine.com\/v2\/index.php?rest_route=\/wp\/v2\/types\/post"}],"author":[{"embeddable":true,"href":"https:\/\/www.turistamagazine.com\/v2\/index.php?rest_route=\/wp\/v2\/users\/1"}],"replies":[{"embeddable":true,"href":"https:\/\/www.turistamagazine.com\/v2\/index.php?rest_route=%2Fwp%2Fv2%2Fcomments&post=58090"}],"version-history":[{"count":1,"href":"https:\/\/www.turistamagazine.com\/v2\/index.php?rest_route=\/wp\/v2\/posts\/58090\/revisions"}],"predecessor-version":[{"id":58092,"href":"https:\/\/www.turistamagazine.com\/v2\/index.php?rest_route=\/wp\/v2\/posts\/58090\/revisions\/58092"}],"wp:featuredmedia":[{"embeddable":true,"href":"https:\/\/www.turistamagazine.com\/v2\/index.php?rest_route=\/wp\/v2\/media\/58091"}],"wp:attachment":[{"href":"https:\/\/www.turistamagazine.com\/v2\/index.php?rest_route=%2Fwp%2Fv2%2Fmedia&parent=58090"}],"wp:term":[{"taxonomy":"category","embeddable":true,"href":"https:\/\/www.turistamagazine.com\/v2\/index.php?rest_route=%2Fwp%2Fv2%2Fcategories&post=58090"},{"taxonomy":"post_tag","embeddable":true,"href":"https:\/\/www.turistamagazine.com\/v2\/index.php?rest_route=%2Fwp%2Fv2%2Ftags&post=58090"}],"curies":[{"name":"wp","href":"https:\/\/api.w.org\/{rel}","templated":true}]}}