{"id":58087,"date":"2022-09-23T10:52:32","date_gmt":"2022-09-23T15:52:32","guid":{"rendered":"https:\/\/www.turistamagazine.com\/v2\/?p=58087"},"modified":"2022-09-23T10:52:32","modified_gmt":"2022-09-23T15:52:32","slug":"eliminacion-del-uso-obligatorio-de-mascarillas-en-vuelos-nacionales-ayudara-a-recuperacion-del-turismo-y-fomentara-la-conectivdad-aerea","status":"publish","type":"post","link":"https:\/\/www.turistamagazine.com\/v2\/?p=58087","title":{"rendered":"ELIMINACI\u00d3N DEL USO OBLIGATORIO DE MASCARILLAS EN VUELOS NACIONALES AYUDAR\u00c1 A RECUPERACI\u00d3N DEL TURISMO Y FOMENTAR\u00c1 LA CONECTIVDAD A\u00c9REA\u00a0\u00a0\u00a0\u00a0\u00a0\u00a0"},"content":{"rendered":"<p style=\"text-align: center;\">\u00a0<span style=\"color: #800080;\">\u00a0<em><strong>La Noticia es muy buena, no obstante tenemos que informar\u00a0 que todav\u00eda no se decide exactamente desde cuando se aplicar\u00e1 la medida<\/strong><\/em><\/span><\/p>\n<p style=\"text-align: justify;\"><span style=\"color: #333399;\"><em><strong>LIMA\/PERU\/23\/09\/2022.- Los principales gremios del sector aeron\u00e1utico saludamos la reciente decisi\u00f3n del Ministerio de Salud de eliminar el uso obligatorio de mascarillas en los diferentes vuelos nacionales e internacionales, siguiendo las recomendaciones de la Organizaci\u00f3n Mundial de la Salud (OMS) y las mejores pr\u00e1cticas adoptadas por la mayor\u00eda de los pa\u00edses de la regi\u00f3n latinoamericana y el Caribe, Estados Unidos y la Uni\u00f3n Europea.<\/strong><\/em><\/span><\/p>\n<p style=\"text-align: justify;\"><span style=\"color: #333399;\"><em><strong>Esto constituye un paso importante que permitir\u00e1 a los operadores realizar sus funciones de manera m\u00e1s homog\u00e9nea frente a otras naciones al momento de revisar y abordar pasajeros en el Per\u00fa o con destino a nuestro pa\u00eds, consolidando la recuperaci\u00f3n del sector, promoviendo el turismo al incentivar la conectividad y mejorando as\u00ed el nivel del servicio ofrecido.<\/strong><\/em><\/span><\/p>\n<p style=\"text-align: justify;\"><span style=\"color: #333399;\"><em><strong>Adem\u00e1s, es relevante recordar que volar no constituye un riesgo para la salud. Esto debido a la evoluci\u00f3n positiva de la pandemia en los \u00faltimos meses y a los estrictos procedimientos adoptados por las aerol\u00edneas conforme a las recomendaciones de la Organizaci\u00f3n de Aviaci\u00f3n Civil Internacional (OACI), como la adopci\u00f3n de los filtros HEPA, que eliminan el 99.9% de virus y bacterias a bordo de las aeronaves, entre otros.<\/strong><\/em><\/span><\/p>\n<p style=\"text-align: justify;\"><span style=\"color: #333399;\"><em><strong>Conscientes del papel que el sector aeron\u00e1utico tiene en la recuperaci\u00f3n de las econom\u00edas locales, reafirmamos nuestro compromiso de brindar un servicio de transporte seguro y de calidad, tal como todos los peruanos necesitan y merecen.<\/strong><\/em><\/span><\/p>\n","protected":false},"excerpt":{"rendered":"<p>\u00a0\u00a0La Noticia es muy buena, no obstante tenemos que informar\u00a0 que todav\u00eda no se decide exactamente desde cuando se aplicar\u00e1 la medida LIMA\/PERU\/23\/09\/2022.- Los principales gremios del sector aeron\u00e1utico saludamos la reciente decisi\u00f3n del Ministerio de Salud de eliminar el uso obligatorio de mascarillas en los diferentes vuelos nacionales e internacionales, siguiendo las recomendaciones de la Organizaci\u00f3n Mundial de la Salud (OMS) y las mejores pr\u00e1cticas adoptadas por la mayor\u00eda de los pa\u00edses de la regi\u00f3n latinoamericana y el Caribe, Estados Unidos y la Uni\u00f3n Europea. Esto constituye un paso importante que permitir\u00e1 a los operadores realizar sus funciones de&#8230;<\/p>\n","protected":false},"author":1,"featured_media":58088,"comment_status":"open","ping_status":"open","sticky":false,"template":"","format":"standard","meta":{"footnotes":""},"categories":[4,82],"tags":[10635,12214,10219,10556],"class_list":["post-58087","post","type-post","status-publish","format-standard","has-post-thumbnail","hentry","category-breaking-news","category-nacionales","tag-elenahonoresdirectora","tag-nomascarillasenperu","tag-semanarioturistamagazine","tag-turismagazine"],"_links":{"self":[{"href":"https:\/\/www.turistamagazine.com\/v2\/index.php?rest_route=\/wp\/v2\/posts\/58087","targetHints":{"allow":["GET"]}}],"collection":[{"href":"https:\/\/www.turistamagazine.com\/v2\/index.php?rest_route=\/wp\/v2\/posts"}],"about":[{"href":"https:\/\/www.turistamagazine.com\/v2\/index.php?rest_route=\/wp\/v2\/types\/post"}],"author":[{"embeddable":true,"href":"https:\/\/www.turistamagazine.com\/v2\/index.php?rest_route=\/wp\/v2\/users\/1"}],"replies":[{"embeddable":true,"href":"https:\/\/www.turistamagazine.com\/v2\/index.php?rest_route=%2Fwp%2Fv2%2Fcomments&post=58087"}],"version-history":[{"count":1,"href":"https:\/\/www.turistamagazine.com\/v2\/index.php?rest_route=\/wp\/v2\/posts\/58087\/revisions"}],"predecessor-version":[{"id":58089,"href":"https:\/\/www.turistamagazine.com\/v2\/index.php?rest_route=\/wp\/v2\/posts\/58087\/revisions\/58089"}],"wp:featuredmedia":[{"embeddable":true,"href":"https:\/\/www.turistamagazine.com\/v2\/index.php?rest_route=\/wp\/v2\/media\/58088"}],"wp:attachment":[{"href":"https:\/\/www.turistamagazine.com\/v2\/index.php?rest_route=%2Fwp%2Fv2%2Fmedia&parent=58087"}],"wp:term":[{"taxonomy":"category","embeddable":true,"href":"https:\/\/www.turistamagazine.com\/v2\/index.php?rest_route=%2Fwp%2Fv2%2Fcategories&post=58087"},{"taxonomy":"post_tag","embeddable":true,"href":"https:\/\/www.turistamagazine.com\/v2\/index.php?rest_route=%2Fwp%2Fv2%2Ftags&post=58087"}],"curies":[{"name":"wp","href":"https:\/\/api.w.org\/{rel}","templated":true}]}}