{"id":58085,"date":"2022-09-23T10:28:34","date_gmt":"2022-09-23T15:28:34","guid":{"rendered":"https:\/\/www.turistamagazine.com\/v2\/?p=58085"},"modified":"2022-09-23T10:28:34","modified_gmt":"2022-09-23T15:28:34","slug":"argentina-elimina-el-uso-de-mascarillas-en-aeropuertos-y-vuelos","status":"publish","type":"post","link":"https:\/\/www.turistamagazine.com\/v2\/?p=58085","title":{"rendered":"ARGENTINA ELIMINA EL USO DE MASCARILLAS EN AEROPUERTOS Y VUELOS"},"content":{"rendered":"<p style=\"text-align: justify;\"><span style=\"color: #333399;\"><em><strong>ARGENTINA \/23\/09\/2022.- <span style=\"color: #800080;\">El ministerio de Salud de la Naci\u00f3n public\u00f3 la resoluci\u00f3n 1849\/22 que establece el fin del uso obligatorio del barbijo en territorio nacional, tanta en espacios abiertos como as\u00ed tambi\u00e9n en espacios cerrados. Esto incluye los medios transportes p\u00fablicos, como los colectivos, trenes y vuelos.<\/span><\/strong><\/em><\/span><\/p>\n<p style=\"text-align: justify;\"><span style=\"color: #333399;\"><em><strong>La nueva resoluci\u00f3n permite transitar por los diversos aeropuertos del pa\u00eds sin el barbijo y durante los vuelos nacionales. En tanto, los vuelos que tengan como destino final Argentina, tambi\u00e9n podr\u00e1s hacerse sin el uso de la mascarilla.<\/strong><\/em><\/span><\/p>\n<p style=\"text-align: justify;\"><span style=\"color: #800080;\"><em><strong>Por su parte, Aerol\u00edneas Argentinas confirm\u00f3 que ya no exigir\u00e1 el uso del barbijo en sus aviones, pero aclara que seguir\u00e1 recomendando su uso, siguiendo la resoluci\u00f3n oficial.<\/strong><\/em><\/span><\/p>\n<p style=\"text-align: justify;\"><span style=\"color: #333399;\"><em><strong>De esta manera, Argentina se une a otros pa\u00edses de la regi\u00f3n, como Brasil que hace pocas semanas ya hab\u00edan establecido el final del uso obligatorio y Uruguay que fue uno de los primeros en decidirlo.<span style=\"color: #800080;\"> Mientras que Chile anunci\u00f3 el cese de la obligatoriedad es a partir de octubre.<\/span><\/strong><\/em><\/span><\/p>\n<p style=\"text-align: justify;\"><span style=\"color: #333399;\"><em><strong>\u00a0A fines de agosto Argentina hab\u00eda eliminado el requerimiento de la declaraci\u00f3n jurada tanto para ingresar como para salir del pa\u00eds<\/strong><\/em><\/span><\/p>\n","protected":false},"excerpt":{"rendered":"<p>ARGENTINA \/23\/09\/2022.- El ministerio de Salud de la Naci\u00f3n public\u00f3 la resoluci\u00f3n 1849\/22 que establece el fin del uso obligatorio del barbijo en territorio nacional, tanta en espacios abiertos como as\u00ed tambi\u00e9n en espacios cerrados. Esto incluye los medios transportes p\u00fablicos, como los colectivos, trenes y vuelos. La nueva resoluci\u00f3n permite transitar por los diversos aeropuertos del pa\u00eds sin el barbijo y durante los vuelos nacionales. En tanto, los vuelos que tengan como destino final Argentina, tambi\u00e9n podr\u00e1s hacerse sin el uso de la mascarilla. Por su parte, Aerol\u00edneas Argentinas confirm\u00f3 que ya no exigir\u00e1 el uso del barbijo en&#8230;<\/p>\n","protected":false},"author":1,"featured_media":57739,"comment_status":"open","ping_status":"open","sticky":false,"template":"","format":"standard","meta":{"footnotes":""},"categories":[4,84],"tags":[10982,12212,10635,10219],"class_list":["post-58085","post","type-post","status-publish","format-standard","has-post-thumbnail","hentry","category-breaking-news","category-internacionales","tag-adiosalasmascarillas","tag-elenahonoresasesoraradeviajesyturismo","tag-elenahonoresdirectora","tag-semanarioturistamagazine"],"_links":{"self":[{"href":"https:\/\/www.turistamagazine.com\/v2\/index.php?rest_route=\/wp\/v2\/posts\/58085","targetHints":{"allow":["GET"]}}],"collection":[{"href":"https:\/\/www.turistamagazine.com\/v2\/index.php?rest_route=\/wp\/v2\/posts"}],"about":[{"href":"https:\/\/www.turistamagazine.com\/v2\/index.php?rest_route=\/wp\/v2\/types\/post"}],"author":[{"embeddable":true,"href":"https:\/\/www.turistamagazine.com\/v2\/index.php?rest_route=\/wp\/v2\/users\/1"}],"replies":[{"embeddable":true,"href":"https:\/\/www.turistamagazine.com\/v2\/index.php?rest_route=%2Fwp%2Fv2%2Fcomments&post=58085"}],"version-history":[{"count":1,"href":"https:\/\/www.turistamagazine.com\/v2\/index.php?rest_route=\/wp\/v2\/posts\/58085\/revisions"}],"predecessor-version":[{"id":58086,"href":"https:\/\/www.turistamagazine.com\/v2\/index.php?rest_route=\/wp\/v2\/posts\/58085\/revisions\/58086"}],"wp:featuredmedia":[{"embeddable":true,"href":"https:\/\/www.turistamagazine.com\/v2\/index.php?rest_route=\/wp\/v2\/media\/57739"}],"wp:attachment":[{"href":"https:\/\/www.turistamagazine.com\/v2\/index.php?rest_route=%2Fwp%2Fv2%2Fmedia&parent=58085"}],"wp:term":[{"taxonomy":"category","embeddable":true,"href":"https:\/\/www.turistamagazine.com\/v2\/index.php?rest_route=%2Fwp%2Fv2%2Fcategories&post=58085"},{"taxonomy":"post_tag","embeddable":true,"href":"https:\/\/www.turistamagazine.com\/v2\/index.php?rest_route=%2Fwp%2Fv2%2Ftags&post=58085"}],"curies":[{"name":"wp","href":"https:\/\/api.w.org\/{rel}","templated":true}]}}