{"id":58065,"date":"2022-09-22T15:46:54","date_gmt":"2022-09-22T20:46:54","guid":{"rendered":"https:\/\/www.turistamagazine.com\/v2\/?p=58065"},"modified":"2022-09-22T15:46:54","modified_gmt":"2022-09-22T20:46:54","slug":"declaran-patrimonio-cultural-a-nueve-bienes-muebles-de-las-culturas-nasca-y-moche","status":"publish","type":"post","link":"https:\/\/www.turistamagazine.com\/v2\/?p=58065","title":{"rendered":"DECLARAN PATRIMONIO CULTURAL A NUEVE BIENES MUEBLES DE LAS CULTURAS NASCA Y MOCHE"},"content":{"rendered":"<p style=\"text-align: center;\"><span style=\"color: #800080;\"><em><strong>Poseen valor hist\u00f3rico y cient\u00edfico por su importancia arqueol\u00f3gica, destaca el Ministerio de Cultura<\/strong><\/em><\/span><\/p>\n<p style=\"text-align: justify;\"><span style=\"color: #333399;\"><em><strong>La cer\u00e1mica Moche es una de las muestras de arte prehisp\u00e1nico m\u00e1s sobresaliente por sus representaciones escult\u00f3ricas naturalistas, adem\u00e1s de presentar un buen estado de integridad y\/o conservaci\u00f3n.\u00a0\u00a0\u00a0<\/strong><\/em><\/span><\/p>\n<p style=\"text-align: justify;\"><span style=\"color: #333399;\"><em><strong>El Ministerio de Cultura declar\u00f3 Patrimonio Cultural de la Naci\u00f3n a nueve bienes muebles pertenecientes a las culturas Nasca y Moche, por su importancia arqueol\u00f3gica al ser de gran valor hist\u00f3rico, cient\u00edfico y est\u00e9tico.<\/strong><\/em><\/span><\/p>\n<p style=\"text-align: justify;\"><span style=\"color: #333399;\"><em><strong>En la Resoluci\u00f3n Viceministerial 000170-2022-VMPCIC\/MC se destaca que estos bienes culturales de propiedad particular a solicitud de parte son testimonio del desarrollo tecnol\u00f3gico alfarero de la \u00e9poca prehisp\u00e1nica, caracter\u00edsticas de las principales sociedades que se extendieron en la costa norte y sur del Per\u00fa en diferentes periodos; as\u00ed como por su aporte al estudio de nuestra historia.<\/strong><\/em><\/span><\/p>\n<p><a href=\"https:\/\/www.turistamagazine.com\/v2\/wp-content\/uploads\/2022\/09\/Cultura-Moche-3.jpg\"><img decoding=\"async\" class=\"wp-image-58067 aligncenter\" src=\"https:\/\/www.turistamagazine.com\/v2\/wp-content\/uploads\/2022\/09\/Cultura-Moche-3.jpg\" alt=\"\" width=\"630\" height=\"421\" srcset=\"https:\/\/www.turistamagazine.com\/v2\/wp-content\/uploads\/2022\/09\/Cultura-Moche-3.jpg 500w, https:\/\/www.turistamagazine.com\/v2\/wp-content\/uploads\/2022\/09\/Cultura-Moche-3-300x200.jpg 300w\" sizes=\"(max-width: 630px) 100vw, 630px\" \/><\/a><\/p>\n<p style=\"text-align: justify;\"><span style=\"color: #333399;\"><em><strong>Los bienes tambi\u00e9n tienen valor est\u00e9tico debido a su singularidad y particularidad, su unicidad, la armon\u00eda de su conformaci\u00f3n, la forma como se presentan los elementos de su composici\u00f3n, la simetr\u00eda de sus propios elementos,\u00a0 originalidad y la representatividad de su iconograf\u00eda.<\/strong><\/em><\/span><\/p>\n<p style=\"text-align: justify;\"><span style=\"color: #333399;\"><em><strong>La cultura Nasca, que se desarroll\u00f3 en el Periodo Intermedio Temprano en la costa sur, destac\u00f3 por su acabado fino y pol\u00edcromo en la producci\u00f3n de cer\u00e1mica. La mayor parte de las evidencias e interpretaciones sugieren que el corpus de su iconograf\u00eda se refiere al agua, la reproducci\u00f3n y la fertilidad, as\u00ed como otros temas que representan eventos reales y m\u00edticos.<\/strong><\/em><\/span><\/p>\n<p><a href=\"https:\/\/www.turistamagazine.com\/v2\/wp-content\/uploads\/2022\/09\/Cultura-Moche-2.jpg\"><img decoding=\"async\" class=\"wp-image-58068 aligncenter\" src=\"https:\/\/www.turistamagazine.com\/v2\/wp-content\/uploads\/2022\/09\/Cultura-Moche-2.jpg\" alt=\"\" width=\"630\" height=\"421\" srcset=\"https:\/\/www.turistamagazine.com\/v2\/wp-content\/uploads\/2022\/09\/Cultura-Moche-2.jpg 500w, https:\/\/www.turistamagazine.com\/v2\/wp-content\/uploads\/2022\/09\/Cultura-Moche-2-300x200.jpg 300w\" sizes=\"(max-width: 630px) 100vw, 630px\" \/><\/a><\/p>\n<p style=\"text-align: justify;\"><span style=\"color: #333399;\"><em><strong>Las sociedades Ica y Chincha, desarrolladas en el Periodo Intermedio Tard\u00edo, se extendieron en la misma zona geogr\u00e1fica que la cultura Nasca y compartieron rasgos estil\u00edsticos en su cer\u00e1mica, pero con influencia Wari en sus inicios para luego, durante el Horizonte Tard\u00edo con la influencia Inca, implementar cambios en su producci\u00f3n de cer\u00e1mica en cuanto a formas e iconograf\u00eda.<\/strong><\/em><\/span><\/p>\n<p style=\"text-align: justify;\"><span style=\"color: #333399;\"><em><strong>La cultura Moche, que se desarroll\u00f3 durante el Periodo Intermedio Temprano en la costa norte, se caracteriz\u00f3 principalmente por su cer\u00e1mica, que provee una notable y extensa informaci\u00f3n sobre la forma de vida de esa poblaci\u00f3n.<\/strong><\/em><\/span><\/p>\n<p><a href=\"https:\/\/www.turistamagazine.com\/v2\/wp-content\/uploads\/2022\/09\/Cultura-Moche-4.jpg\"><img decoding=\"async\" class=\"wp-image-58069 aligncenter\" src=\"https:\/\/www.turistamagazine.com\/v2\/wp-content\/uploads\/2022\/09\/Cultura-Moche-4.jpg\" alt=\"\" width=\"630\" height=\"421\" srcset=\"https:\/\/www.turistamagazine.com\/v2\/wp-content\/uploads\/2022\/09\/Cultura-Moche-4.jpg 500w, https:\/\/www.turistamagazine.com\/v2\/wp-content\/uploads\/2022\/09\/Cultura-Moche-4-300x200.jpg 300w\" sizes=\"(max-width: 630px) 100vw, 630px\" \/><\/a><\/p>\n<p style=\"text-align: justify;\"><span style=\"color: #333399;\"><em><strong>La cer\u00e1mica Moche es una de las muestras de arte prehisp\u00e1nico m\u00e1s sobresaliente por sus representaciones escult\u00f3ricas naturalistas, adem\u00e1s de presentar un buen estado de integridad y\/o conservaci\u00f3n.<\/strong><\/em><\/span><\/p>\n<p>&nbsp;<\/p>\n","protected":false},"excerpt":{"rendered":"<p>Poseen valor hist\u00f3rico y cient\u00edfico por su importancia arqueol\u00f3gica, destaca el Ministerio de Cultura La cer\u00e1mica Moche es una de las muestras de arte prehisp\u00e1nico m\u00e1s sobresaliente por sus representaciones escult\u00f3ricas naturalistas, adem\u00e1s de presentar un buen estado de integridad y\/o conservaci\u00f3n.\u00a0\u00a0\u00a0 El Ministerio de Cultura declar\u00f3 Patrimonio Cultural de la Naci\u00f3n a nueve bienes muebles pertenecientes a las culturas Nasca y Moche, por su importancia arqueol\u00f3gica al ser de gran valor hist\u00f3rico, cient\u00edfico y est\u00e9tico. En la Resoluci\u00f3n Viceministerial 000170-2022-VMPCIC\/MC se destaca que estos bienes culturales de propiedad particular a solicitud de parte son testimonio del desarrollo tecnol\u00f3gico alfarero&#8230;<\/p>\n","protected":false},"author":1,"featured_media":58066,"comment_status":"open","ping_status":"open","sticky":false,"template":"","format":"standard","meta":{"footnotes":""},"categories":[346],"tags":[10635,10219,10556,12209],"class_list":["post-58065","post","type-post","status-publish","format-standard","has-post-thumbnail","hentry","category-francamente","tag-elenahonoresdirectora","tag-semanarioturistamagazine","tag-turismagazine","tag-la-cultura-moche"],"_links":{"self":[{"href":"https:\/\/www.turistamagazine.com\/v2\/index.php?rest_route=\/wp\/v2\/posts\/58065","targetHints":{"allow":["GET"]}}],"collection":[{"href":"https:\/\/www.turistamagazine.com\/v2\/index.php?rest_route=\/wp\/v2\/posts"}],"about":[{"href":"https:\/\/www.turistamagazine.com\/v2\/index.php?rest_route=\/wp\/v2\/types\/post"}],"author":[{"embeddable":true,"href":"https:\/\/www.turistamagazine.com\/v2\/index.php?rest_route=\/wp\/v2\/users\/1"}],"replies":[{"embeddable":true,"href":"https:\/\/www.turistamagazine.com\/v2\/index.php?rest_route=%2Fwp%2Fv2%2Fcomments&post=58065"}],"version-history":[{"count":1,"href":"https:\/\/www.turistamagazine.com\/v2\/index.php?rest_route=\/wp\/v2\/posts\/58065\/revisions"}],"predecessor-version":[{"id":58070,"href":"https:\/\/www.turistamagazine.com\/v2\/index.php?rest_route=\/wp\/v2\/posts\/58065\/revisions\/58070"}],"wp:featuredmedia":[{"embeddable":true,"href":"https:\/\/www.turistamagazine.com\/v2\/index.php?rest_route=\/wp\/v2\/media\/58066"}],"wp:attachment":[{"href":"https:\/\/www.turistamagazine.com\/v2\/index.php?rest_route=%2Fwp%2Fv2%2Fmedia&parent=58065"}],"wp:term":[{"taxonomy":"category","embeddable":true,"href":"https:\/\/www.turistamagazine.com\/v2\/index.php?rest_route=%2Fwp%2Fv2%2Fcategories&post=58065"},{"taxonomy":"post_tag","embeddable":true,"href":"https:\/\/www.turistamagazine.com\/v2\/index.php?rest_route=%2Fwp%2Fv2%2Ftags&post=58065"}],"curies":[{"name":"wp","href":"https:\/\/api.w.org\/{rel}","templated":true}]}}