{"id":58031,"date":"2022-09-26T12:54:44","date_gmt":"2022-09-26T17:54:44","guid":{"rendered":"https:\/\/www.turistamagazine.com\/v2\/?p=58031"},"modified":"2022-09-26T17:05:14","modified_gmt":"2022-09-26T22:05:14","slug":"arequipa-sera-sede-de-la-segunda-edicion-del-encuentro-de-viajes-con-sabor","status":"publish","type":"post","link":"https:\/\/www.turistamagazine.com\/v2\/?p=58031","title":{"rendered":"AREQUIPA SER\u00c1 SEDE DE LA SEGUNDA EDICI\u00d3N DEL \u201cENCUENTRO DE VIAJES CON SABOR\u201d"},"content":{"rendered":"<p style=\"text-align: center;\"><span style=\"color: #333399;\"><em><strong>Plaza Principal de Characato, hist\u00f3rico recinto arequipe\u00f1o<\/strong><\/em><\/span><\/p>\n<p style=\"text-align: justify;\"><span style=\"color: #333399;\"><em><strong>PERU\/AREQUIPA\/21\/09\/2022.-<span style=\"color: #800080;\">Tras una exitosa primera edici\u00f3n en Lambayeque, el \u201cEncuentro de Viajes con Sabor\u201d llegar\u00e1 a Arequipa para exponer y promocionar lo mejor de la oferta tur\u00edstica gastron\u00f3mica y artesanal de las regiones del sur del pa\u00eds.<\/span><\/strong><\/em><\/span><\/p>\n<p style=\"text-align: justify;\"><span style=\"color: #333399;\"><em><strong>As\u00ed, este s\u00e1bado 24 y domingo 25 de septiembre, la Plaza Principal de Characato, hist\u00f3rico recinto arequipe\u00f1o fundado en 1541, ser\u00e1 testigo de un encuentro culinario excepcional, entre diversos cocineros y cocineras de las regiones de Cusco y Arequipa.<\/strong><\/em><\/span><\/p>\n<p style=\"text-align: justify;\"><span style=\"color: #333399;\"><em><strong>El \u201cEncuentro de Viajes con Sabor\u201d forma parte de la Estrategia Nacional de Reactivaci\u00f3n del sector turismo al a\u00f1o 2025. \u201cQueremos impulsar la oferta de productos y experiencias tur\u00edsticas gastron\u00f3micas que ofrecen nuestras 25 regiones, para darle as\u00ed a la cocina regional el lugar que se merece como pilar fundamental para el desarrollo del turismo\u201d, se\u00f1al\u00f3 el ministro Roberto S\u00e1nchez.<\/strong><\/em><\/span><\/p>\n<div id=\"attachment_58033\" style=\"width: 560px\" class=\"wp-caption aligncenter\"><a href=\"https:\/\/www.turistamagazine.com\/v2\/wp-content\/uploads\/2022\/09\/Viajes-con-sabor.jpeg\"><img decoding=\"async\" aria-describedby=\"caption-attachment-58033\" class=\"wp-image-58033\" src=\"https:\/\/www.turistamagazine.com\/v2\/wp-content\/uploads\/2022\/09\/Viajes-con-sabor.jpeg\" alt=\"\" width=\"550\" height=\"550\" srcset=\"https:\/\/www.turistamagazine.com\/v2\/wp-content\/uploads\/2022\/09\/Viajes-con-sabor.jpeg 480w, https:\/\/www.turistamagazine.com\/v2\/wp-content\/uploads\/2022\/09\/Viajes-con-sabor-300x300.jpeg 300w, https:\/\/www.turistamagazine.com\/v2\/wp-content\/uploads\/2022\/09\/Viajes-con-sabor-150x150.jpeg 150w, https:\/\/www.turistamagazine.com\/v2\/wp-content\/uploads\/2022\/09\/Viajes-con-sabor-420x420.jpeg 420w\" sizes=\"(max-width: 550px) 100vw, 550px\" \/><\/a><p id=\"caption-attachment-58033\" class=\"wp-caption-text\"><span style=\"color: #333399;\"><em><strong>Durante dos d\u00edas, la Plaza de Characato se convertir\u00e1 en un espacio de intercambio de experiencias y promoci\u00f3n de la cocina regional del sur, obedeciendo al objetivo trazado por el Mincetur de articular las cocinas regionales a la oferta tur\u00edstica de manera innovadora y memorable. <\/strong><\/em><\/span><\/p><\/div>\n<p style=\"text-align: justify;\"><span style=\"color: #800080;\"><em><strong>De ese modo, no solo se busca el fortalecimiento de las diversas servicios y experiencias gastron\u00f3micas que ofrecen Cusco y Arequipa; tambi\u00e9n, se pretende incentivar la conservaci\u00f3n, protecci\u00f3n y difusi\u00f3n de conocimientos tradicionales culinarios, t\u00e9cnicas y recetas \u00fanicas que poco a poco se han ido perdiendo en el tiempo.<\/strong><\/em><\/span><\/p>\n<p style=\"text-align: justify;\"><span style=\"color: #333399;\"><em><strong>Como se sabe, la cocina peruana es reconocida por su tradici\u00f3n, identidad y biodiversidad que han permitido al Mincetur declarar la Semana de la Cocina Peruana con el objetivo de reconocer y revalorar las cocinas regionales, y contribuir al posicionamiento del pa\u00eds como Destino de Turismo Gastron\u00f3mico<\/strong><\/em><\/span><\/p>\n<p style=\"text-align: justify;\"><span style=\"color: #333399;\"><em><strong>Sumado a los reconocimientos a nivel mundial que, por su variedad de sabores y riqueza de su tierra para producir las mejores especies, han permitido, incluso, que el pa\u00eds sea catalogado como el mejor destino culinario de la regi\u00f3n, en los World Travel Awards Sudam\u00e9rica 2022.<\/strong><\/em><\/span><\/p>\n<p style=\"text-align: justify;\"><span style=\"color: #800080;\"><em><strong>RECONOCIMIENTO<\/strong><\/em><\/span><\/p>\n<p style=\"text-align: justify;\"><span style=\"color: #333399;\"><em><strong>En esta segunda edici\u00f3n del <span style=\"color: #800080;\">\u201cEncuentro de Viajes con Sabor\u201d,<\/span> se realizar\u00e1 una ceremonia de reconocimiento a las picanter\u00edas arequipe\u00f1as, y las picanter\u00edas y chicher\u00edas del Cusco, declaradas Patrimonio Cultural de la Naci\u00f3n, en el a\u00f1o 2015, por ser espacios trasmisores de conocimientos y saberes culinarios tradicionales.<\/strong><\/em><\/span><\/p>\n<p style=\"text-align: justify;\"><span style=\"color: #800080;\"><em><strong>El evento, organizado gracias a un trabajo coordinado entre el Mincetur y los gobiernos regionales de Cusco y Arequipa, contar\u00e1 tambi\u00e9n con un espacio para la exposici\u00f3n de las artesan\u00edas regionales y expresiones art\u00edsticas como danzas t\u00edpicas, poes\u00eda, y m\u00e1s.<\/strong><\/em><\/span><\/p>\n","protected":false},"excerpt":{"rendered":"<p>Plaza Principal de Characato, hist\u00f3rico recinto arequipe\u00f1o PERU\/AREQUIPA\/21\/09\/2022.-Tras una exitosa primera edici\u00f3n en Lambayeque, el \u201cEncuentro de Viajes con Sabor\u201d llegar\u00e1 a Arequipa para exponer y promocionar lo mejor de la oferta tur\u00edstica gastron\u00f3mica y artesanal de las regiones del sur del pa\u00eds. As\u00ed, este s\u00e1bado 24 y domingo 25 de septiembre, la Plaza Principal de Characato, hist\u00f3rico recinto arequipe\u00f1o fundado en 1541, ser\u00e1 testigo de un encuentro culinario excepcional, entre diversos cocineros y cocineras de las regiones de Cusco y Arequipa. El \u201cEncuentro de Viajes con Sabor\u201d forma parte de la Estrategia Nacional de Reactivaci\u00f3n del sector turismo al&#8230;<\/p>\n","protected":false},"author":1,"featured_media":58032,"comment_status":"open","ping_status":"open","sticky":false,"template":"","format":"standard","meta":{"footnotes":""},"categories":[4,82],"tags":[10635,10219,10556,268,12206],"class_list":["post-58031","post","type-post","status-publish","format-standard","has-post-thumbnail","hentry","category-breaking-news","category-nacionales","tag-elenahonoresdirectora","tag-semanarioturistamagazine","tag-turismagazine","tag-arequipa","tag-encuentro-de-viajes-con-sabor"],"_links":{"self":[{"href":"https:\/\/www.turistamagazine.com\/v2\/index.php?rest_route=\/wp\/v2\/posts\/58031","targetHints":{"allow":["GET"]}}],"collection":[{"href":"https:\/\/www.turistamagazine.com\/v2\/index.php?rest_route=\/wp\/v2\/posts"}],"about":[{"href":"https:\/\/www.turistamagazine.com\/v2\/index.php?rest_route=\/wp\/v2\/types\/post"}],"author":[{"embeddable":true,"href":"https:\/\/www.turistamagazine.com\/v2\/index.php?rest_route=\/wp\/v2\/users\/1"}],"replies":[{"embeddable":true,"href":"https:\/\/www.turistamagazine.com\/v2\/index.php?rest_route=%2Fwp%2Fv2%2Fcomments&post=58031"}],"version-history":[{"count":1,"href":"https:\/\/www.turistamagazine.com\/v2\/index.php?rest_route=\/wp\/v2\/posts\/58031\/revisions"}],"predecessor-version":[{"id":58034,"href":"https:\/\/www.turistamagazine.com\/v2\/index.php?rest_route=\/wp\/v2\/posts\/58031\/revisions\/58034"}],"wp:featuredmedia":[{"embeddable":true,"href":"https:\/\/www.turistamagazine.com\/v2\/index.php?rest_route=\/wp\/v2\/media\/58032"}],"wp:attachment":[{"href":"https:\/\/www.turistamagazine.com\/v2\/index.php?rest_route=%2Fwp%2Fv2%2Fmedia&parent=58031"}],"wp:term":[{"taxonomy":"category","embeddable":true,"href":"https:\/\/www.turistamagazine.com\/v2\/index.php?rest_route=%2Fwp%2Fv2%2Fcategories&post=58031"},{"taxonomy":"post_tag","embeddable":true,"href":"https:\/\/www.turistamagazine.com\/v2\/index.php?rest_route=%2Fwp%2Fv2%2Ftags&post=58031"}],"curies":[{"name":"wp","href":"https:\/\/api.w.org\/{rel}","templated":true}]}}