{"id":58023,"date":"2022-09-21T10:52:56","date_gmt":"2022-09-21T15:52:56","guid":{"rendered":"https:\/\/www.turistamagazine.com\/v2\/?p=58023"},"modified":"2022-09-21T10:54:26","modified_gmt":"2022-09-21T15:54:26","slug":"27-de-setiembre-dia-mundial-del-turismo","status":"publish","type":"post","link":"https:\/\/www.turistamagazine.com\/v2\/?p=58023","title":{"rendered":"27 DE SETIEMBRE DIA MUNDIAL DEL TURISMO"},"content":{"rendered":"<p><strong>Por. Antonio-Pedro Tejera<\/strong><strong> Reyes*<\/strong><\/p>\n<p style=\"text-align: justify;\"><span style=\"color: #333399;\"><em><strong>Tenemos nuevamente D\u00eda Mundial del Turismo. Una imponente celebraci\u00f3n que deber\u00eda tener la m\u00e1xima importancia de los acontecimientos mundiales. Solamente habr\u00e1 que echar una mirada al panorama mundial, y ver los hoteles colgados en los \u00e1rboles en \u00c1frica, el asombroso desarrollo de Qatar, Dubai, etc., o lo que nos toca de cerca, las Islas Canarias de hoy comparadas con lo que eran antes de su desarrollo tur\u00edstico. \u00a1Impresionante!<\/strong><\/em><\/span><\/p>\n<p style=\"text-align: justify;\"><span style=\"color: #800080;\"><em><strong>Con los datos del desarrollo de la aviaci\u00f3n comercial que hemos terminado de sintetizar precisamente ahora, disfrutamos de una alegr\u00eda inmensa cuando comprobamos que todo el esfuerzo, las penalidades y las injusticias que hemos tenido que soportar \u2013 y soportamos \u2013 para afianzar las ense\u00f1anzas de turismo en el mundo, no han sido en vano. Seguimos.\u00a0<\/strong><\/em><\/span><\/p>\n<p style=\"text-align: justify;\"><span style=\"color: #333399;\"><em><strong>Es emocionante recibir los cari\u00f1osos saludos profesionales de cientos de ex participantes en nuestra actividad educativa, procedentes de decenas lugares de pa\u00edses que van desde una punta a otra de Am\u00e9rica y de casi todos los continentes mundiales. Es el premio a la constancia, a la divulgaci\u00f3n del conocimiento y la experiencia, algo en lo que persistimos luchando al frente con los engendros mal hilvanados que ofrecen hasta incluir comidas y bebidas en sus programas creados por depredadores descerebrados, que se aprovechan del poder de la noble palabra turismo, para su loca avaricia personal\u00a0 que parece no tener fin.<\/strong><\/em><\/span><\/p>\n<p style=\"text-align: justify;\"><span style=\"color: #800080;\"><em><strong>(Esto no se celebra inventando Mesas de Trabajo \u00bf? con c\u00f3cteles incluidos)<\/strong><\/em><\/span><\/p>\n<p><a href=\"https:\/\/www.turistamagazine.com\/v2\/wp-content\/uploads\/2022\/09\/Dia-Mundial-del-Tturismo.png\"><img decoding=\"async\" class=\"aligncenter wp-image-58025 size-full\" src=\"https:\/\/www.turistamagazine.com\/v2\/wp-content\/uploads\/2022\/09\/Dia-Mundial-del-Tturismo.png\" alt=\"\" width=\"584\" height=\"224\" srcset=\"https:\/\/www.turistamagazine.com\/v2\/wp-content\/uploads\/2022\/09\/Dia-Mundial-del-Tturismo.png 584w, https:\/\/www.turistamagazine.com\/v2\/wp-content\/uploads\/2022\/09\/Dia-Mundial-del-Tturismo-300x115.png 300w\" sizes=\"(max-width: 584px) 100vw, 584px\" \/><\/a><\/p>\n<p style=\"text-align: justify;\"><span style=\"color: #333399;\"><em><strong>El turismo, es la palanca activa que ha cambiado el mundo generando un bienestar social que se apoya en ofrecer una consecuente calidad de vida a todos los habitantes de los pa\u00edses donde sus dirigentes &#8211; pol\u00edticos, empresa-riales y sociales &#8211; han sabido interpretar su excepcional importancia, apartando sus interese personales y trabajando honesta y honradamente por sus pueblos, lejos de las proclamas patri\u00f3ticas inventadas, por individuos ignaros que han llegado al poder de las naciones del mundo, gracias a manipulaciones deshonestas y naturalmente detestables.<\/strong><\/em><\/span><\/p>\n<p style=\"text-align: justify;\"><span style=\"color: #333399;\"><em><strong>\u00a0<\/strong><\/em><\/span><span style=\"color: #333399;\"><em><strong><span style=\"color: #800080;\">DIA MUNDIAL DE TURISMO,<\/span>\u00a0 D\u00eda mundial de la paz, de la compresi\u00f3n, de la amistad, de seguir todos juntos los principios que hace m\u00e1s de cien a\u00f1os promulgara Paul Harris (Rotary Internacional): <span style=\"color: #800080;\">\u201cLa comprensi\u00f3n, la buena voluntad y la paz entre las naciones, a trav\u00e9s del compa\u00f1erismo de las personas que en ellas ejercen actividades profesionales y empresariales, unidas en torno al ideal de servicio&#8230; el aprecio a toda ocupaci\u00f3n \u00fatil y la dignificaci\u00f3n de la propia. Servir es mi\u00a0 ocupaci\u00f3n\u201d<\/span><\/strong><\/em><\/span><span style=\"color: #800080;\"><em><strong>\u00a0<\/strong><\/em><\/span><\/p>\n<p style=\"text-align: justify;\"><span style=\"color: #333399;\"><em><strong><span style=\"color: #800080;\">DIA MUNDIAL DEL TURISMO.<\/span> D\u00eda\u00a0 para celebrar y homenajear a quienes han propiciado este acontecer mundial que ha cambiado al mundo de la forma mas espectacular, d\u00e1ndole vida hasta a las regiones mas inh\u00f3spitas y desconocidas, valor a nuestra respetable historia, a las bellezas naturales de nuestro entorno, y a cuanto se relacione con la comprensi\u00f3n y la amistad de las personas de todos los pa\u00edses del mundo sin discriminaci\u00f3n de raza, religi\u00f3n, lengua o sexo&#8230;<\/strong><\/em><\/span><\/p>\n<p style=\"text-align: justify;\"><span style=\"color: #333399;\"><em><strong>El mundo avanza en la direcci\u00f3n adecuada apoyado en su movimiento tur\u00edstico. Divulgarlo sin estridencia, con conocimiento y experiencia, es una necesidad, una obligaci\u00f3n que hemos asumido muy lejos de aquellos que se valen de la palabra TURISMO para sus propios fines personales, sin conocer ni entender otra cosa que no sea su propio beneficio.<\/strong><\/em><\/span><span style=\"color: #333399;\"><em><strong>\u00a0<\/strong><\/em><\/span><\/p>\n<p style=\"text-align: justify;\"><span style=\"color: #800080;\"><em><strong>DIA MUNDIAL DELTURISMO, d\u00eda de la paz, el momento adecuado para la reflexi\u00f3n y el reconocimiento\u00a0 de todas las acciones que lo han\u00a0 propiciado.<\/strong><\/em><\/span><\/p>\n<p style=\"text-align: justify;\"><span style=\"color: #800080;\"><em><strong>Gracias, Organizaci\u00f3n Mundial del Turismo, te llevamos en el coraz\u00f3n.<\/strong><\/em><\/span><\/p>\n<p style=\"text-align: justify;\"><span style=\"color: #800080;\"><em><strong>Servir es mi ocupaci\u00f3n.<\/strong><\/em><\/span><\/p>\n<p style=\"text-align: justify;\"><span style=\"color: #333399;\"><em><strong>\u00a0<\/strong><\/em><\/span><\/p>\n<p style=\"text-align: justify;\"><strong><a href=\"https:\/\/www.turistamagazine.com\/v2\/wp-content\/uploads\/2022\/03\/Dr.Antonio-Pedro-tejera-Reyes.jpg\"><img decoding=\"async\" class=\"wp-image-55662 size-thumbnail alignleft\" src=\"https:\/\/www.turistamagazine.com\/v2\/wp-content\/uploads\/2022\/03\/Dr.Antonio-Pedro-tejera-Reyes-150x150.jpg\" alt=\"\" width=\"150\" height=\"150\" \/><\/a>* <em><a href=\"https:\/\/www.turistamagazine.com\/v2\/wp-content\/uploads\/2022\/03\/Dr.Antonio-Pedro-tejera-Reyes-150x150.jpg*Miembro\">Miembro<\/a>\u00a0activo del Grupo de Expertos de la Organizaci\u00f3n Mundial del Turismo. OMT. De las Naciones Unidas. ONU. *Fundador de los Estudios de Turismo en las Islas Canarias. *Miembro del International Hall of Tourism Heroes. WTN. *Conseiller International, Associazione Intenazionale Stampa Tur\u00edstica AIST. (Italia) *Diplome D\u00b4Honneur. Uni\u00f3n des Escrivans et Journalistes Hellenes du Tourisme. FIJET. Federaci\u00f3n Mundial de Periodistas y Escritores de Turismo. *Inscrito en el Consejo Nacional de Ciencia, Tecnolog\u00eda e Innovaci\u00f3n. Per\u00fa. Miembro de N\u00famero del Consejo Consultivo de la Fundaci\u00f3n Ecoturismo Latinoamericana, FUNECO.*Pluma de Oro de Rotary Internacional. Puerto de la Cruz. Tenerife. Islas Canarias.<\/em><\/strong><\/p>\n<p><strong>\u00a0<\/strong><\/p>\n<p><strong>\u00a0<\/strong><\/p>\n<p>&nbsp;<\/p>\n<p>&nbsp;<\/p>\n<p>&nbsp;<\/p>\n","protected":false},"excerpt":{"rendered":"<p>Por. Antonio-Pedro Tejera Reyes* Tenemos nuevamente D\u00eda Mundial del Turismo. Una imponente celebraci\u00f3n que deber\u00eda tener la m\u00e1xima importancia de los acontecimientos mundiales. Solamente habr\u00e1 que echar una mirada al panorama mundial, y ver los hoteles colgados en los \u00e1rboles en \u00c1frica, el asombroso desarrollo de Qatar, Dubai, etc., o lo que nos toca de cerca, las Islas Canarias de hoy comparadas con lo que eran antes de su desarrollo tur\u00edstico. \u00a1Impresionante! Con los datos del desarrollo de la aviaci\u00f3n comercial que hemos terminado de sintetizar precisamente ahora, disfrutamos de una alegr\u00eda inmensa cuando comprobamos que todo el esfuerzo, las&#8230;<\/p>\n","protected":false},"author":1,"featured_media":58024,"comment_status":"open","ping_status":"open","sticky":false,"template":"","format":"standard","meta":{"footnotes":""},"categories":[90],"tags":[10217,10635,10219,10556,126,340],"class_list":["post-58023","post","type-post","status-publish","format-standard","has-post-thumbnail","hentry","category-pensando-en-voz-alta","tag-antoniopedrotejerareyes","tag-elenahonoresdirectora","tag-semanarioturistamagazine","tag-turismagazine","tag-omt","tag-peru"],"_links":{"self":[{"href":"https:\/\/www.turistamagazine.com\/v2\/index.php?rest_route=\/wp\/v2\/posts\/58023","targetHints":{"allow":["GET"]}}],"collection":[{"href":"https:\/\/www.turistamagazine.com\/v2\/index.php?rest_route=\/wp\/v2\/posts"}],"about":[{"href":"https:\/\/www.turistamagazine.com\/v2\/index.php?rest_route=\/wp\/v2\/types\/post"}],"author":[{"embeddable":true,"href":"https:\/\/www.turistamagazine.com\/v2\/index.php?rest_route=\/wp\/v2\/users\/1"}],"replies":[{"embeddable":true,"href":"https:\/\/www.turistamagazine.com\/v2\/index.php?rest_route=%2Fwp%2Fv2%2Fcomments&post=58023"}],"version-history":[{"count":1,"href":"https:\/\/www.turistamagazine.com\/v2\/index.php?rest_route=\/wp\/v2\/posts\/58023\/revisions"}],"predecessor-version":[{"id":58026,"href":"https:\/\/www.turistamagazine.com\/v2\/index.php?rest_route=\/wp\/v2\/posts\/58023\/revisions\/58026"}],"wp:featuredmedia":[{"embeddable":true,"href":"https:\/\/www.turistamagazine.com\/v2\/index.php?rest_route=\/wp\/v2\/media\/58024"}],"wp:attachment":[{"href":"https:\/\/www.turistamagazine.com\/v2\/index.php?rest_route=%2Fwp%2Fv2%2Fmedia&parent=58023"}],"wp:term":[{"taxonomy":"category","embeddable":true,"href":"https:\/\/www.turistamagazine.com\/v2\/index.php?rest_route=%2Fwp%2Fv2%2Fcategories&post=58023"},{"taxonomy":"post_tag","embeddable":true,"href":"https:\/\/www.turistamagazine.com\/v2\/index.php?rest_route=%2Fwp%2Fv2%2Ftags&post=58023"}],"curies":[{"name":"wp","href":"https:\/\/api.w.org\/{rel}","templated":true}]}}