{"id":58008,"date":"2022-09-18T11:58:02","date_gmt":"2022-09-18T16:58:02","guid":{"rendered":"https:\/\/www.turistamagazine.com\/v2\/?p=58008"},"modified":"2022-09-19T16:46:34","modified_gmt":"2022-09-19T21:46:34","slug":"premio-terra-a-la-trayectoria-asociacion-maria-reiche-internacional-para-el-arte-y-la-ciencia","status":"publish","type":"post","link":"https:\/\/www.turistamagazine.com\/v2\/?p=58008","title":{"rendered":"PREMIO TERRA A LA TRAYECTORIA: ASOCIACI\u00d3N MAR\u00cdA REICHE INTERNACIONAL PARA EL ARTE Y LA CIENCIA"},"content":{"rendered":"<p style=\"text-align: justify;\"><span style=\"color: #333399;\"><em><strong>TENERIFE\/ISLAS CANARIAS \/18\/09\/2022.- La Fundaci\u00f3n Diario de Avisos presenta la primera edici\u00f3n de los PREMIOS TERRA, galardones de car\u00e1cter internacional que reconocen iniciativas singulares para la mejora y conservaci\u00f3n de los Patrimonios de la Humanidad declarados por la UNESCO, y que, por su naturaleza innovadora y ejemplar labor, hayan aportado un valor a\u00f1adido al enriquecimiento y protecci\u00f3n de bienes naturales y culturales. Estos premios se entregar\u00e1n anualmente con la colaboraci\u00f3n de la UNESCO y tendr\u00e1n como sede a la ciudad de San Crist\u00f3bal de La Laguna, declarada Patrimonio de la Humanidad desde 1.999.<\/strong><\/em><\/span><\/p>\n<p style=\"text-align: justify;\"><span style=\"color: #333399;\"><em><strong>Estas distinciones pretenden constatar y reconocer la excepcional huella que tienen este tipo de iniciativas y proyectos en nuestro entorno, cultura, econom\u00eda y calidad de vida, poniendo en valor el patrimonio mundial como activo clave para la construcci\u00f3n y consolidaci\u00f3n de una sociedad m\u00e1s pr\u00f3spera.<\/strong><\/em><\/span><\/p>\n<p style=\"text-align: justify;\"><span style=\"color: #333399;\"><em><strong>En esta primera edici\u00f3n, el jurado de los Premios Terra ha resuelto conceder distinciones a: la Acr\u00f3polis de Atenas (Grecia), la Ciudad Prehisp\u00e1nica y Parque Nacional de Palenque (M\u00e9xico), la Asociaci\u00f3n Mar\u00eda Reiche Internacional para el Arte &amp; la Ciencia (L\u00edneas y Geoglifos de Nasca y Palpa, Per\u00fa), al conjunto monumental de Stonehenge (Gran Breta\u00f1a) y al Grupo de Ciudades Patrimonio de la Humanidad de Espa\u00f1a.<\/strong><\/em><\/span><\/p>\n<div id=\"attachment_58014\" style=\"width: 640px\" class=\"wp-caption aligncenter\"><a href=\"https:\/\/www.turistamagazine.com\/v2\/wp-content\/uploads\/2022\/09\/Maria-Reiche-1.jpg\"><img decoding=\"async\" aria-describedby=\"caption-attachment-58014\" class=\"wp-image-58014\" src=\"https:\/\/www.turistamagazine.com\/v2\/wp-content\/uploads\/2022\/09\/Maria-Reiche-1.jpg\" alt=\"\" width=\"630\" height=\"393\" srcset=\"https:\/\/www.turistamagazine.com\/v2\/wp-content\/uploads\/2022\/09\/Maria-Reiche-1.jpg 640w, https:\/\/www.turistamagazine.com\/v2\/wp-content\/uploads\/2022\/09\/Maria-Reiche-1-300x187.jpg 300w, https:\/\/www.turistamagazine.com\/v2\/wp-content\/uploads\/2022\/09\/Maria-Reiche-1-610x380.jpg 610w, https:\/\/www.turistamagazine.com\/v2\/wp-content\/uploads\/2022\/09\/Maria-Reiche-1-158x100.jpg 158w\" sizes=\"(max-width: 630px) 100vw, 630px\" \/><\/a><p id=\"caption-attachment-58014\" class=\"wp-caption-text\"><em><strong><span style=\"color: #333399;\">Inolvidable la querida y admirada Mar\u00eda Reiche<\/span><\/strong><\/em><\/p><\/div>\n<p style=\"text-align: justify;\"><span style=\"color: #333399;\"><em><strong>Las distinciones se entregar\u00e1n en el transcurso de una ceremonia que tendr\u00e1 lugar el pr\u00f3ximo 29 de septiembre a las 19.30 horas en el emblem\u00e1tico Teatro Leal de San Crist\u00f3bal de La Laguna, con la actuaci\u00f3n especial del tenor Celso Albelo, natural de La Laguna y una de m\u00e1s voces internacionales m\u00e1s apreciadas y aplaudidas en el mundo de la \u00f3pera.\u00a0\u00a0<\/strong><\/em><\/span><\/p>\n<h4 style=\"text-align: justify;\"><span style=\"color: #800080;\"><em><strong>NAZCA O NASCA<\/strong><\/em><\/span><\/h4>\n<p style=\"text-align: justify;\"><span style=\"color: #800080;\"><em><strong>En medio de uno de los desiertos m\u00e1s \u00e1ridos del mundo, emerge uno de los mayores enigmas de la arqueolog\u00eda de todos los tiempos: lo que hoy conocemos como \u00abL\u00edneas y Geoglifos de Nasca y Palpa\u00bb.<\/strong><\/em><\/span><\/p>\n<p style=\"text-align: justify;\"><span style=\"color: #333399;\"><em><strong>Estas misteriosas formas, trazadas sobre el agreste lienzo de las inmensas pampas peruanas como un retador testimonio de la cultura Nasca, fascinaron a una joven cient\u00edfica alemana llamada Mar\u00eda Reiche, que en los a\u00f1os 30 se traslada a vivir a Per\u00fa para investigarlas, divulgarlas y protegerlas hasta el final de sus d\u00edas, descubriendo en ellas su pasi\u00f3n y prop\u00f3sito de vida.<\/strong><\/em><\/span><\/p>\n<div id=\"attachment_58005\" style=\"width: 640px\" class=\"wp-caption aligncenter\"><a href=\"https:\/\/www.turistamagazine.com\/v2\/wp-content\/uploads\/2022\/09\/Lineas-de-Nazca.png\"><img decoding=\"async\" aria-describedby=\"caption-attachment-58005\" class=\"wp-image-58005\" src=\"https:\/\/www.turistamagazine.com\/v2\/wp-content\/uploads\/2022\/09\/Lineas-de-Nazca.png\" alt=\"\" width=\"630\" height=\"420\" srcset=\"https:\/\/www.turistamagazine.com\/v2\/wp-content\/uploads\/2022\/09\/Lineas-de-Nazca.png 600w, https:\/\/www.turistamagazine.com\/v2\/wp-content\/uploads\/2022\/09\/Lineas-de-Nazca-300x200.png 300w\" sizes=\"(max-width: 630px) 100vw, 630px\" \/><\/a><p id=\"caption-attachment-58005\" class=\"wp-caption-text\"><em><strong><span style=\"color: #333399;\">Las incre\u00edbles y gigantescas l\u00edneas de Nasca que a\u00fan guardan muchos misterios&#8230;<\/span><\/strong><\/em><\/p><\/div>\n<p style=\"text-align: justify;\"><span style=\"color: #800080;\"><em><strong>Su ardua y perseverante labor fue determinante para que este extraordinario enclave arqueol\u00f3gico, distinguido como Patrimonio de la Humanidad por la UNESCO en 1,994, adquiriese una destacada relevancia internacional, auspiciando tanto en la sociedad como en los estamentos p\u00fablicos, una mayor toma de conciencia sobre la necesidad de protegerlas y descifrar su mensaje.<\/strong><\/em><\/span><\/p>\n<p style=\"text-align: justify;\"><span style=\"color: #333399;\"><em><strong>Su legado ha tenido en la Asociaci\u00f3n que lleva su nombre a sus m\u00e1s dignos y comprometidos continuadores, entidad con sedes en Per\u00fa y Alemania que, desde su fundaci\u00f3n en 2011, se ha encargado de mantener vivo su esp\u00edritu y misi\u00f3n a trav\u00e9s de numerosos proyectos de investigaci\u00f3n y conservaci\u00f3n de este territorio sagrado, \u00fanico en el mundo.<\/strong><\/em><\/span><\/p>\n<p>F\/Diario de Aviso\/ Tenerife<\/p>\n","protected":false},"excerpt":{"rendered":"<p>TENERIFE\/ISLAS CANARIAS \/18\/09\/2022.- La Fundaci\u00f3n Diario de Avisos presenta la primera edici\u00f3n de los PREMIOS TERRA, galardones de car\u00e1cter internacional que reconocen iniciativas singulares para la mejora y conservaci\u00f3n de los Patrimonios de la Humanidad declarados por la UNESCO, y que, por su naturaleza innovadora y ejemplar labor, hayan aportado un valor a\u00f1adido al enriquecimiento y protecci\u00f3n de bienes naturales y culturales. Estos premios se entregar\u00e1n anualmente con la colaboraci\u00f3n de la UNESCO y tendr\u00e1n como sede a la ciudad de San Crist\u00f3bal de La Laguna, declarada Patrimonio de la Humanidad desde 1.999. Estas distinciones pretenden constatar y reconocer la&#8230;<\/p>\n","protected":false},"author":1,"featured_media":58009,"comment_status":"open","ping_status":"open","sticky":false,"template":"","format":"standard","meta":{"footnotes":""},"categories":[4,84],"tags":[12203,10635,12202,12204,10219,10556],"class_list":["post-58008","post","type-post","status-publish","format-standard","has-post-thumbnail","hentry","category-breaking-news","category-internacionales","tag-diarioavisos","tag-elenahonoresdirectora","tag-lineasdenasca","tag-premioterra","tag-semanarioturistamagazine","tag-turismagazine"],"_links":{"self":[{"href":"https:\/\/www.turistamagazine.com\/v2\/index.php?rest_route=\/wp\/v2\/posts\/58008","targetHints":{"allow":["GET"]}}],"collection":[{"href":"https:\/\/www.turistamagazine.com\/v2\/index.php?rest_route=\/wp\/v2\/posts"}],"about":[{"href":"https:\/\/www.turistamagazine.com\/v2\/index.php?rest_route=\/wp\/v2\/types\/post"}],"author":[{"embeddable":true,"href":"https:\/\/www.turistamagazine.com\/v2\/index.php?rest_route=\/wp\/v2\/users\/1"}],"replies":[{"embeddable":true,"href":"https:\/\/www.turistamagazine.com\/v2\/index.php?rest_route=%2Fwp%2Fv2%2Fcomments&post=58008"}],"version-history":[{"count":3,"href":"https:\/\/www.turistamagazine.com\/v2\/index.php?rest_route=\/wp\/v2\/posts\/58008\/revisions"}],"predecessor-version":[{"id":58015,"href":"https:\/\/www.turistamagazine.com\/v2\/index.php?rest_route=\/wp\/v2\/posts\/58008\/revisions\/58015"}],"wp:featuredmedia":[{"embeddable":true,"href":"https:\/\/www.turistamagazine.com\/v2\/index.php?rest_route=\/wp\/v2\/media\/58009"}],"wp:attachment":[{"href":"https:\/\/www.turistamagazine.com\/v2\/index.php?rest_route=%2Fwp%2Fv2%2Fmedia&parent=58008"}],"wp:term":[{"taxonomy":"category","embeddable":true,"href":"https:\/\/www.turistamagazine.com\/v2\/index.php?rest_route=%2Fwp%2Fv2%2Fcategories&post=58008"},{"taxonomy":"post_tag","embeddable":true,"href":"https:\/\/www.turistamagazine.com\/v2\/index.php?rest_route=%2Fwp%2Fv2%2Ftags&post=58008"}],"curies":[{"name":"wp","href":"https:\/\/api.w.org\/{rel}","templated":true}]}}