{"id":57697,"date":"2022-08-25T17:08:07","date_gmt":"2022-08-25T22:08:07","guid":{"rendered":"https:\/\/www.turistamagazine.com\/v2\/?p=57697"},"modified":"2022-08-25T17:31:42","modified_gmt":"2022-08-25T22:31:42","slug":"por-el-mes-del-nino-la-municipalidad-distrital-de-bellavista-presentara-festival-de-postres-que-se-realizara-este-27-y-28-de-agosto","status":"publish","type":"post","link":"https:\/\/www.turistamagazine.com\/v2\/?p=57697","title":{"rendered":"MINI CHEFS PRESENTAR\u00c1N DELICIOSOS POTAJES EN LA \u2018FERIA DE POSTRES\u2019 DE BELLAVISTA"},"content":{"rendered":"<p style=\"text-align: center;\"><span style=\"color: #800080;\"><em><strong>Presentar\u00e1n \u00a0los mejores postres peruanos hechos por mini chefs, alumnos de la pastelera Jessica S\u00e1nchez, en el \u2018Festival de Postres\u2019, que se realizar\u00e1 este 27 y 28 de agosto, en el Parque de la Cultura, en Bellavista Callao.<\/strong><\/em><\/span><\/p>\n<p style=\"text-align: justify;\"><span style=\"color: #333399;\"><em><strong>PER\u00da\/CALLAO\/25\/08\/2022.-Es as\u00ed que se exhibir\u00e1n m\u00e1s de 40 stands con expositores de postres peruanos; caja china al pisco; comida criolla, oriental y brasas; carne y pollo al cilindro; pizzas artesanales, y lasa\u00f1as. Adem\u00e1s, la zona de emprendedores ofrecer\u00e1 bisuter\u00eda, plantas suculentas, regalos y accesorios para todos los gustos.<\/strong><\/em><\/span><\/p>\n<p style=\"text-align: justify;\"><span style=\"color: #333399;\"><em><strong>Se contar\u00e1 con actividades para ni\u00f1os como: c\u00f3mics en vivo, dibujo, entre otros. Los asistentes encontrar\u00e1n un espacio de sana diversi\u00f3n, entretenimiento y aprendizaje donde podr\u00e1n disfrutar de una decena de variedades de postres artesanales y cl\u00e1sicos preparados con insumo de primera calidad.<\/strong><\/em><\/span><\/p>\n<p style=\"text-align: justify;\"><span style=\"color: #800080;\"><em><strong>Tambi\u00e9n, se realizar\u00e1n diversos talleres gratuitos de pasteler\u00eda, organizaci\u00f3n de eventos, adornos navide\u00f1os, alimentos envasados entre otros, dirigido a emprendedores que deseen iniciar su propio negocio.<\/strong><\/em><\/span><\/p>\n<p style=\"text-align: justify;\"><span style=\"color: #800080;\"><em><strong>Es as\u00ed, que el s\u00e1bado se llevar\u00e1n a cabo talleres de liderazgo, comunicaci\u00f3n efectiva para organizadores de eventos y decoraci\u00f3n de tortas con flores bordadas al estilo ayacuchano.<\/strong><\/em><\/span><\/p>\n<p style=\"text-align: justify;\"><span style=\"color: #333399;\"><em><strong>El domingo, a las 3 p.m. se dictar\u00e1 clases para la elaboraci\u00f3n de mermeladas artesanales, que les permitir\u00e1 a los emprendedores a empezar un negocio propio. Seguido de ello, a las 4 p.m. se desarrollar\u00e1 la capacitaci\u00f3n sobre la organizaci\u00f3n de bodas, para quienes deseen convertirse en wedding planner. Finalmente, se cerrar\u00e1 con las charlas para la preparaci\u00f3n de adornos navide\u00f1os.<\/strong><\/em><\/span><\/p>\n<p style=\"text-align: justify;\"><span style=\"color: #800080;\"><em><strong>El ingreso ser\u00e1 libre y los asistentes podr\u00e1n disfrutar de shows art\u00edsticos, presentaciones para ni\u00f1os, caritas pintadas, juegos, concursos , cursos gratuitos y mucho m\u00e1s desde las 11 a.m.<\/strong><\/em><\/span><\/p>\n<p style=\"text-align: justify;\"><em><strong><span style=\"color: #333399;\">El domingo, a las 3 p.m. se dictar\u00e1 clases para la elaboraci\u00f3n de mermeladas artesanales, que les permitir\u00e1 a los emprendedores a empezar un negocio propio. Seguido de ello, a las 4 p.m. se desarrollar\u00e1 la capacitaci\u00f3n sobre la organizaci\u00f3n de bodas, para quienes deseen convertirse en wedding planner. Finalmente, se cerrar\u00e1 con las charlas para la preparaci\u00f3n de adornos navide\u00f1os.<\/span><\/strong><\/em><\/p>\n","protected":false},"excerpt":{"rendered":"<p>Presentar\u00e1n \u00a0los mejores postres peruanos hechos por mini chefs, alumnos de la pastelera Jessica S\u00e1nchez, en el \u2018Festival de Postres\u2019, que se realizar\u00e1 este 27 y 28 de agosto, en el Parque de la Cultura, en Bellavista Callao. PER\u00da\/CALLAO\/25\/08\/2022.-Es as\u00ed que se exhibir\u00e1n m\u00e1s de 40 stands con expositores de postres peruanos; caja china al pisco; comida criolla, oriental y brasas; carne y pollo al cilindro; pizzas artesanales, y lasa\u00f1as. Adem\u00e1s, la zona de emprendedores ofrecer\u00e1 bisuter\u00eda, plantas suculentas, regalos y accesorios para todos los gustos. Se contar\u00e1 con actividades para ni\u00f1os como: c\u00f3mics en vivo, dibujo, entre otros. Los&#8230;<\/p>\n","protected":false},"author":1,"featured_media":57698,"comment_status":"open","ping_status":"open","sticky":false,"template":"","format":"standard","meta":{"footnotes":""},"categories":[4,82],"tags":[11846,10219,10556],"class_list":["post-57697","post","type-post","status-publish","format-standard","has-post-thumbnail","hentry","category-breaking-news","category-nacionales","tag-elenatejeradirectora","tag-semanarioturistamagazine","tag-turismagazine"],"_links":{"self":[{"href":"https:\/\/www.turistamagazine.com\/v2\/index.php?rest_route=\/wp\/v2\/posts\/57697","targetHints":{"allow":["GET"]}}],"collection":[{"href":"https:\/\/www.turistamagazine.com\/v2\/index.php?rest_route=\/wp\/v2\/posts"}],"about":[{"href":"https:\/\/www.turistamagazine.com\/v2\/index.php?rest_route=\/wp\/v2\/types\/post"}],"author":[{"embeddable":true,"href":"https:\/\/www.turistamagazine.com\/v2\/index.php?rest_route=\/wp\/v2\/users\/1"}],"replies":[{"embeddable":true,"href":"https:\/\/www.turistamagazine.com\/v2\/index.php?rest_route=%2Fwp%2Fv2%2Fcomments&post=57697"}],"version-history":[{"count":4,"href":"https:\/\/www.turistamagazine.com\/v2\/index.php?rest_route=\/wp\/v2\/posts\/57697\/revisions"}],"predecessor-version":[{"id":57705,"href":"https:\/\/www.turistamagazine.com\/v2\/index.php?rest_route=\/wp\/v2\/posts\/57697\/revisions\/57705"}],"wp:featuredmedia":[{"embeddable":true,"href":"https:\/\/www.turistamagazine.com\/v2\/index.php?rest_route=\/wp\/v2\/media\/57698"}],"wp:attachment":[{"href":"https:\/\/www.turistamagazine.com\/v2\/index.php?rest_route=%2Fwp%2Fv2%2Fmedia&parent=57697"}],"wp:term":[{"taxonomy":"category","embeddable":true,"href":"https:\/\/www.turistamagazine.com\/v2\/index.php?rest_route=%2Fwp%2Fv2%2Fcategories&post=57697"},{"taxonomy":"post_tag","embeddable":true,"href":"https:\/\/www.turistamagazine.com\/v2\/index.php?rest_route=%2Fwp%2Fv2%2Ftags&post=57697"}],"curies":[{"name":"wp","href":"https:\/\/api.w.org\/{rel}","templated":true}]}}