{"id":57634,"date":"2022-08-20T17:43:12","date_gmt":"2022-08-20T22:43:12","guid":{"rendered":"https:\/\/www.turistamagazine.com\/v2\/?p=57634"},"modified":"2022-08-20T17:43:12","modified_gmt":"2022-08-20T22:43:12","slug":"callao-celebra-186-aniversario-con-salsa-y-actividades-para-la-familia","status":"publish","type":"post","link":"https:\/\/www.turistamagazine.com\/v2\/?p=57634","title":{"rendered":"CALLAO CELEBRA 186 ANIVERSARIO CON SALSA Y ACTIVIDADES PARA LA FAMILIA"},"content":{"rendered":"<p style=\"text-align: center;\"><em><strong><span style=\"color: #333399;\">Museo Del Ej\u00e9rcito Peruano Fortaleza Real Felipe Del Callao<\/span><\/strong><\/em><\/p>\n<p style=\"text-align: justify;\"><span style=\"color: #333399;\"><em><strong>Puerta de ingreso a la capital del Per\u00fa para miles de visitantes, el Callao es una regi\u00f3n donde confluyen la historia, la arquitectura, las calles con antiguas casonas e iglesias y los atractivos naturales frente al mar<\/strong><\/em><\/span><\/p>\n<p style=\"text-align: justify;\"><span style=\"color: #333399;\"><em><strong>Hoy celebra su 186 aniversario como Provincia Constitucional y para ello ha programado una serie de ceremonias, as\u00ed como actividades art\u00edsticas y culturales.<\/strong><\/em><\/span><\/p>\n<p style=\"text-align: justify;\"><span style=\"color: #333399;\"><em><strong>Desde el 18 hasta el 21 de agosto se desarrollar\u00e1 la Feria de Emprendedores en la Plaza Casanave (cuadra 5\u00a0 de la avenida\u00a0 S\u00e1enz Pe\u00f1a). All\u00ed, los asistentes encontrar\u00e1n productos hechos a mano por los expositores, muchos de ellos vecinos chalacos que sacaron adelante sus emprendimientos en los talleres gratuitos que organiza la municipalidad provincial.<\/strong><\/em><\/span><\/p>\n<p style=\"text-align: justify;\"><span style=\"color: #333399;\"><em><strong>Aqu\u00ed te mostramos los 10 lugares del Callao que podr\u00e1s disfrutar y descubrir:<\/strong><\/em><\/span><\/p>\n<p style=\"text-align: justify;\"><span style=\"color: #333399;\"><em><strong>-El muelle D\u00e1rsena<\/strong><\/em><\/span><\/p>\n<p style=\"text-align: justify;\"><span style=\"color: #333399;\"><em><strong>Al lado de la Plaza Miguel Grau, el Muelle D\u00e1rsena sobrevivi\u00f3 a viejos atardeceres. Inici\u00f3 su construcci\u00f3n entre 1870 y 1877, luego de que el antiguo muelle que ocupaba fue destruido por el terremoto y maretazo del 14 de agosto de 1868.<\/strong><\/em><\/span><\/p>\n<p style=\"text-align: justify;\"><span style=\"color: #333399;\"><em><strong>\u00bfPor qu\u00e9 se le llama D\u00e1rsena?\u00a0 Porque una d\u00e1rsena es un lugar construido para resguardar los barcos, mientras cargan y descargan.\u00a0 Este hist\u00f3rico muelle recibi\u00f3 al primer buque a vapor el 19 de julio de 1877.\u00a0<\/strong><\/em><\/span><\/p>\n<p style=\"text-align: justify;\"><span style=\"color: #333399;\"><em><strong>Al ser una de las zonas m\u00e1s antiguas del Callao, el Muelle D\u00e1rsena fue declarado Patrimonio Cultural de la Naci\u00f3n.<\/strong><\/em><\/span><\/p>\n<p style=\"text-align: justify;\"><span style=\"color: #333399;\"><em><strong>-El faro de los navegantes<\/strong><\/em><\/span><\/p>\n<div id=\"attachment_57636\" style=\"width: 385px\" class=\"wp-caption aligncenter\"><a href=\"https:\/\/www.turistamagazine.com\/v2\/wp-content\/uploads\/2022\/08\/Faro-del-Navegante.jpg\"><img decoding=\"async\" aria-describedby=\"caption-attachment-57636\" class=\"wp-image-57636 size-full\" src=\"https:\/\/www.turistamagazine.com\/v2\/wp-content\/uploads\/2022\/08\/Faro-del-Navegante.jpg\" alt=\"\" width=\"375\" height=\"500\" srcset=\"https:\/\/www.turistamagazine.com\/v2\/wp-content\/uploads\/2022\/08\/Faro-del-Navegante.jpg 375w, https:\/\/www.turistamagazine.com\/v2\/wp-content\/uploads\/2022\/08\/Faro-del-Navegante-225x300.jpg 225w, https:\/\/www.turistamagazine.com\/v2\/wp-content\/uploads\/2022\/08\/Faro-del-Navegante-315x420.jpg 315w\" sizes=\"(max-width: 375px) 100vw, 375px\" \/><\/a><p id=\"caption-attachment-57636\" class=\"wp-caption-text\"><em><strong><span style=\"color: #333399;\">Muy cerca al muelle D\u00e1rsena, puedes encontrar el Faro de la Marina, de 12 metros de altura pero que pertenece al Muelle de Guerra.<\/span><\/strong><\/em><\/p><\/div>\n<p style=\"text-align: justify;\"><span style=\"color: #333399;\"><em><strong>Ambos fueron concebidos posterior al dise\u00f1o original del Muelle D\u00e1rsena, y se ejecut\u00f3 con el fin de albergar a las naves de guerra nacionales como extranjeras.<\/strong><\/em><\/span><\/p>\n<p style=\"text-align: justify;\"><span style=\"color: #333399;\"><em><strong>Dicho Faro de la Marina fue instalado en el a\u00f1o de 1889, y sirvi\u00f3 de gu\u00eda a los navegantes que llegaban al puerto del Callao.<\/strong><\/em><\/span><\/p>\n<p style=\"text-align: justify;\"><span style=\"color: #333399;\"><em><strong>-Miguel Grau de Chucuito<\/strong><\/em><\/span><\/p>\n<div id=\"attachment_57637\" style=\"width: 640px\" class=\"wp-caption aligncenter\"><a href=\"https:\/\/www.turistamagazine.com\/v2\/wp-content\/uploads\/2022\/08\/Miguel-Grau.jpg\"><img decoding=\"async\" aria-describedby=\"caption-attachment-57637\" class=\"wp-image-57637\" src=\"https:\/\/www.turistamagazine.com\/v2\/wp-content\/uploads\/2022\/08\/Miguel-Grau.jpg\" alt=\"\" width=\"630\" height=\"420\" srcset=\"https:\/\/www.turistamagazine.com\/v2\/wp-content\/uploads\/2022\/08\/Miguel-Grau.jpg 500w, https:\/\/www.turistamagazine.com\/v2\/wp-content\/uploads\/2022\/08\/Miguel-Grau-300x200.jpg 300w\" sizes=\"(max-width: 630px) 100vw, 630px\" \/><\/a><p id=\"caption-attachment-57637\" class=\"wp-caption-text\"><em><strong><span style=\"color: #333399;\">No esperes el 8 de octubre para tomarte una foto con nuestro h\u00e9roe del milenio.\u00a0 Sentado como un emperador romano de la antig\u00fcedad, Miguel Grau ve pasar a los turistas desde una residencia chalaca en la Avenida Gamarra, en Chucuito. Algunos se toman fotos con este peculiar monumento.<\/span><\/strong><\/em><\/p><\/div>\n<p style=\"text-align: justify;\"><span style=\"color: #333399;\"><em><strong>Esta efigie estaba ubicada antes en la Plaza Santa Rosa, pero fue removida para darle mayor seguridad ya que hab\u00eda sido objeto de v\u00e1ndalos.<\/strong><\/em><\/span><\/p>\n<p style=\"text-align: justify;\"><span style=\"color: #333399;\"><em><strong>-El ca\u00f1\u00f3n del pueblo<\/strong><\/em><\/span><\/p>\n<p style=\"text-align: justify;\"><span style=\"color: #333399;\"><em><strong>El \u201cCa\u00f1\u00f3n del pueblo\u201d fue el hallazgo naval m\u00e1s importante de todos los tiempos. Se trata de un ca\u00f1\u00f3n que fue usado no solo en el Combate del 2 de mayo de 1866, sino tambi\u00e9n en la Guerra del Pac\u00edfico en 1879-1885. El ca\u00f1\u00f3n es de fabricaci\u00f3n inglesa, tiene 22 metros de largo y pesa 18 toneladas.<\/strong><\/em><\/span><\/p>\n<div id=\"attachment_57638\" style=\"width: 640px\" class=\"wp-caption aligncenter\"><a href=\"https:\/\/www.turistamagazine.com\/v2\/wp-content\/uploads\/2022\/08\/Canon-del-Pueblo.jpg\"><img decoding=\"async\" aria-describedby=\"caption-attachment-57638\" class=\"wp-image-57638\" src=\"https:\/\/www.turistamagazine.com\/v2\/wp-content\/uploads\/2022\/08\/Canon-del-Pueblo.jpg\" alt=\"\" width=\"630\" height=\"420\" srcset=\"https:\/\/www.turistamagazine.com\/v2\/wp-content\/uploads\/2022\/08\/Canon-del-Pueblo.jpg 500w, https:\/\/www.turistamagazine.com\/v2\/wp-content\/uploads\/2022\/08\/Canon-del-Pueblo-300x200.jpg 300w\" sizes=\"(max-width: 630px) 100vw, 630px\" \/><\/a><p id=\"caption-attachment-57638\" class=\"wp-caption-text\"><span style=\"color: #333399;\"><em><strong>Fue encontrado el 15 de febrero de 2003 cuando cavaban zanjas para colocar tubos de obras para Sedapal. Estuvo enterrado por m\u00e1s de 100 a\u00f1os.\u00a0 Lo puedes ver en la cuadra 1 de la av. Jorge Ch\u00e1vez, cerca de la plaza Grau.<\/strong><\/em><\/span><\/p><\/div>\n<p style=\"text-align: justify;\"><span style=\"color: #333399;\"><em><strong>-El camino inca chalaco<\/strong><\/em><\/span><\/p>\n<p style=\"text-align: justify;\"><span style=\"color: #333399;\"><em><strong>Son las ruinas m\u00e1s importantes en el Callao. Ubicado en el Conjunto Arqueol\u00f3gico Oquendo, el camino Inca epidural es uno de los pocos que quedan en la costa, como parte del llamado \u201cC\u00e1pac \u00d1an\u201d o \u201cRed Vial del Tahuantinsuyo\u201d que es Patrimonio Mundial.<\/strong><\/em><\/span><\/p>\n<div id=\"attachment_57639\" style=\"width: 640px\" class=\"wp-caption aligncenter\"><a href=\"https:\/\/www.turistamagazine.com\/v2\/wp-content\/uploads\/2022\/08\/Camino-Inca-chalaco.jpg\"><img decoding=\"async\" aria-describedby=\"caption-attachment-57639\" class=\"wp-image-57639\" src=\"https:\/\/www.turistamagazine.com\/v2\/wp-content\/uploads\/2022\/08\/Camino-Inca-chalaco.jpg\" alt=\"\" width=\"630\" height=\"420\" srcset=\"https:\/\/www.turistamagazine.com\/v2\/wp-content\/uploads\/2022\/08\/Camino-Inca-chalaco.jpg 500w, https:\/\/www.turistamagazine.com\/v2\/wp-content\/uploads\/2022\/08\/Camino-Inca-chalaco-300x200.jpg 300w\" sizes=\"(max-width: 630px) 100vw, 630px\" \/><\/a><p id=\"caption-attachment-57639\" class=\"wp-caption-text\"><em><strong><span style=\"color: #333399;\">Con m\u00e1s de 1 km de largo, el Camino Inca Epidural fue parte del C\u00e1pac \u00d1an o Red de Camino de los Incas que datan desde el silgo XV.<\/span><\/strong><\/em><\/p><\/div>\n<p style=\"text-align: justify;\"><span style=\"color: #333399;\"><em><strong>-Plaza de la Independencia<\/strong><\/em><\/span><\/p>\n<p style=\"text-align: justify;\"><span style=\"color: #333399;\"><em><strong>Inaugurada en 1885, es la plaza chalaca por excelencia. No solo marca el ingreso hacia la Fortaleza del Real Felipe sino tambi\u00e9n muestra una magn\u00edfica pileta donada por una compa\u00f1\u00eda inglesa.<\/strong><\/em><\/span><\/p>\n<p style=\"text-align: justify;\"><span style=\"color: #333399;\"><em><strong>Dentro del parque hay una fuente de bronce con figuras que representan personajes mitol\u00f3gicos, as\u00ed como las tradiciones navales.<\/strong><\/em><\/span><\/p>\n<p style=\"text-align: justify;\"><span style=\"color: #333399;\"><em><strong>Fue presentada el 28 de Julio de 1866.\u00a0 Podr\u00e1s observar una estatua al general Bartolom\u00e9 Saloom, h\u00e9roe venezolano que supervis\u00f3 y comand\u00f3 el asedio a la fortaleza Real Felipe obteniendo la rendici\u00f3n espa\u00f1ola el 23 de enero de 1826.<\/strong><\/em><\/span><\/p>\n<p style=\"text-align: justify;\"><span style=\"color: #333399;\"><em><strong>-Iglesia matriz del Callao<\/strong><\/em><\/span><\/p>\n<p style=\"text-align: justify;\"><span style=\"color: #333399;\"><em><strong>Es un aut\u00e9ntico modelo de arquitectura religiosa. La Iglesia Matriz del Callao fue levantada en base de patrones greco-romanos, es de estilo neocl\u00e1sico y su campana es de oro y bronce.<\/strong><\/em><\/span><\/p>\n<div id=\"attachment_57640\" style=\"width: 640px\" class=\"wp-caption aligncenter\"><a href=\"https:\/\/www.turistamagazine.com\/v2\/wp-content\/uploads\/2022\/08\/Iglesia-Matriz.jpg\"><img decoding=\"async\" aria-describedby=\"caption-attachment-57640\" class=\"wp-image-57640\" src=\"https:\/\/www.turistamagazine.com\/v2\/wp-content\/uploads\/2022\/08\/Iglesia-Matriz.jpg\" alt=\"\" width=\"630\" height=\"420\" srcset=\"https:\/\/www.turistamagazine.com\/v2\/wp-content\/uploads\/2022\/08\/Iglesia-Matriz.jpg 500w, https:\/\/www.turistamagazine.com\/v2\/wp-content\/uploads\/2022\/08\/Iglesia-Matriz-300x200.jpg 300w\" sizes=\"(max-width: 630px) 100vw, 630px\" \/><\/a><p id=\"caption-attachment-57640\" class=\"wp-caption-text\"><span style=\"color: #333399;\"><em><strong>Es el templo principal del Callao, y sus cimientos soportaron el terremoto y maremoto de 1746.<\/strong><\/em><\/span><\/p><\/div>\n<p style=\"text-align: justify;\"><span style=\"color: #333399;\"><em><strong>Fue reconstruida en varias oportunidades. Tiene una sola nave, con numerosas columnas y arcos, adem\u00e1s sobre el altar mayor tiene una c\u00fapula.<\/strong><\/em><\/span><\/p>\n<p style=\"text-align: justify;\"><span style=\"color: #333399;\"><em><strong>-El templo faro<\/strong><\/em><\/span><\/p>\n<p style=\"text-align: justify;\"><span style=\"color: #333399;\"><em><strong>En su torre de 65 metros de alto hay un antiguo mirador desde donde se puede ver toda la bah\u00eda del Callao.<\/strong><\/em><\/span><\/p>\n<p style=\"text-align: justify;\"><span style=\"color: #333399;\"><em><strong>La iglesia Inmaculada Concepci\u00f3n Templo, m\u00e1s conocido como Iglesia Templo Faro est\u00e1 en lA Avenida 2 de mayo, Cercado del Centro Hist\u00f3rico del Callao.<\/strong><\/em><\/span><\/p>\n<p style=\"text-align: justify;\"><span style=\"color: #333399;\"><em><strong>Dentro de ella, encontrar\u00e1s la imagen del Consuelo Rey Misionero, un Cristo que sale en procesi\u00f3n cada Semana Santa para derramar bendiciones entre los chalacos.<\/strong><\/em><\/span><\/p>\n<p style=\"text-align: justify;\"><span style=\"color: #333399;\"><em><strong>-Chucuito, barrio de colores y pescadores<\/strong><\/em><\/span><\/p>\n<div id=\"attachment_57641\" style=\"width: 640px\" class=\"wp-caption aligncenter\"><a href=\"https:\/\/www.turistamagazine.com\/v2\/wp-content\/uploads\/2022\/08\/Chucuito.jpg\"><img decoding=\"async\" aria-describedby=\"caption-attachment-57641\" class=\"wp-image-57641\" src=\"https:\/\/www.turistamagazine.com\/v2\/wp-content\/uploads\/2022\/08\/Chucuito.jpg\" alt=\"\" width=\"630\" height=\"473\" srcset=\"https:\/\/www.turistamagazine.com\/v2\/wp-content\/uploads\/2022\/08\/Chucuito.jpg 800w, https:\/\/www.turistamagazine.com\/v2\/wp-content\/uploads\/2022\/08\/Chucuito-300x225.jpg 300w, https:\/\/www.turistamagazine.com\/v2\/wp-content\/uploads\/2022\/08\/Chucuito-768x576.jpg 768w, https:\/\/www.turistamagazine.com\/v2\/wp-content\/uploads\/2022\/08\/Chucuito-560x420.jpg 560w\" sizes=\"(max-width: 630px) 100vw, 630px\" \/><\/a><p id=\"caption-attachment-57641\" class=\"wp-caption-text\"><span style=\"color: #333399;\"><em><strong>Los vivos colores de sus calles y casitas la hacen parecer a Caminito, la popular calle argentina de Buenos Aires.\u00a0 No es casualidad que los primeros migrantes que llegaron y poblaron Chucuito a inicios del siglo XX fueron especialmente fueron italianos y espa\u00f1oles.<\/strong><\/em><\/span><\/p><\/div>\n<p style=\"text-align: justify;\"><span style=\"color: #333399;\"><em><strong>Barrio de antiguos pescadores desde el Virreynato hasta inicios del siglo XX, Chucuito es ahora un balneario de estilo genov\u00e9s.<\/strong><\/em><\/span><\/p>\n<p style=\"text-align: justify;\"><span style=\"color: #333399;\"><em><strong>Los vivos colores de sus calles y casitas la hacen parecer a Caminito, la popular calle argentina de Buenos Aires.\u00a0 No es casualidad que los primeros migrantes que llegaron y poblaron Chucuito a inicios del siglo XX fueron especialmente fueron italianos y espa\u00f1oles.<\/strong><\/em><\/span><\/p>\n<p style=\"text-align: justify;\"><span style=\"color: #333399;\"><em><strong>\u00bfPor qu\u00e9 se le llam\u00f3 Chucuito?<\/strong><\/em><\/span><\/p>\n<p style=\"text-align: justify;\"><span style=\"color: #333399;\"><em><strong>Hay dos versiones. La primera cuenta que los indios Collas (una de las tribus Aymaras) llamados \u201cPiti Piti\u00bb y que pescaban en esta zona llamaron \u201cChucuito\u201d a la playa.\u00a0<\/strong><\/em><\/span><\/p>\n<p style=\"text-align: justify;\"><span style=\"color: #333399;\"><em><strong>La segunda versi\u00f3n relata que el nombre proviene de \u201cla plaza chiquita frente al Convento de las \u00c1nimas y un Muelle Chiquito\u201d que quedaba all\u00ed cuando la ciudad del Callao estaba amurallada antes del terremoto y maremoto de 1746.<\/strong><\/em><\/span><\/p>\n","protected":false},"excerpt":{"rendered":"<p>Museo Del Ej\u00e9rcito Peruano Fortaleza Real Felipe Del Callao Puerta de ingreso a la capital del Per\u00fa para miles de visitantes, el Callao es una regi\u00f3n donde confluyen la historia, la arquitectura, las calles con antiguas casonas e iglesias y los atractivos naturales frente al mar Hoy celebra su 186 aniversario como Provincia Constitucional y para ello ha programado una serie de ceremonias, as\u00ed como actividades art\u00edsticas y culturales. Desde el 18 hasta el 21 de agosto se desarrollar\u00e1 la Feria de Emprendedores en la Plaza Casanave (cuadra 5\u00a0 de la avenida\u00a0 S\u00e1enz Pe\u00f1a). All\u00ed, los asistentes encontrar\u00e1n productos hechos&#8230;<\/p>\n","protected":false},"author":1,"featured_media":57635,"comment_status":"open","ping_status":"open","sticky":false,"template":"","format":"standard","meta":{"footnotes":""},"categories":[86,4,82],"tags":[12156,11846,10219,340],"class_list":["post-57634","post","type-post","status-publish","format-standard","has-post-thumbnail","hentry","category-destinos","category-breaking-news","category-nacionales","tag-20deagostoaniversariodel-callao","tag-elenatejeradirectora","tag-semanarioturistamagazine","tag-peru"],"_links":{"self":[{"href":"https:\/\/www.turistamagazine.com\/v2\/index.php?rest_route=\/wp\/v2\/posts\/57634","targetHints":{"allow":["GET"]}}],"collection":[{"href":"https:\/\/www.turistamagazine.com\/v2\/index.php?rest_route=\/wp\/v2\/posts"}],"about":[{"href":"https:\/\/www.turistamagazine.com\/v2\/index.php?rest_route=\/wp\/v2\/types\/post"}],"author":[{"embeddable":true,"href":"https:\/\/www.turistamagazine.com\/v2\/index.php?rest_route=\/wp\/v2\/users\/1"}],"replies":[{"embeddable":true,"href":"https:\/\/www.turistamagazine.com\/v2\/index.php?rest_route=%2Fwp%2Fv2%2Fcomments&post=57634"}],"version-history":[{"count":1,"href":"https:\/\/www.turistamagazine.com\/v2\/index.php?rest_route=\/wp\/v2\/posts\/57634\/revisions"}],"predecessor-version":[{"id":57642,"href":"https:\/\/www.turistamagazine.com\/v2\/index.php?rest_route=\/wp\/v2\/posts\/57634\/revisions\/57642"}],"wp:featuredmedia":[{"embeddable":true,"href":"https:\/\/www.turistamagazine.com\/v2\/index.php?rest_route=\/wp\/v2\/media\/57635"}],"wp:attachment":[{"href":"https:\/\/www.turistamagazine.com\/v2\/index.php?rest_route=%2Fwp%2Fv2%2Fmedia&parent=57634"}],"wp:term":[{"taxonomy":"category","embeddable":true,"href":"https:\/\/www.turistamagazine.com\/v2\/index.php?rest_route=%2Fwp%2Fv2%2Fcategories&post=57634"},{"taxonomy":"post_tag","embeddable":true,"href":"https:\/\/www.turistamagazine.com\/v2\/index.php?rest_route=%2Fwp%2Fv2%2Ftags&post=57634"}],"curies":[{"name":"wp","href":"https:\/\/api.w.org\/{rel}","templated":true}]}}