{"id":5725,"date":"2014-06-28T07:18:46","date_gmt":"2014-06-28T12:18:46","guid":{"rendered":"http:\/\/www.turistamagazine.com\/v2\/?p=5725"},"modified":"2014-06-28T07:18:46","modified_gmt":"2014-06-28T12:18:46","slug":"espana-grupo-costa-y-air-europa-renuevan-su-alianza-comercial","status":"publish","type":"post","link":"https:\/\/www.turistamagazine.com\/v2\/?p=5725","title":{"rendered":"ESPA\u00d1A: GRUPO COSTA Y AIR EUROPA RENUEVAN SU ALIANZA COMERCIAL"},"content":{"rendered":"<p style=\"text-align: justify;\">El Grupo Costa, formado por las navieras l\u00edderes y de referencia Costa Cruceros e Iberocruceros en Espa\u00f1a, y con un firme compromiso por ofrecer una experiencia vacacional inolvidable a sus pasajeros, ha renovado su alianza comercial con Air Europa para el transporte a\u00e9reo de los cruceristas hasta los puertos de embarque de los cruceros de las navieras.<\/p>\n<p style=\"text-align: justify;\">El acuerdo entre estas dos compa\u00f1\u00edas, caracterizadas por la excelencia en el servicio a sus clientes, implica la contrataci\u00f3n de m\u00e1s de 150 vuelos programados hasta finales de septiembre, tanto en l\u00ednea regular como en vuelo ch\u00e1rter especial para los cruceristas. Desde los dos principales aeropuertos de Espa\u00f1a, Madrid Adolfo Su\u00e1rez y Barcelona El Prat, m\u00e1s de 17.000 pasajeros volar\u00e1n hasta Bari, Copenhague, Heraklion, \u00c1msterdam, Venecia y Estambul, desde donde embarcar\u00e1n en los buques del Grupo Costa para disfrutar de unas vacaciones \u00fanicas por el Norte de Europa, el Adri\u00e1tico y Egeo.<\/p>\n<p style=\"text-align: justify;\">\u201cEl acuerdo con Air Europa sigue reforzando nuestra dedicaci\u00f3n al mercado espa\u00f1ol, con el que tenemos el firme compromiso de seguir ofreciendo el servicio de la m\u00e1s alta calidad que nos caracteriza\u201d, declara Mar\u00eda Jes\u00fas Garc\u00eda, Vicepresidenta de Ventas de Costa Cruceros e Iberocruceros. \u201cCon nuestros cruceros, abrimos nuevos horizontes a los pasajeros espa\u00f1oles y gracias a Air Europa queremos acercarles a ellos con una oferta excelente que empieza incluso antes de embarcar en nuestros buques\u201d.<\/p>\n<p style=\"text-align: justify;\">\u201cHacer m\u00e1s f\u00e1ciles y agradables los viajes ha sido siempre el objetivo de Air Europa\u201d, asegura Juan Jos\u00e9 Hidalgo, presidente de la compa\u00f1\u00eda a\u00e9rea y del Grupo Globalia. Este acuerdo con el Grupo Costa se enmarca, por tanto, en la l\u00ednea de ofrecer al viajero la m\u00e1xima comodidad y eficacia en sus desplazamientos, a\u00f1ade, lo cual es un objetivo que ambas empresas compartimos\u201d.<\/p>\n<p style=\"text-align: justify;\">El acuerdo entre Grupo Costa y Air Europa demuestra, una vez m\u00e1s, el gran compromiso de las navieras con el mercado espa\u00f1ol y la uni\u00f3n de ambos grupos refuerza su liderazgo y dedicaci\u00f3n por seguir ofreciendo el mejor servicio a los clientes espa\u00f1oles.<\/p>\n<p style=\"text-align: justify;\">F\/ Hosteltur<\/p>\n","protected":false},"excerpt":{"rendered":"<p>El Grupo Costa, formado por las navieras l\u00edderes y de referencia Costa Cruceros e Iberocruceros en Espa\u00f1a, y con un firme compromiso por ofrecer una experiencia vacacional inolvidable a sus pasajeros, ha renovado su alianza comercial con Air Europa para el transporte a\u00e9reo de los cruceristas hasta los puertos de embarque de los cruceros de las navieras. El acuerdo entre estas dos compa\u00f1\u00edas, caracterizadas por la excelencia en el servicio a sus clientes, implica la contrataci\u00f3n de m\u00e1s de 150 vuelos programados hasta finales de septiembre, tanto en l\u00ednea regular como en vuelo ch\u00e1rter especial para los cruceristas. Desde los&#8230;<\/p>\n","protected":false},"author":1,"featured_media":0,"comment_status":"open","ping_status":"open","sticky":false,"template":"","format":"standard","meta":{"footnotes":""},"categories":[4,84],"tags":[153,1786,178,2140],"class_list":["post-5725","post","type-post","status-publish","format-standard","hentry","category-breaking-news","category-internacionales","tag-air-europa","tag-costa-cruceros","tag-espana","tag-iberocruceros"],"_links":{"self":[{"href":"https:\/\/www.turistamagazine.com\/v2\/index.php?rest_route=\/wp\/v2\/posts\/5725","targetHints":{"allow":["GET"]}}],"collection":[{"href":"https:\/\/www.turistamagazine.com\/v2\/index.php?rest_route=\/wp\/v2\/posts"}],"about":[{"href":"https:\/\/www.turistamagazine.com\/v2\/index.php?rest_route=\/wp\/v2\/types\/post"}],"author":[{"embeddable":true,"href":"https:\/\/www.turistamagazine.com\/v2\/index.php?rest_route=\/wp\/v2\/users\/1"}],"replies":[{"embeddable":true,"href":"https:\/\/www.turistamagazine.com\/v2\/index.php?rest_route=%2Fwp%2Fv2%2Fcomments&post=5725"}],"version-history":[{"count":3,"href":"https:\/\/www.turistamagazine.com\/v2\/index.php?rest_route=\/wp\/v2\/posts\/5725\/revisions"}],"predecessor-version":[{"id":5728,"href":"https:\/\/www.turistamagazine.com\/v2\/index.php?rest_route=\/wp\/v2\/posts\/5725\/revisions\/5728"}],"wp:attachment":[{"href":"https:\/\/www.turistamagazine.com\/v2\/index.php?rest_route=%2Fwp%2Fv2%2Fmedia&parent=5725"}],"wp:term":[{"taxonomy":"category","embeddable":true,"href":"https:\/\/www.turistamagazine.com\/v2\/index.php?rest_route=%2Fwp%2Fv2%2Fcategories&post=5725"},{"taxonomy":"post_tag","embeddable":true,"href":"https:\/\/www.turistamagazine.com\/v2\/index.php?rest_route=%2Fwp%2Fv2%2Ftags&post=5725"}],"curies":[{"name":"wp","href":"https:\/\/api.w.org\/{rel}","templated":true}]}}