{"id":57068,"date":"2022-07-06T11:56:46","date_gmt":"2022-07-06T16:56:46","guid":{"rendered":"https:\/\/www.turistamagazine.com\/v2\/?p=57068"},"modified":"2022-07-07T08:24:15","modified_gmt":"2022-07-07T13:24:15","slug":"cultura-de-desarrollo-turistico","status":"publish","type":"post","link":"https:\/\/www.turistamagazine.com\/v2\/?p=57068","title":{"rendered":"CULTURA DE DESARROLLO TURISTICO"},"content":{"rendered":"<p style=\"text-align: center;\"><strong><em><span style=\"color: #333399;\">Vista parcial de Santa Cruz de Tenerife, en primer t\u00e9rmino, a la izquierda, el edificio del Cabildo, donde durante 15 a\u00f1os desempe\u00f1amos el trabajo de Delineante de Obras P\u00fablicas, escuchando cada cuarto de hora las campanadas de su reloj que se perd\u00edan en el infinito\u2026 al fondo el edifico singular del famosos Calatrava, cuyas originales obras de arquitectura marcan su historia en Sidney \/Australia) y\u00a0 Valencia, Espa\u00f1a<\/span><\/em><\/strong>.<\/p>\n<p style=\"text-align: justify;\"><span style=\"color: #800080;\"><strong><em>Personajes sacrificados, con constancia en sus trabajos, honestidad y honradez de forma\u00a0 impenitente, est\u00e1n detr\u00e1s de todo el desarrollo del turismo mundial hasta en sus mas humildes lugares. Tenerlos siempre presentes en nuestro recuerdo, es una obligaci\u00f3n. Honrar, honra.<\/em><\/strong><\/span><\/p>\n<h4 style=\"text-align: center;\"><strong><em>\u00a0<span style=\"color: #800080;\">LA ISLA DE TENERIFE EN EL RECUERDO DE SU PASADO<\/span><\/em><\/strong><\/h4>\n<p style=\"text-align: center;\"><span style=\"color: #333399;\"><strong><em>TODOS LAS TIEMPOS TIENE SU COLOR Y SU HISTORIA<\/em><\/strong><\/span><\/p>\n<p><span style=\"color: #333399;\"><em><strong>Por. Antonio-Pedro Tejera Reyes*<\/strong><\/em><\/span><\/p>\n<p><span style=\"color: #800080;\"><strong><em>Honrar, honra, y recordar las extraordinarias figuras tinerfe\u00f1as de Jos\u00e9-Miguel Galv\u00e1n Bello, Pedro Doblado Claverie y Candido-Luis Garc\u00eda Sanju\u00e1n\u00a0 &#8211; sin que este orden al nombrarlos tenga nada que ver con su categor\u00eda \u2013 es, una vez mas, reclamar al pueblo de Tenerife un merecido homenaje para estas tres figuras se\u00f1eras de su historia moderna, cuyas obras han llevado a las tristes islas de la emigraci\u00f3n hacia Cuba o Venezuela, a lo que es hoy una meca en los destinos tur\u00edsticos mundiales.<\/em><\/strong><\/span><\/p>\n<div id=\"attachment_57089\" style=\"width: 640px\" class=\"wp-caption aligncenter\"><a href=\"https:\/\/www.turistamagazine.com\/v2\/wp-content\/uploads\/2022\/07\/personajes2.png\"><img decoding=\"async\" aria-describedby=\"caption-attachment-57089\" class=\"wp-image-57089\" src=\"https:\/\/www.turistamagazine.com\/v2\/wp-content\/uploads\/2022\/07\/personajes2.png\" alt=\"\" width=\"630\" height=\"138\" srcset=\"https:\/\/www.turistamagazine.com\/v2\/wp-content\/uploads\/2022\/07\/personajes2.png 758w, https:\/\/www.turistamagazine.com\/v2\/wp-content\/uploads\/2022\/07\/personajes2-300x66.png 300w, https:\/\/www.turistamagazine.com\/v2\/wp-content\/uploads\/2022\/07\/personajes2-610x134.png 610w\" sizes=\"(max-width: 630px) 100vw, 630px\" \/><\/a><p id=\"caption-attachment-57089\" class=\"wp-caption-text\"><em><strong><span style=\"color: #333399;\"> De izquierda a derecha: Pedro Doblado Claver\u00ede, Wolfgang Kiessling, Jos\u00e9 Miguel Galv\u00e1n Bello, y C\u00e1ndido Luis Garc\u00eda Sanjuan.<\/span><\/strong><\/em><\/p><\/div>\n<p style=\"text-align: justify;\"><span style=\"color: #800080;\"><strong><em>De unos tiempos hist\u00f3ricos donde la pobreza no hab\u00eda que hacer muchos esfuerzos para encontrarla, al \u201ccarnaval de d\u00eda\u201d que ahora celebra toda la isla, la diferencia es como de la noche al d\u00eda. Todo un camino que se ha recorrido y que tenemos la suerte de poder contarlo por que\u00a0 lo mismo que hicimos colas para conseguir comida \u2013 pan, papas, gofio, etc., lo que hab\u00eda &#8211; con las libretas de racionamiento de la guerra y post-guerra espa\u00f1ola de los a\u00f1os treinta, pasear\u00edamos despu\u00e9s, muchos a\u00f1os mas tarde, a nuestras inolvidables fiestas en el Real Casino, el Club N\u00e1utico o el Circulo de Amistad XII de Enero, para terminar nuestras veladas en el Mercado de Nuestra Se\u00f1ora de \u00c1frica, comiendo churros con chocolate. \u00a0Por supuesto que esto no nos lo contaron, lo vivimos, no un solo a\u00f1o, sino muchos a\u00f1os\u2026<\/em><\/strong><\/span><\/p>\n<div id=\"attachment_57072\" style=\"width: 640px\" class=\"wp-caption aligncenter\"><a href=\"https:\/\/www.turistamagazine.com\/v2\/wp-content\/uploads\/2022\/07\/Gafas.jpg\"><img decoding=\"async\" aria-describedby=\"caption-attachment-57072\" class=\"wp-image-57072\" src=\"https:\/\/www.turistamagazine.com\/v2\/wp-content\/uploads\/2022\/07\/Gafas.jpg\" alt=\"\" width=\"630\" height=\"473\" srcset=\"https:\/\/www.turistamagazine.com\/v2\/wp-content\/uploads\/2022\/07\/Gafas.jpg 666w, https:\/\/www.turistamagazine.com\/v2\/wp-content\/uploads\/2022\/07\/Gafas-300x225.jpg 300w, https:\/\/www.turistamagazine.com\/v2\/wp-content\/uploads\/2022\/07\/Gafas-559x420.jpg 559w\" sizes=\"(max-width: 630px) 100vw, 630px\" \/><\/a><p id=\"caption-attachment-57072\" class=\"wp-caption-text\"><span style=\"color: #333399;\"><em><strong>Curiosidad hist\u00f3rica, lentes que sirvieron para dibujar el proyecto de la \u201cautopista del sur\u201d, Isla de Tenerife, a principios de los a\u00f1os sesenta del pasado siglo, en desuso desde hace a\u00f1os, pues se recuper\u00f3 totalmente la visi\u00f3n.<\/strong><\/em><\/span><\/p><\/div>\n<p style=\"text-align: justify;\"><span style=\"color: #333399;\"><strong><em>Hechos y realidades que para nosotros \u2013 ahora estudiando y planificando el desarrollo del turismo nacional en Per\u00fa, y otros grandes proyectos \u2013 nos reviven unos recuerdos en los cuales sobresalen muchos personajes marcados por su honradez, su honestidad, amor al trabajo, y toda una serie de brillantes cualidades humanas que, sin la menor duda, deber\u00edan de serles reconocidas debidamente, no solo por su excepcional entrega al trabajo, si no por la extraordinaria transcendencia que ha tenido el mismo para la historia de Tenerife, y para la calidad de vida que hoy vive su poblaci\u00f3n. Honrar, honra.<\/em><\/strong><\/span><\/p>\n<h4 style=\"text-align: center;\"><span style=\"color: #800080;\"><strong><em>LA PEQUE\u00d1A HISTORIA DE UNOS GRANDES HOMBRES<\/em><\/strong><\/span><\/h4>\n<p style=\"text-align: justify;\"><span style=\"color: #333399;\"><strong><em>El caso de Pedro Doblado Claverie lo estamos viviendo, y lo est\u00e1 viviendo \u00e9l, con nuestro recreo y disfrute viendo la incre\u00edble Playa de las Teresitas convertida en un lujo de Santa Cruz de Tenerife, despu\u00e9s de la gran odisea de trasladar su rubia arena desde las costa africanas <span style=\"color: #800080;\">del Desierto del Sahara<\/span>, hasta aquel litoral donde mas de una vez nos ba\u00f1\u00e1ramos, entre sus originarios callados (as\u00ed llamamos los canarios a esos pedruscos redondeados sin aristas, grandes y peque\u00f1os) y su incipiente arena negra volc\u00e1nica\u2026 Muchos barcos cargando es arena, fueron espectacular episodio cuando descargaban la preciada arena en aquellas costas del marinero Barrio de San Andr\u00e9s, donde acostumbr\u00e1bamos\u00a0 a ir regularmente, a degustar <span style=\"color: #800080;\">\u201cpescado fresco\u201d<\/span> en sus modestos t\u00edpicos restaurantes.<\/em><\/strong><\/span><\/p>\n<div id=\"attachment_57073\" style=\"width: 640px\" class=\"wp-caption aligncenter\"><a href=\"https:\/\/www.turistamagazine.com\/v2\/wp-content\/uploads\/2022\/07\/Playa-las-Teresitas.jpg\"><img decoding=\"async\" aria-describedby=\"caption-attachment-57073\" class=\"wp-image-57073\" src=\"https:\/\/www.turistamagazine.com\/v2\/wp-content\/uploads\/2022\/07\/Playa-las-Teresitas.jpg\" alt=\"\" width=\"630\" height=\"473\" srcset=\"https:\/\/www.turistamagazine.com\/v2\/wp-content\/uploads\/2022\/07\/Playa-las-Teresitas.jpg 800w, https:\/\/www.turistamagazine.com\/v2\/wp-content\/uploads\/2022\/07\/Playa-las-Teresitas-300x225.jpg 300w, https:\/\/www.turistamagazine.com\/v2\/wp-content\/uploads\/2022\/07\/Playa-las-Teresitas-768x576.jpg 768w, https:\/\/www.turistamagazine.com\/v2\/wp-content\/uploads\/2022\/07\/Playa-las-Teresitas-560x420.jpg 560w\" sizes=\"(max-width: 630px) 100vw, 630px\" \/><\/a><p id=\"caption-attachment-57073\" class=\"wp-caption-text\"><span style=\"color: #333399;\"><em><strong>Playa de las Teresitas, dotada de arena transportada desde la costa de \u00c1frica, gracias a un genial proyecto de incalculable valor. Al fondo de la gr\u00e1fica, el barrio marinero de San Andr\u00e9s, totalmente revalorizado con este sensacional aporte tur\u00edstico.<\/strong><\/em><\/span><\/p><\/div>\n<p style=\"text-align: justify;\"><span style=\"color: #800080;\"><strong><em>Pedro Doblado Claverie, como Alcalde Santa Cruz de Tenerife, fue el art\u00edfice imaginario de esta obra, que tuvo que seguir todo un largo proceso para su consecuci\u00f3n debido a la originalidad de la misma, y todo el singular movimiento que supon\u00eda.<\/em><\/strong><\/span><\/p>\n<p style=\"text-align: justify;\"><span style=\"color: #333399;\"><strong><em>La obra de este personaje tinerfe\u00f1o, recogida en su impresionante curr\u00edculo, no quedar\u00eda solo ah\u00ed, como alcalde Santa Cruz de Tenerife, influyo de forma determinantes en grandes obras en sus barrios, y su visi\u00f3n futurista del desarrollo de la ciudad la pudimos comprobar en muchas ocasiones, fundamentalmente cuando nos acept\u00f3 pronunciar la conferencia de clausura en uno de nuestros cursos de\u00a0 divulgaci\u00f3n tur\u00edstica, en las Palmas de Gran Canaria, donde hist\u00f3ricamente estuvo acompa\u00f1ado del Alcalde de esa ciudad, y del presidente del Cabildo de Gran Canaria, conferencia que presidi\u00f3 el Director General de Empresas y Actividades Tur\u00edstica, Le\u00f3n Herrera Esteban, enviado por el ministro Fraga Iribarne.<\/em><\/strong><\/span><\/p>\n<div id=\"attachment_57074\" style=\"width: 640px\" class=\"wp-caption aligncenter\"><a href=\"https:\/\/www.turistamagazine.com\/v2\/wp-content\/uploads\/2022\/07\/Pedro-Doblado.png\"><img decoding=\"async\" aria-describedby=\"caption-attachment-57074\" class=\"wp-image-57074\" src=\"https:\/\/www.turistamagazine.com\/v2\/wp-content\/uploads\/2022\/07\/Pedro-Doblado.png\" alt=\"\" width=\"630\" height=\"405\" srcset=\"https:\/\/www.turistamagazine.com\/v2\/wp-content\/uploads\/2022\/07\/Pedro-Doblado.png 640w, https:\/\/www.turistamagazine.com\/v2\/wp-content\/uploads\/2022\/07\/Pedro-Doblado-300x193.png 300w, https:\/\/www.turistamagazine.com\/v2\/wp-content\/uploads\/2022\/07\/Pedro-Doblado-610x392.png 610w\" sizes=\"(max-width: 630px) 100vw, 630px\" \/><\/a><p id=\"caption-attachment-57074\" class=\"wp-caption-text\"><span style=\"color: #333399;\"><em><b style=\"color: #333399;\">1968. El ilustre tinerfe\u00f1o Pedro Doblado Claver\u00ede, recibiendo en las Palmas de Gran Canaria, el Diploma de reconocimiento que le <\/b><span style=\"color: #333399;\"><b>ofrecer\u00edamos<\/b><\/span><b style=\"color: #333399;\"> por su intervenci\u00f3n en el VI Curso de Divulgaci\u00f3n Tur\u00edstica, Centro de Estudios Tur\u00edsticos de Canarias, entrega que le har\u00eda en nuestro nombre, el Director General de Empresas <\/b><span style=\"color: #333399;\"><b>Tur\u00edsticas<\/b><\/span><b style=\"color: #333399;\">. del <\/b><span style=\"color: #333399;\"><b>Ministerio<\/b><\/span><b style=\"color: #333399;\"> de Informaci\u00f3n y Turismo, Le\u00f3n Herrera Esteban. A ambos lados de la gr\u00e1fica, Federico D\u00edaz Bertrana, presidente del Cabildo de Gran Canaria y Jos\u00e9 <\/b><span style=\"color: #333399;\"><b>Ram\u00edrez<\/b><\/span><b style=\"color: #333399;\"> Betancur, Alcalde de las Palmas. <\/b><\/em><\/span><\/p><\/div>\n<p style=\"text-align: justify;\"><span style=\"color: #800080;\"><strong><em>De ah\u00ed, Pedro Doblado, a la direcci\u00f3n del \u00c1rea Metropolitana de Madrid donde desarrollo una brillante labor, apoyada en sus altos conocimientos jur\u00eddicos, y su notable experiencia en la pol\u00edtica municipal durante su trayectoria canaria.<\/em><\/strong><\/span><\/p>\n<h4 style=\"text-align: center;\"><span style=\"color: #800080;\"><strong><em>PUERTO DE LA CRUZ Y CANDIDO-LUIS GARC\u00cdA SANJUAN<\/em><\/strong><\/span><\/h4>\n<p style=\"text-align: justify;\"><span style=\"color: #333399;\"><strong><em>M\u00e1s de una vez hemos loado la extraordinaria figura de este tinerfe\u00f1o ejemplar. Pasamos muchos felices ratos con \u00e9l, alrededor de los m\u00e1s variados actos tur\u00edsticos. Era de una inteligencia innata con el ideal de servicio por delante.<\/em><\/strong><\/span><\/p>\n<p style=\"text-align: justify;\"><span style=\"color: #333399;\"><strong><em>Su impresionante visi\u00f3n futurista de lo que el turismo pod\u00eda significar\u00a0 para Canarias, le llev\u00f3 a ser el n\u00famero uno en el desarrollo moderno del turismo en el Puerto de la Cruz, de los a\u00f1os sesenta, emplazando su m\u00edtico Hotel Tenerife Playa, en una zona de cultivo platanero que las inclemencias del tiempo castigaba asiduamente dejando en la ruina a los pocos agricultores de la zona, ya que Puerto de la Cruz, era una pueblo t\u00edpicamente marinero.<\/em><\/strong><\/span><\/p>\n<div id=\"attachment_57090\" style=\"width: 640px\" class=\"wp-caption aligncenter\"><a href=\"https:\/\/www.turistamagazine.com\/v2\/wp-content\/uploads\/2022\/07\/Hotel-Tenerife.jpg\"><img decoding=\"async\" aria-describedby=\"caption-attachment-57090\" class=\"wp-image-57090\" src=\"https:\/\/www.turistamagazine.com\/v2\/wp-content\/uploads\/2022\/07\/Hotel-Tenerife.jpg\" alt=\"\" width=\"630\" height=\"446\" srcset=\"https:\/\/www.turistamagazine.com\/v2\/wp-content\/uploads\/2022\/07\/Hotel-Tenerife.jpg 535w, https:\/\/www.turistamagazine.com\/v2\/wp-content\/uploads\/2022\/07\/Hotel-Tenerife-300x213.jpg 300w\" sizes=\"(max-width: 630px) 100vw, 630px\" \/><\/a><p id=\"caption-attachment-57090\" class=\"wp-caption-text\"><span style=\"color: #333399;\"><em><strong>El Hotel Tenerife-Playa, una obra de C\u00e1ndido Lu\u00eds Garc\u00eda Sanju\u00e1n, al final de la Avenida de Col\u00f3n, Puerto de la Cruz, con la panor\u00e1mica parcial de la formidable obra escult\u00f3rica del genial Cesar Manrique, apoyada en el maravilloso proyecto de ingenier\u00eda de Jos\u00e9 Luis Olcina y Juan Alfredo Amig\u00f3. De frente, la Playa de Marti\u00e1nez con sus negras arenas, atracci\u00f3n tur\u00edstica ancestral de primera, del anta\u00f1o poblado<\/strong><\/em><\/span><\/p><\/div>\n<p style=\"text-align: justify;\"><span style=\"color: #800080;\"><strong><em>C\u00e1ndido Luis, obtuvo una concesi\u00f3n sobre una parcela en la zona mar\u00edtima, hoy Avenida de Col\u00f3n, y ah\u00ed construy\u00f3 el que fuera el reclamo n\u00famero uno para el movimiento tur\u00edstico que comenzaba a vislumbrar el turismo de masas, el de \u201csol y playa\u201d. Mas tarde, cedi\u00f3 todo el frente de ese hotel para que se construyese la Avenida de Col\u00f3n, paseo peatonal emblem\u00e1tico de la ciudad, que m\u00e1s de una vez, hemos publicado debe llamarse Avenida C\u00e1ndido-Luis Garc\u00eda Sanju\u00e1n, como justo e indiscutible reconocimiento a su aporte para la realidad de la misma.<\/em><\/strong><\/span><\/p>\n<div id=\"attachment_57077\" style=\"width: 640px\" class=\"wp-caption aligncenter\"><a href=\"https:\/\/www.turistamagazine.com\/v2\/wp-content\/uploads\/2022\/07\/Colon-2.jpg\"><img decoding=\"async\" aria-describedby=\"caption-attachment-57077\" class=\"wp-image-57077\" src=\"https:\/\/www.turistamagazine.com\/v2\/wp-content\/uploads\/2022\/07\/Colon-2.jpg\" alt=\"\" width=\"630\" height=\"415\" srcset=\"https:\/\/www.turistamagazine.com\/v2\/wp-content\/uploads\/2022\/07\/Colon-2.jpg 640w, https:\/\/www.turistamagazine.com\/v2\/wp-content\/uploads\/2022\/07\/Colon-2-300x198.jpg 300w, https:\/\/www.turistamagazine.com\/v2\/wp-content\/uploads\/2022\/07\/Colon-2-637x420.jpg 637w, https:\/\/www.turistamagazine.com\/v2\/wp-content\/uploads\/2022\/07\/Colon-2-610x402.jpg 610w\" sizes=\"(max-width: 630px) 100vw, 630px\" \/><\/a><p id=\"caption-attachment-57077\" class=\"wp-caption-text\"><span style=\"color: #333399;\"><em><strong>Avenida de Col\u00f3n, Puerto de la Cruz, Tenerife, una constante del m\u00e1ximo atractivo tur\u00edstico de la ciudad donde naciera el turismo en la isla, revalorizada con el genial obre del Lago Marti\u00e1nez, y toda una teor\u00eda tur\u00edstica hotelera alrededor del hermoso paseo peatonal<\/strong><\/em><\/span><\/p><\/div>\n<p style=\"text-align: justify;\"><span style=\"color: #800080;\"><strong><em>Vamos a copiar literalmente lo que publicamos sobre esta figura inmortal, en el diario EL DIA\u00a0 de Santa Cruz de Tenerife, el 27\/04\/2009: \u00a0<\/em><\/strong><\/span><\/p>\n<p style=\"text-align: justify;\"><span style=\"color: #333399;\"><strong><em>\u201cConversamos much\u00edsimo con Don C\u00e1ndido y son muchas las an\u00e9cdotas que podemos escribir sobre su paso por los Skal Clubs espa\u00f1oles e internacionales, el desarrollo del turismo en Tenerife y por \u00faltimo, el resurgimiento de los clubes rotarios en Canarias, en lo que me toc\u00f3 compartir con \u00e9l la entrega de la Carta Constitucional del Club Rotario de Las Palmas, aparte de otras muchas reuniones en el renacido club de Santa Cruz de Tenerife.<\/em><\/strong><\/span><\/p>\n<p style=\"text-align: justify;\"><span style=\"color: #333399;\"><strong><em>Conocimos a Don C\u00e1ndido algunos a\u00f1os antes, cuando visitaba la vieja Junta Administrativa de Obras P\u00fablicas &#8211; en el tercer piso del edificio del Cabildo Insular de Tenerife &#8211; como componente de su Junta de Gobierno, y nosotros \u00e9ramos unos imberbes delineantes que con tiral\u00edneas en manos traz\u00e1bamos los primeros perfiles de nuestras autopistas, junto a inolvidables amigos y compa\u00f1eros largos a\u00f1os, entre ellos Juan Ruiz Ben\u00edtez de Lugo, precisamente cu\u00f1ado de Don C\u00e1ndido. Don C\u00e1ndido era un hombre listo para servir. Por esa raz\u00f3n era un rotario de verdad. <span style=\"color: #800080;\">\u00abSiempre fui rotario\u00bb<\/span>, me confes\u00f3 un d\u00eda, en una de mis amenas charlas con \u00e9l. Su visi\u00f3n estrat\u00e9gica del desarrollo del turismo en Tenerife le llev\u00f3 m\u00e1s tarde a la construcci\u00f3n del Hotel Gran Tenerife, tambi\u00e9n pionero de la gran industria hotelera en el sur de la isla.<\/em><\/strong><\/span><\/p>\n<div id=\"attachment_57078\" style=\"width: 640px\" class=\"wp-caption aligncenter\"><a href=\"https:\/\/www.turistamagazine.com\/v2\/wp-content\/uploads\/2022\/07\/PLAYA-AMERICA.jpg\"><img decoding=\"async\" aria-describedby=\"caption-attachment-57078\" class=\"wp-image-57078\" src=\"https:\/\/www.turistamagazine.com\/v2\/wp-content\/uploads\/2022\/07\/PLAYA-AMERICA.jpg\" alt=\"\" width=\"630\" height=\"417\" srcset=\"https:\/\/www.turistamagazine.com\/v2\/wp-content\/uploads\/2022\/07\/PLAYA-AMERICA.jpg 640w, https:\/\/www.turistamagazine.com\/v2\/wp-content\/uploads\/2022\/07\/PLAYA-AMERICA-300x199.jpg 300w, https:\/\/www.turistamagazine.com\/v2\/wp-content\/uploads\/2022\/07\/PLAYA-AMERICA-634x420.jpg 634w, https:\/\/www.turistamagazine.com\/v2\/wp-content\/uploads\/2022\/07\/PLAYA-AMERICA-610x404.jpg 610w\" sizes=\"(max-width: 630px) 100vw, 630px\" \/><\/a><p id=\"caption-attachment-57078\" class=\"wp-caption-text\"><span style=\"color: #333399;\"><strong><em>Playa de la Am\u00e9ricas \u2013 Costa Adeje, sur de la isla de Tenerife, el mayor n\u00facleo de hoteles de cinco estrellas de Espa\u00f1a, en lo que fuera un \u00e1rido terreno improductivo y de escasos habitantes, convertido hoy en un impresionante destino tur\u00edstico. Entre otras muchas realidades, sede del Parque Acu\u00e1tico Siam Park, considerado el mejor del mundo, por TripAvisor<\/em><\/strong><\/span><\/p><\/div>\n<p style=\"text-align: justify;\"><span style=\"color: #800080;\"><strong><em>All\u00ed, en<\/em><\/strong><strong><em> ese mismo hotel, sostuvimos m\u00e1s de una larga conversaci\u00f3n, sobre las posibilidades de ese sur al que ya le hab\u00edamos echado la vista encima en los a\u00f1os sesenta del pasado siglo los que conoc\u00edamos el mundo del turismo internacional, frente a nuestros enigm\u00e1ticos paisanos que lo ve\u00edan como una utop\u00eda. Eran conversaciones que ten\u00edan la misma impronta que las que a\u00f1os antes hab\u00edamos tenido en el portuense Hotel Tenerife Playa, sentados c\u00f3modamente en uno de sus lujosos salones, paladeando el c\u00f3ctel \u00abReal Madrid\u00bb, obra del director del citado hotel, Manuel Alfons\u00edn, tra\u00eddo precisamente a Tenerife por Don C\u00e1ndido para dirigir su ya famoso hotel.<\/em><\/strong><\/span><\/p>\n<p style=\"text-align: justify;\"><span style=\"color: #333399;\"><strong><em>Hoy, en ese mar de recuerdos que nos suscita la evocaci\u00f3n de este singular personaje, no podemos menos que recabar para \u00e9l, su memoria y sus familiares el reconocimiento que su obra merece en la ciudad de Puerto de la Cruz, unidos a esa idea del club rotario, solicitando desde este peri\u00f3dico tan pendiente de resaltar los valores de la Patria Canaria, que se d\u00e9 el nombre de Avenida C\u00e1ndido Luis Garc\u00eda Sanju\u00e1n, a la hoy denominada con un nombre que ha pasado a ser gen\u00e9rico en el mundo, y que nada supone para los canarios, que no sea el paso de Crist\u00f3bal Col\u00f3n por La Gomera, en busca de la conquista de nuevos territorios para la Corona espa\u00f1ola.\u201d<\/em><\/strong><\/span><\/p>\n<h4 style=\"text-align: center;\"><span style=\"color: #800080;\"><strong><em>JOSE MIGUEL GALVAN BELLO Y EL SUR DE TENERIFE<\/em><\/strong><\/span><\/h4>\n<div id=\"attachment_57080\" style=\"width: 640px\" class=\"wp-caption aligncenter\"><a href=\"https:\/\/www.turistamagazine.com\/v2\/wp-content\/uploads\/2022\/07\/TEN-BEL.jpg\"><img decoding=\"async\" aria-describedby=\"caption-attachment-57080\" class=\"wp-image-57080\" src=\"https:\/\/www.turistamagazine.com\/v2\/wp-content\/uploads\/2022\/07\/TEN-BEL.jpg\" alt=\"\" width=\"630\" height=\"444\" srcset=\"https:\/\/www.turistamagazine.com\/v2\/wp-content\/uploads\/2022\/07\/TEN-BEL.jpg 640w, https:\/\/www.turistamagazine.com\/v2\/wp-content\/uploads\/2022\/07\/TEN-BEL-300x211.jpg 300w, https:\/\/www.turistamagazine.com\/v2\/wp-content\/uploads\/2022\/07\/TEN-BEL-596x420.jpg 596w\" sizes=\"(max-width: 630px) 100vw, 630px\" \/><\/a><p id=\"caption-attachment-57080\" class=\"wp-caption-text\"><span style=\"color: #333399;\"><em><strong>Piscinas del complejo tur\u00edstico TEN-BEL, inicio del turismo en el sur de Tenerife. Costa del Silencia. Impulso ocurrido gracias a la eficaz gesti\u00f3n de Jos\u00e9 Miguel Galv\u00e1n Bello, cuyo desarrollo seguimos puntualmente con la informaci\u00f3n privilegiada del ilustre abogado tinerfe\u00f1o, Rodrigo Rodr\u00edguez Ferrer, asesor de la referida obra.<\/strong><\/em><\/span><\/p><\/div>\n<p style=\"text-align: justify;\"><span style=\"color: #333399;\"><strong><em>Comentar esta figura de incalculable valor para el desarrollo del turismo canario en especial el sur de Tenerife, en remontarnos en el tiempo al trazado y ejecuci\u00f3n de la llamada popularmente \u201cautopista del sur\u201d, emborrachados con sus inmensos planos de perfiles longitudinales, transversales, y toda la parafernalia \u00a0que llevaba su proyecto, del cual fuimos su delineante dibujante en aquella m\u00edtica oficina de Obra P\u00fablicas, donde cada tarde aparec\u00eda el referido Jos\u00e9 Miguel Galv\u00e1n Bello, acompa\u00f1ado de nuestro ingeniero jefe, Juan Amig\u00f3 de Lara, a presenciar c\u00f3mo iban nuestros trabajos.<\/em><\/strong><\/span><\/p>\n<p style=\"text-align: justify;\"><span style=\"color: #800080;\"><strong><em>Galv\u00e1n Bello, era presidente del Cabildo Insular de Tenerife, desde cuyo \u201cpuesto de mando\u201d consigui\u00f3 del gobierno de Espa\u00f1a, que se aprobara una ley que permit\u00eda el endeudamiento de esa entidad que presid\u00eda, con la empresa francesa Dumex, para poder financiar la construcci\u00f3n de la referida autopista. Algo ins\u00f3lito en aquella Espa\u00f1a de los a\u00f1os sesenta del siglo pasado, y cuya ejecuci\u00f3n de la obra produjo un inusitado trabajo y cientos de empleos, por descontado el significado incalculable del extraordinario impacto del desarrollo del sur de Tenerife para el porvenir de la isla, en todos los buenos sentidos que se le quiera mirar.<\/em><\/strong><\/span><\/p>\n<div id=\"attachment_53928\" style=\"width: 640px\" class=\"wp-caption aligncenter\"><a href=\"https:\/\/www.turistamagazine.com\/v2\/wp-content\/uploads\/2021\/11\/Riyal-River.jpg\"><img decoding=\"async\" aria-describedby=\"caption-attachment-53928\" class=\"wp-image-53928\" src=\"https:\/\/www.turistamagazine.com\/v2\/wp-content\/uploads\/2021\/11\/Riyal-River.jpg\" alt=\"\" width=\"630\" height=\"473\" srcset=\"https:\/\/www.turistamagazine.com\/v2\/wp-content\/uploads\/2021\/11\/Riyal-River.jpg 800w, https:\/\/www.turistamagazine.com\/v2\/wp-content\/uploads\/2021\/11\/Riyal-River-300x225.jpg 300w, https:\/\/www.turistamagazine.com\/v2\/wp-content\/uploads\/2021\/11\/Riyal-River-768x576.jpg 768w, https:\/\/www.turistamagazine.com\/v2\/wp-content\/uploads\/2021\/11\/Riyal-River-560x420.jpg 560w\" sizes=\"(max-width: 630px) 100vw, 630px\" \/><\/a><p id=\"caption-attachment-53928\" class=\"wp-caption-text\"><span style=\"color: #333399;\"><em><strong>Los impresionantes desarrollos tur\u00edsticos del sur de Tenerife, alcanzan las mejores y mayores cotas de calidad a nivel internacional como es el caso del Royal River Luxuy Hotel &amp; Spa, considerado el mejor hotel de Espa\u00f1a, por la FIJET, una excepcional obra dentro de los m\u00e1s altos est\u00e1ndares de calidad existentes en el mundo, que alcanzan la excelencia en sus servicios e instalaciones. <\/strong><\/em><\/span><\/p><\/div>\n<p style=\"text-align: justify;\"><span style=\"color: #800080;\"><strong><em>El hombre clave de este impresionante, imponente cambio socio-econ\u00f3mico de Tenerife \u2013 con su extraordinaria repercusi\u00f3n en todo Canarias \u2013 fue sin duda Jos\u00e9 Miguel Galv\u00e1n Bello. \u00a0En paralelo a la gesti\u00f3n, de esa zona de la isla, marcada toda su vida por la pobreza, nacer\u00eda el Aeropuerto Princesa Sof\u00eda, y como un adelanto a todo su desarrollo tur\u00edstico, el gran complejo vacacional Ten-Bel, tambi\u00e9n asociado a la gesti\u00f3n de Galv\u00e1n Bello. El sue\u00f1o de Playa de las Am\u00e9ricas, Bah\u00eda del Duque, Costa Adeje, Siam Park, etc. etc. se fue configurando con los a\u00f1os, pero su nacimiento tienen el com\u00fan origen en la brillante, impresionante, impagable, e intr\u00e9pida gesti\u00f3n de Jos\u00e9 Miguel Galv\u00e1n Bello.<\/em><\/strong><\/span><\/p>\n<h4 style=\"text-align: center;\"><span style=\"color: #800080;\"><strong><em>HONRAR, HONRA<\/em><\/strong><\/span><\/h4>\n<div id=\"attachment_55340\" style=\"width: 640px\" class=\"wp-caption aligncenter\"><a href=\"https:\/\/www.turistamagazine.com\/v2\/wp-content\/uploads\/2022\/03\/Siam-park.jpg\"><img decoding=\"async\" aria-describedby=\"caption-attachment-55340\" class=\"wp-image-55340\" src=\"https:\/\/www.turistamagazine.com\/v2\/wp-content\/uploads\/2022\/03\/Siam-park.jpg\" alt=\"\" width=\"630\" height=\"451\" srcset=\"https:\/\/www.turistamagazine.com\/v2\/wp-content\/uploads\/2022\/03\/Siam-park.jpg 640w, https:\/\/www.turistamagazine.com\/v2\/wp-content\/uploads\/2022\/03\/Siam-park-300x215.jpg 300w, https:\/\/www.turistamagazine.com\/v2\/wp-content\/uploads\/2022\/03\/Siam-park-587x420.jpg 587w\" sizes=\"(max-width: 630px) 100vw, 630px\" \/><\/a><p id=\"caption-attachment-55340\" class=\"wp-caption-text\"><span style=\"color: #333399;\"><em><strong>Destinos tur\u00edsticos de excelencia. Extraordinaria visi\u00f3n parcial del gran SIAM PARK, el parque acu\u00e1tico mejor del mundo considerado as\u00ed este a\u00f1o por octava vez seguida, por los visitantes de la Web mayor del mundo TripAdvisor. Otro de los potentes atractivos tur\u00edsticos de la isla de Tenerife, original del genial Wolfgang Kiessling.<\/strong><\/em><\/span><\/p><\/div>\n<p style=\"text-align: justify;\"><span style=\"color: #333399;\"><strong><em>La isla de Tenerife, en particular, y las Islas Canarias en general,\u00a0 les deben a estos personajes un monumento de cuerpo completo \u2013 nada de bustos &#8211;\u00a0 que refleje en su bronce el agradecimiento de sus hijos, a los ejemplares m\u00e9ritos de estos inolvidables personajes, de incalculable valor\u00a0 por sus obras y su sensacional vocaci\u00f3n de servicio a la comunidad. Obras son amores. A los hechos nos remitimos. Un reconocimiento urgente y necesario, al igual al que se le debe ofrecer al genial empresario Wolfganf Kiessling, que ha colocado a las islas a nivel internacional como n\u00fameros uno en el mundo, con sus inigualables ex\u00f3ticos,\u00a0 parques de atracciones.<\/em><\/strong><\/span><\/p>\n<p style=\"text-align: justify;\"><span style=\"color: #800080;\"><strong><em>Monumentos de cuerpo entero, de pulido bronce, para ellos, con su particular leyenda, instalados en los m\u00e1s estrat\u00e9gicos y populares lugares, para que esos millones de turistas que visitan las islas conozcan a quienes se les debe el placentero disfrute de sus vacaciones. Honrar, honra.\u00a0 <\/em><\/strong><\/span><\/p>\n<p style=\"text-align: justify;\"><span style=\"color: #333399;\"><strong><em><a href=\"https:\/\/www.turistamagazine.com\/v2\/wp-content\/uploads\/2022\/03\/Dr.Antonio-Pedro-tejera-Reyes.jpg\"><img decoding=\"async\" class=\"wp-image-55662 size-thumbnail alignleft\" src=\"https:\/\/www.turistamagazine.com\/v2\/wp-content\/uploads\/2022\/03\/Dr.Antonio-Pedro-tejera-Reyes-150x150.jpg\" alt=\"\" width=\"150\" height=\"150\" \/><\/a>*Miembro activo del Grupo de Expertos de la Organizaci\u00f3n Mundial del Turismo. OMT. De las Naciones Unidas. ONU. *Fundador de los Estudios de Turismo en las Islas Canarias. *Miembro del International Hall of Tourism Heroes. WTN. *Conseiller International, Associazione Intenazionale Stampa Tur\u00edstica AIST. (Italia) *Diplome D\u00b4Honneur. Uni\u00f3n des Escrivans et Journalistes Hellenes du Tourisme. FIJET. Federaci\u00f3n Mundial de Periodistas y Escritores de Turismo. *Inscrito en el Consejo Nacional de Ciencia, Tecnolog\u00eda e Innovaci\u00f3n. Per\u00fa. Miembro de N\u00famero del Consejo Consultivo de la Fundaci\u00f3n Ecoturismo Latinoamericana, \u00a0\u00a0\u00a0\u00a0\u00a0FUNECO.*Pluma de Oro de Rotary Internacional. Puerto de la Cruz. Tenerife. Islas Canarias.<\/em><\/strong><\/span><\/p>\n<p>&nbsp;<\/p>\n","protected":false},"excerpt":{"rendered":"<p>Vista parcial de Santa Cruz de Tenerife, en primer t\u00e9rmino, a la izquierda, el edificio del Cabildo, donde durante 15 a\u00f1os desempe\u00f1amos el trabajo de Delineante de Obras P\u00fablicas, escuchando cada cuarto de hora las campanadas de su reloj que se perd\u00edan en el infinito\u2026 al fondo el edifico singular del famosos Calatrava, cuyas originales obras de arquitectura marcan su historia en Sidney \/Australia) y\u00a0 Valencia, Espa\u00f1a. Personajes sacrificados, con constancia en sus trabajos, honestidad y honradez de forma\u00a0 impenitente, est\u00e1n detr\u00e1s de todo el desarrollo del turismo mundial hasta en sus mas humildes lugares. Tenerlos siempre presentes en nuestro&#8230;<\/p>\n","protected":false},"author":1,"featured_media":57079,"comment_status":"open","ping_status":"open","sticky":false,"template":"","format":"standard","meta":{"footnotes":""},"categories":[85],"tags":[10217,11846,10219],"class_list":["post-57068","post","type-post","status-publish","format-standard","has-post-thumbnail","hentry","category-colum-invitados","tag-antoniopedrotejerareyes","tag-elenatejeradirectora","tag-semanarioturistamagazine"],"_links":{"self":[{"href":"https:\/\/www.turistamagazine.com\/v2\/index.php?rest_route=\/wp\/v2\/posts\/57068","targetHints":{"allow":["GET"]}}],"collection":[{"href":"https:\/\/www.turistamagazine.com\/v2\/index.php?rest_route=\/wp\/v2\/posts"}],"about":[{"href":"https:\/\/www.turistamagazine.com\/v2\/index.php?rest_route=\/wp\/v2\/types\/post"}],"author":[{"embeddable":true,"href":"https:\/\/www.turistamagazine.com\/v2\/index.php?rest_route=\/wp\/v2\/users\/1"}],"replies":[{"embeddable":true,"href":"https:\/\/www.turistamagazine.com\/v2\/index.php?rest_route=%2Fwp%2Fv2%2Fcomments&post=57068"}],"version-history":[{"count":5,"href":"https:\/\/www.turistamagazine.com\/v2\/index.php?rest_route=\/wp\/v2\/posts\/57068\/revisions"}],"predecessor-version":[{"id":57092,"href":"https:\/\/www.turistamagazine.com\/v2\/index.php?rest_route=\/wp\/v2\/posts\/57068\/revisions\/57092"}],"wp:featuredmedia":[{"embeddable":true,"href":"https:\/\/www.turistamagazine.com\/v2\/index.php?rest_route=\/wp\/v2\/media\/57079"}],"wp:attachment":[{"href":"https:\/\/www.turistamagazine.com\/v2\/index.php?rest_route=%2Fwp%2Fv2%2Fmedia&parent=57068"}],"wp:term":[{"taxonomy":"category","embeddable":true,"href":"https:\/\/www.turistamagazine.com\/v2\/index.php?rest_route=%2Fwp%2Fv2%2Fcategories&post=57068"},{"taxonomy":"post_tag","embeddable":true,"href":"https:\/\/www.turistamagazine.com\/v2\/index.php?rest_route=%2Fwp%2Fv2%2Ftags&post=57068"}],"curies":[{"name":"wp","href":"https:\/\/api.w.org\/{rel}","templated":true}]}}