{"id":57023,"date":"2022-07-02T18:07:42","date_gmt":"2022-07-02T23:07:42","guid":{"rendered":"https:\/\/www.turistamagazine.com\/v2\/?p=57023"},"modified":"2022-07-02T18:09:38","modified_gmt":"2022-07-02T23:09:38","slug":"hito-de-air-new-zealand-instalara-camas-planas-en-vuelos-a-usa","status":"publish","type":"post","link":"https:\/\/www.turistamagazine.com\/v2\/?p=57023","title":{"rendered":"HITO DE AIR NEW ZEALAND: INSTALAR\u00c1 CAMAS PLANAS EN VUELOS A USA"},"content":{"rendered":"<p style=\"text-align: center;\"><span style=\"color: #800080;\"><em><strong>En las rutas a Chicago y Nueva York en 2024<\/strong><\/em><\/span><\/p>\n<p style=\"text-align: justify;\"><span style=\"color: #333399;\"><em><strong>NEW ZEALAND\/02\/07\/2022.- Air New Zealand planea introducir las primeras camas econ\u00f3micas planas de la industria de las aerol\u00edneas en 2024, seg\u00fan avanza Travel Weekly.<\/strong><\/em><\/span><\/p>\n<p style=\"text-align: justify;\"><span style=\"color: #333399;\"><em><strong>Llamadas Skynest, las literas se instalar\u00e1n en los nuevos Boeing 787-9 Dreamliner. Esos aviones servir\u00e1n rutas de ultra larga distancia, como Auckland-Chicago y la ruta Auckland-Nueva York JFK que Air New Zealand lanzar\u00e1 en septiembre.<\/strong><\/em><\/span><\/p>\n<p style=\"text-align: justify;\"><span style=\"color: #800080;\"><em><strong>Air New Zealand revel\u00f3 que estaba considerando el Skynest poco antes de la pandemia y dice que hab\u00eda investigado el producto durante cinco a\u00f1os.<\/strong><\/em><\/span><\/p>\n<p style=\"text-align: justify;\"><span style=\"color: #333399;\"><em><strong>Las especificaciones reveladas en 2020 mostraron que cada c\u00e1psula Skynest tendr\u00eda dos filas de tres literas. Las literas tendr\u00edan una longitud superior a 6,5 \u200b\u200bpies y una anchura de dos pies. Cada litera estar\u00eda equipada con iluminaci\u00f3n dise\u00f1ada para dormir.<\/strong><\/em><\/span><\/p>\n<p style=\"text-align: justify;\"><span style=\"color: #800080;\"><em><strong>\u00abVemos una futura experiencia de vuelo en la que un cliente de clase econ\u00f3mica en vuelos de larga distancia podr\u00eda reservar Economy Skynest adem\u00e1s de su asiento Economy, descansar un poco y llegar a su destino listo para partir\u00bb,\u00a0 dijo Nikki Goodman, quien era entonces gerente general de experiencia del cliente de Air New Zealand en febrero de 2020.<\/strong><\/em><\/span><\/p>\n<p style=\"text-align: justify;\"><span style=\"color: #333399;\"><em><strong>Air New Zealand, reanud\u00f3 sus conexiones con Estados Unidos luego de dos veranos con restricciones de viajes a causa del covid-19<\/strong><\/em><\/span><\/p>\n<p>&nbsp;<\/p>\n","protected":false},"excerpt":{"rendered":"<p>En las rutas a Chicago y Nueva York en 2024 NEW ZEALAND\/02\/07\/2022.- Air New Zealand planea introducir las primeras camas econ\u00f3micas planas de la industria de las aerol\u00edneas en 2024, seg\u00fan avanza Travel Weekly. Llamadas Skynest, las literas se instalar\u00e1n en los nuevos Boeing 787-9 Dreamliner. Esos aviones servir\u00e1n rutas de ultra larga distancia, como Auckland-Chicago y la ruta Auckland-Nueva York JFK que Air New Zealand lanzar\u00e1 en septiembre. Air New Zealand revel\u00f3 que estaba considerando el Skynest poco antes de la pandemia y dice que hab\u00eda investigado el producto durante cinco a\u00f1os. Las especificaciones reveladas en 2020 mostraron que&#8230;<\/p>\n","protected":false},"author":1,"featured_media":57024,"comment_status":"open","ping_status":"open","sticky":false,"template":"","format":"standard","meta":{"footnotes":""},"categories":[4,84],"tags":[10219,12074,6463],"class_list":["post-57023","post","type-post","status-publish","format-standard","has-post-thumbnail","hentry","category-breaking-news","category-internacionales","tag-semanarioturistamagazine","tag-aeropuerto-internacional-de-nueva-york-john-f-kennedy-jfk","tag-air-new-zealand"],"_links":{"self":[{"href":"https:\/\/www.turistamagazine.com\/v2\/index.php?rest_route=\/wp\/v2\/posts\/57023","targetHints":{"allow":["GET"]}}],"collection":[{"href":"https:\/\/www.turistamagazine.com\/v2\/index.php?rest_route=\/wp\/v2\/posts"}],"about":[{"href":"https:\/\/www.turistamagazine.com\/v2\/index.php?rest_route=\/wp\/v2\/types\/post"}],"author":[{"embeddable":true,"href":"https:\/\/www.turistamagazine.com\/v2\/index.php?rest_route=\/wp\/v2\/users\/1"}],"replies":[{"embeddable":true,"href":"https:\/\/www.turistamagazine.com\/v2\/index.php?rest_route=%2Fwp%2Fv2%2Fcomments&post=57023"}],"version-history":[{"count":2,"href":"https:\/\/www.turistamagazine.com\/v2\/index.php?rest_route=\/wp\/v2\/posts\/57023\/revisions"}],"predecessor-version":[{"id":57026,"href":"https:\/\/www.turistamagazine.com\/v2\/index.php?rest_route=\/wp\/v2\/posts\/57023\/revisions\/57026"}],"wp:featuredmedia":[{"embeddable":true,"href":"https:\/\/www.turistamagazine.com\/v2\/index.php?rest_route=\/wp\/v2\/media\/57024"}],"wp:attachment":[{"href":"https:\/\/www.turistamagazine.com\/v2\/index.php?rest_route=%2Fwp%2Fv2%2Fmedia&parent=57023"}],"wp:term":[{"taxonomy":"category","embeddable":true,"href":"https:\/\/www.turistamagazine.com\/v2\/index.php?rest_route=%2Fwp%2Fv2%2Fcategories&post=57023"},{"taxonomy":"post_tag","embeddable":true,"href":"https:\/\/www.turistamagazine.com\/v2\/index.php?rest_route=%2Fwp%2Fv2%2Ftags&post=57023"}],"curies":[{"name":"wp","href":"https:\/\/api.w.org\/{rel}","templated":true}]}}