{"id":56968,"date":"2022-06-29T15:38:58","date_gmt":"2022-06-29T20:38:58","guid":{"rendered":"https:\/\/www.turistamagazine.com\/v2\/?p=56968"},"modified":"2022-06-29T15:38:58","modified_gmt":"2022-06-29T20:38:58","slug":"perucomplejo-arqueologico-chan-chan-nuevo-descubrimiento-en-la-huaca-takaynamo","status":"publish","type":"post","link":"https:\/\/www.turistamagazine.com\/v2\/?p=56968","title":{"rendered":"PERU:COMPLEJO ARQUEOL\u00d3GICO CHAN CHAN NUEVO DESCUBRIMIENTO EN LA HUACA TAKAYNAMO"},"content":{"rendered":"<p style=\"text-align: justify;\"><span style=\"color: #333399;\"><em><strong>Una escultura de madera asociada a la cultura Chim\u00fa fue hallada por arque\u00f3logos durante el desarrollo de la tercera etapa de los trabajos de excavaci\u00f3n y conservaci\u00f3n que se ejecutan en la huaca Takaynamo, arquitectura piramidal ubicada en la zona norte del complejo arqueol\u00f3gico Chan Chan, en el distrito de La Esperanza, provincia de Trujillo, regi\u00f3n La Libertad.<\/strong><\/em><\/span><\/p>\n<p style=\"text-align: justify;\"><span style=\"color: #333399;\"><em><strong>El arque\u00f3logo Arturo Paredes N\u00fa\u00f1ez, jefe de la Unidad de Investigaci\u00f3n, Conservaci\u00f3n y Puesta en Valor del Proyecto Especial Arqueol\u00f3gico Chan Chan (Pecach), inform\u00f3 que la pieza de madera se encuentra en perfecto estado de conservaci\u00f3n, mide 47 cent\u00edmetros de largo por 16 cent\u00edmetros de ancho.<\/strong><\/em><\/span><\/p>\n<div id=\"attachment_56970\" style=\"width: 640px\" class=\"wp-caption aligncenter\"><a href=\"https:\/\/www.turistamagazine.com\/v2\/wp-content\/uploads\/2022\/06\/Chanchan.jpg\"><img decoding=\"async\" aria-describedby=\"caption-attachment-56970\" class=\"wp-image-56970\" src=\"https:\/\/www.turistamagazine.com\/v2\/wp-content\/uploads\/2022\/06\/Chanchan.jpg\" alt=\"\" width=\"630\" height=\"473\" srcset=\"https:\/\/www.turistamagazine.com\/v2\/wp-content\/uploads\/2022\/06\/Chanchan.jpg 800w, https:\/\/www.turistamagazine.com\/v2\/wp-content\/uploads\/2022\/06\/Chanchan-300x225.jpg 300w, https:\/\/www.turistamagazine.com\/v2\/wp-content\/uploads\/2022\/06\/Chanchan-768x576.jpg 768w, https:\/\/www.turistamagazine.com\/v2\/wp-content\/uploads\/2022\/06\/Chanchan-560x420.jpg 560w\" sizes=\"(max-width: 630px) 100vw, 630px\" \/><\/a><p id=\"caption-attachment-56970\" class=\"wp-caption-text\"><span style=\"color: #333399;\"><em><strong>El investigador indic\u00f3, asimismo, que esta pieza arqueol\u00f3gica ha sido documentada en un contexto secundario, que alude a un personaje que aparece como cargador de andas. Lleva un gorro de corte trapezoidal por la parte superior angosta, tiene como decoraci\u00f3n 7 bandas verticales de colores claro y oscuro alternos. En la parte inferior, la escultura de madera muestra una banda horizontal oscura.<\/strong><\/em><\/span><\/p><\/div>\n<p style=\"text-align: justify;\"><span style=\"color: #333399;\"><em><strong>Agreg\u00f3 que el rostro es plano, de corte ovalado, y est\u00e1 pintado de color rojo. La nariz, de perfil recto, sobresale al plano del rostro. Los ojos almendrados y las orejas circulares exhiben desnivel, donde se conserva una resina de color negro que habr\u00eda servido para fijar placas de n\u00e1car, informaron los investigadores de Chan Chan.<\/strong><\/em><\/span><\/p>\n<p style=\"text-align: justify;\"><span style=\"color: #800080;\"><em><strong>Posici\u00f3n e indumentaria tallada<\/strong><\/em><\/span><\/p>\n<p style=\"text-align: justify;\"><span style=\"color: #333399;\"><em><strong>El brazo izquierdo, pegado al cuerpo, dobla a la derecha y la mano extendida se dispone en el lado anterior del torso. El brazo derecho, tambi\u00e9n pegado al cuerpo, dobla hacia arriba por lo que la mano queda a la altura del hombro. Torso, brazos y manos parecen haber estado pintados de rojo; en el pecho se observan manchas circulares oscuras.<\/strong><\/em><\/span><\/p>\n<p style=\"text-align: justify;\"><span style=\"color: #333399;\"><em><strong>El personaje lleva faldell\u00edn de corte triangular, el borde es decorado con peque\u00f1as bandas rectangulares, similar a las del tocado. El centro es un espacio triangular de coloraci\u00f3n oscura. Las piernas son rectas y los pies ligeramente separados; la porci\u00f3n anterior de ellos ha sido parcialmente cortada.<\/strong><\/em><\/span><\/p>\n<div id=\"attachment_56971\" style=\"width: 640px\" class=\"wp-caption aligncenter\"><a href=\"https:\/\/www.turistamagazine.com\/v2\/wp-content\/uploads\/2022\/06\/CHANCHAN3.jpg\"><img decoding=\"async\" aria-describedby=\"caption-attachment-56971\" class=\"wp-image-56971\" src=\"https:\/\/www.turistamagazine.com\/v2\/wp-content\/uploads\/2022\/06\/CHANCHAN3.jpg\" alt=\"\" width=\"630\" height=\"420\" srcset=\"https:\/\/www.turistamagazine.com\/v2\/wp-content\/uploads\/2022\/06\/CHANCHAN3.jpg 640w, https:\/\/www.turistamagazine.com\/v2\/wp-content\/uploads\/2022\/06\/CHANCHAN3-300x200.jpg 300w, https:\/\/www.turistamagazine.com\/v2\/wp-content\/uploads\/2022\/06\/CHANCHAN3-630x420.jpg 630w, https:\/\/www.turistamagazine.com\/v2\/wp-content\/uploads\/2022\/06\/CHANCHAN3-610x407.jpg 610w\" sizes=\"(max-width: 630px) 100vw, 630px\" \/><\/a><p id=\"caption-attachment-56971\" class=\"wp-caption-text\"><span style=\"color: #800080;\"><em><strong>Collares y m\u00e1s: <span style=\"color: #333399;\">Junto a la escultura se han recuperado semillas de nectandra que debieron conformar un collar (alguna de ellas presenta hilo insertado). Bajo la escultura se registr\u00f3 un peque\u00f1o bolso de color negro con decoraci\u00f3n lograda por hilos de color marr\u00f3n y blanco.<\/span><\/strong><\/em><\/span><\/p><\/div>\n<p style=\"text-align: justify;\"><span style=\"color: #800080;\"><em><strong>Destacan hallazgo<\/strong><\/em><\/span><\/p>\n<p style=\"text-align: justify;\"><span style=\"color: #333399;\"><em><strong>Durante su visita al \u00e1rea de investigaci\u00f3n, la viceministra de Patrimonio Cultural e Industrias Culturales del Ministerio de Cultura, Janie G\u00f3mez, destac\u00f3 el hallazgo, el trabajo que se est\u00e1 realizando y la excepcionalidad del sitio.<\/strong><\/em><\/span><\/p>\n<p style=\"text-align: justify;\"><span style=\"color: #333399;\"><em><strong>\u201cMuy bien nuestro pa\u00eds podr\u00eda vivir tan solo de la puesta en valor de sus monumentos (arqueol\u00f3gicos). Tenemos cantidad, variedad de sitios con caracter\u00edsticas excepcionales. Desde el Ministerio de Cultura, estamos trabajando en modelos de gesti\u00f3n que permitan gestionar y crear alianzas estrat\u00e9gicas necesarias para el buen manejo de nuestro patrimonio\u201d, manifest\u00f3.<\/strong><\/em><\/span><\/p>\n<p style=\"text-align: justify;\"><span style=\"color: #333399;\"><em><strong>Mencion\u00f3, asimismo, que esta intervenci\u00f3n se alinea con el Plan Maestro para la Conservaci\u00f3n y Manejo del Complejo Arqueol\u00f3gico Chan Chan, que enriquece el conocimiento de un bien inscrito en la Lista del Patrimonio Mundial.<\/strong><\/em><\/span><\/p>\n<div id=\"attachment_56972\" style=\"width: 640px\" class=\"wp-caption aligncenter\"><a href=\"https:\/\/www.turistamagazine.com\/v2\/wp-content\/uploads\/2022\/06\/CHANCHAN5.jpg\"><img decoding=\"async\" aria-describedby=\"caption-attachment-56972\" class=\"wp-image-56972\" src=\"https:\/\/www.turistamagazine.com\/v2\/wp-content\/uploads\/2022\/06\/CHANCHAN5.jpg\" alt=\"\" width=\"630\" height=\"420\" srcset=\"https:\/\/www.turistamagazine.com\/v2\/wp-content\/uploads\/2022\/06\/CHANCHAN5.jpg 800w, https:\/\/www.turistamagazine.com\/v2\/wp-content\/uploads\/2022\/06\/CHANCHAN5-300x200.jpg 300w, https:\/\/www.turistamagazine.com\/v2\/wp-content\/uploads\/2022\/06\/CHANCHAN5-768x512.jpg 768w, https:\/\/www.turistamagazine.com\/v2\/wp-content\/uploads\/2022\/06\/CHANCHAN5-630x420.jpg 630w, https:\/\/www.turistamagazine.com\/v2\/wp-content\/uploads\/2022\/06\/CHANCHAN5-610x406.jpg 610w\" sizes=\"(max-width: 630px) 100vw, 630px\" \/><\/a><p id=\"caption-attachment-56972\" class=\"wp-caption-text\"><span style=\"color: #333399;\"><em><strong>Por su parte, el director (e) del Proyecto Especial Complejo Arqueol\u00f3gico Chan Chan, C\u00e9sar G\u00e1lvez Mora, afirm\u00f3 que este hallazgo se suma a evidencias significativas que ratifican la funci\u00f3n ceremonial de un edificio perif\u00e9rico a Chan Chan.<\/strong><\/em><\/span><\/p><\/div>\n<p style=\"text-align: justify;\"><span style=\"color: #333399;\"><em><strong>El proyecto de inversi\u00f3n de huaca Takaynamo tiene como objetivo principal generar las condiciones adecuadas de este monumento a fin de conocer la arquitectura y uso que le dieron nuestros ancestros a este espacio; y a la vez preservarlo y ponerlo al servicio tur\u00edstico de la comunidad local e internacional.<\/strong><\/em><\/span><\/p>\n<p style=\"text-align: justify;\"><span style=\"color: #333399;\"><em><strong>Los trabajos de investigaci\u00f3n y conservaci\u00f3n que ejecuta el Ministerio de Cultura, a trav\u00e9s del Proyecto Especial Complejo Arqueol\u00f3gico Chan Chan en esta huaca, rodeada del actual casco urbano del populoso distrito de La Esperanza, se iniciaron el 11 de abril y tienen un plazo de ejecuci\u00f3n de ocho meses.<\/strong><\/em><\/span><\/p>\n<p>F\/Andina<\/p>\n","protected":false},"excerpt":{"rendered":"<p>Una escultura de madera asociada a la cultura Chim\u00fa fue hallada por arque\u00f3logos durante el desarrollo de la tercera etapa de los trabajos de excavaci\u00f3n y conservaci\u00f3n que se ejecutan en la huaca Takaynamo, arquitectura piramidal ubicada en la zona norte del complejo arqueol\u00f3gico Chan Chan, en el distrito de La Esperanza, provincia de Trujillo, regi\u00f3n La Libertad. El arque\u00f3logo Arturo Paredes N\u00fa\u00f1ez, jefe de la Unidad de Investigaci\u00f3n, Conservaci\u00f3n y Puesta en Valor del Proyecto Especial Arqueol\u00f3gico Chan Chan (Pecach), inform\u00f3 que la pieza de madera se encuentra en perfecto estado de conservaci\u00f3n, mide 47 cent\u00edmetros de largo por&#8230;<\/p>\n","protected":false},"author":1,"featured_media":56969,"comment_status":"open","ping_status":"open","sticky":false,"template":"","format":"standard","meta":{"footnotes":""},"categories":[86],"tags":[11846,10219,330],"class_list":["post-56968","post","type-post","status-publish","format-standard","has-post-thumbnail","hentry","category-destinos","tag-elenatejeradirectora","tag-semanarioturistamagazine","tag-turismo-en-el-peru"],"_links":{"self":[{"href":"https:\/\/www.turistamagazine.com\/v2\/index.php?rest_route=\/wp\/v2\/posts\/56968","targetHints":{"allow":["GET"]}}],"collection":[{"href":"https:\/\/www.turistamagazine.com\/v2\/index.php?rest_route=\/wp\/v2\/posts"}],"about":[{"href":"https:\/\/www.turistamagazine.com\/v2\/index.php?rest_route=\/wp\/v2\/types\/post"}],"author":[{"embeddable":true,"href":"https:\/\/www.turistamagazine.com\/v2\/index.php?rest_route=\/wp\/v2\/users\/1"}],"replies":[{"embeddable":true,"href":"https:\/\/www.turistamagazine.com\/v2\/index.php?rest_route=%2Fwp%2Fv2%2Fcomments&post=56968"}],"version-history":[{"count":1,"href":"https:\/\/www.turistamagazine.com\/v2\/index.php?rest_route=\/wp\/v2\/posts\/56968\/revisions"}],"predecessor-version":[{"id":56973,"href":"https:\/\/www.turistamagazine.com\/v2\/index.php?rest_route=\/wp\/v2\/posts\/56968\/revisions\/56973"}],"wp:featuredmedia":[{"embeddable":true,"href":"https:\/\/www.turistamagazine.com\/v2\/index.php?rest_route=\/wp\/v2\/media\/56969"}],"wp:attachment":[{"href":"https:\/\/www.turistamagazine.com\/v2\/index.php?rest_route=%2Fwp%2Fv2%2Fmedia&parent=56968"}],"wp:term":[{"taxonomy":"category","embeddable":true,"href":"https:\/\/www.turistamagazine.com\/v2\/index.php?rest_route=%2Fwp%2Fv2%2Fcategories&post=56968"},{"taxonomy":"post_tag","embeddable":true,"href":"https:\/\/www.turistamagazine.com\/v2\/index.php?rest_route=%2Fwp%2Fv2%2Ftags&post=56968"}],"curies":[{"name":"wp","href":"https:\/\/api.w.org\/{rel}","templated":true}]}}