{"id":5672,"date":"2014-06-26T07:40:00","date_gmt":"2014-06-26T12:40:00","guid":{"rendered":"http:\/\/www.turistamagazine.com\/v2\/?p=5672"},"modified":"2014-06-26T07:40:00","modified_gmt":"2014-06-26T12:40:00","slug":"bolivia-boliviana-de-turismo-comenzara-a-funcionar-en-pocos-dias","status":"publish","type":"post","link":"https:\/\/www.turistamagazine.com\/v2\/?p=5672","title":{"rendered":"BOLIVIA: BOLIVIANA DE TURISMO COMENZAR\u00c1 A FUNCIONAR EN POCOS D\u00cdAS"},"content":{"rendered":"<p style=\"text-align: justify;\">La Paz.- El Gobierno de Bolivia rechaz\u00f3 que la empresa estatal de turismo que comenzar\u00e1 a operar en los siguientes d\u00edas vaya a perjudicar las operaciones de las privadas, contrarias a su creaci\u00f3n por el temor a una competencia desleal.<\/p>\n<p style=\"text-align: justify;\">El viceministro de Turismo, Marko Machicao, declar\u00f3 a los medios que Boliviana de Turismo \u00abno pretende trabajar en circuitos tradicionales de la oferta de otras empresas o agencias\u00bb.<\/p>\n<p style=\"text-align: justify;\">\u00abNosotros, como Estado, damos prioridad a aquellos destinos tur\u00edsticos no tradicionales\u00bb, como la Amazonia boliviana, donde no ofrecen sus servicios las empresas privadas, dijo Machicao.<\/p>\n<p style=\"text-align: justify;\">Agreg\u00f3 que la firma estatal, que contar\u00e1 con un presupuesto de casi un mill\u00f3n de d\u00f3lares, buscar\u00e1 otro tipo de mercados y de turistas y promover\u00e1 un \u00abturismo de base comunitaria\u00bb con la participaci\u00f3n de las comunidades ind\u00edgenas y campesinas, que hoy no tienen servicios de comercializaci\u00f3n de su oferta tur\u00edstica.<\/p>\n<p style=\"text-align: justify;\">A su juicio, los argumentos de rechazo del sector privado no se justifican y sostuvo que las protestas que se producen corresponden a \u00abdecisiones de un grupo muy reducido, muy peque\u00f1o\u00bb.<\/p>\n<p style=\"text-align: justify;\">La C\u00e1mara Boliviana de Turismo (Cabotur), que agrupa a los operadores privados, ha acusado al Gobierno ante organismos internacionales de turismo de crear una empresa que provocar\u00e1 una competencia desleal porque, entre otros servicios, tambi\u00e9n vender\u00e1 pasajes a\u00e9reos.<\/p>\n<p style=\"text-align: justify;\">Varios de los operadores se manifestaron el martes ante el Ministerio de Culturas y Turismo para rechazar la iniciativa del Gobierno que, seg\u00fan la presidenta de Cabotur, Claudia Rivera, perjudicar\u00e1 el trabajo de 3.500 operadores privados del pa\u00eds.<\/p>\n<p style=\"text-align: justify;\">En 2013, el turismo gener\u00f3 para Bolivia alrededor de US$ 1.000 millones, seg\u00fan datos oficiales.<\/p>\n<p>EFE\/ Imagen Shutterstock\/ Hosteltur<\/p>\n","protected":false},"excerpt":{"rendered":"<p>La Paz.- El Gobierno de Bolivia rechaz\u00f3 que la empresa estatal de turismo que comenzar\u00e1 a operar en los siguientes d\u00edas vaya a perjudicar las operaciones de las privadas, contrarias a su creaci\u00f3n por el temor a una competencia desleal. El viceministro de Turismo, Marko Machicao, declar\u00f3 a los medios que Boliviana de Turismo \u00abno pretende trabajar en circuitos tradicionales de la oferta de otras empresas o agencias\u00bb. \u00abNosotros, como Estado, damos prioridad a aquellos destinos tur\u00edsticos no tradicionales\u00bb, como la Amazonia boliviana, donde no ofrecen sus servicios las empresas privadas, dijo Machicao. Agreg\u00f3 que la firma estatal, que contar\u00e1&#8230;<\/p>\n","protected":false},"author":1,"featured_media":0,"comment_status":"open","ping_status":"open","sticky":false,"template":"","format":"standard","meta":{"footnotes":""},"categories":[4,84],"tags":[2106,2108,2107,2109],"class_list":["post-5672","post","type-post","status-publish","format-standard","hentry","category-breaking-news","category-internacionales","tag-camara-boliviana-de-turismo","tag-marko-machicao","tag-ministerio-de-culturas-y-turismo","tag-viceministro-de-turismo-boliviano"],"_links":{"self":[{"href":"https:\/\/www.turistamagazine.com\/v2\/index.php?rest_route=\/wp\/v2\/posts\/5672","targetHints":{"allow":["GET"]}}],"collection":[{"href":"https:\/\/www.turistamagazine.com\/v2\/index.php?rest_route=\/wp\/v2\/posts"}],"about":[{"href":"https:\/\/www.turistamagazine.com\/v2\/index.php?rest_route=\/wp\/v2\/types\/post"}],"author":[{"embeddable":true,"href":"https:\/\/www.turistamagazine.com\/v2\/index.php?rest_route=\/wp\/v2\/users\/1"}],"replies":[{"embeddable":true,"href":"https:\/\/www.turistamagazine.com\/v2\/index.php?rest_route=%2Fwp%2Fv2%2Fcomments&post=5672"}],"version-history":[{"count":2,"href":"https:\/\/www.turistamagazine.com\/v2\/index.php?rest_route=\/wp\/v2\/posts\/5672\/revisions"}],"predecessor-version":[{"id":5675,"href":"https:\/\/www.turistamagazine.com\/v2\/index.php?rest_route=\/wp\/v2\/posts\/5672\/revisions\/5675"}],"wp:attachment":[{"href":"https:\/\/www.turistamagazine.com\/v2\/index.php?rest_route=%2Fwp%2Fv2%2Fmedia&parent=5672"}],"wp:term":[{"taxonomy":"category","embeddable":true,"href":"https:\/\/www.turistamagazine.com\/v2\/index.php?rest_route=%2Fwp%2Fv2%2Fcategories&post=5672"},{"taxonomy":"post_tag","embeddable":true,"href":"https:\/\/www.turistamagazine.com\/v2\/index.php?rest_route=%2Fwp%2Fv2%2Ftags&post=5672"}],"curies":[{"name":"wp","href":"https:\/\/api.w.org\/{rel}","templated":true}]}}