{"id":5666,"date":"2014-06-26T07:27:39","date_gmt":"2014-06-26T12:27:39","guid":{"rendered":"http:\/\/www.turistamagazine.com\/v2\/?p=5666"},"modified":"2014-06-26T07:27:39","modified_gmt":"2014-06-26T12:27:39","slug":"francia-finalizo-la-huelga-de-los-controladores-aereos-franceses","status":"publish","type":"post","link":"https:\/\/www.turistamagazine.com\/v2\/?p=5666","title":{"rendered":"FRANCIA: FINALIZ\u00d3  LA HUELGA DE LOS CONTROLADORES A\u00c9REOS FRANCESES"},"content":{"rendered":"<p style=\"text-align: justify;\">Paris.- La Uni\u00f3n Nacional de Sindicatos Aut\u00f3nomos-Ingenieros de Control de la Navegaci\u00f3n A\u00e9rea (UNSA-ICNA), organizaci\u00f3n sindical convocante de la huelga de seis d\u00edas de los controladores a\u00e9reos en Francia, anunci\u00f3 este mi\u00e9rcoles que ha decidido finalizar la acci\u00f3n de protesta iniciada este martes 24 de junio y que en sus dos primeros d\u00edas oblig\u00f3 a las autoridades de la Aviaci\u00f3n Civil francesa a restringir el 20% de los vuelos programados.<\/p>\n<p style=\"text-align: justify;\">Como se indicaba en el preaviso presentado por los representantes de los trabajadores, la huelga estaba programada hasta el pr\u00f3ximo domingo 29 de junio. En un comunicado emitido por UNSA-ICNA que publica el diario franc\u00e9s Le Figaro, los sindicatos explican que solicitaron la reanudaci\u00f3n de las actividades unas horas despu\u00e9s de reunirse con el secretario de Estado de Transportes, Fr\u00e9d\u00e9ric Cuvillier.<\/p>\n<p style=\"text-align: justify;\">Tras dos d\u00edas de paro, en la reuni\u00f3n \u00abse expres\u00f3 la gravedad y la urgencia de la situaci\u00f3n\u00bb, as\u00ed como la postura del secretario de Estado, que seg\u00fan el sindicato \u00abreconoce la importancia de la necesidad de inversi\u00f3n\u00bb en la navegaci\u00f3n a\u00e9rea.<\/p>\n<p style=\"text-align: justify;\">Mientras que en la primera jornada de huelga, la Direcci\u00f3n General de Aviaci\u00f3n Civil, ( DGAC) solicit\u00f3 a las aerol\u00edneas la suspensi\u00f3n del 20% de los vuelos programados entre Par\u00eds y el sur del pa\u00eds, Espa\u00f1a, Portugal, Marruecos, T\u00fanez y Argelia, as\u00ed como en los aeropuertos de Lyon, Marsella, Toulouse y Burdeos; para este jueves 26\u00a0 Francia gestionar\u00eda el 95% de los vuelos en el tercer d\u00eda de huelga, quedando limitada a s\u00f3lo el 5% de los vuelos programados la reducci\u00f3n operativa.<\/p>\n<p>F\/Hosteltur<\/p>\n<p>&nbsp;<\/p>\n","protected":false},"excerpt":{"rendered":"<p>Paris.- La Uni\u00f3n Nacional de Sindicatos Aut\u00f3nomos-Ingenieros de Control de la Navegaci\u00f3n A\u00e9rea (UNSA-ICNA), organizaci\u00f3n sindical convocante de la huelga de seis d\u00edas de los controladores a\u00e9reos en Francia, anunci\u00f3 este mi\u00e9rcoles que ha decidido finalizar la acci\u00f3n de protesta iniciada este martes 24 de junio y que en sus dos primeros d\u00edas oblig\u00f3 a las autoridades de la Aviaci\u00f3n Civil francesa a restringir el 20% de los vuelos programados. Como se indicaba en el preaviso presentado por los representantes de los trabajadores, la huelga estaba programada hasta el pr\u00f3ximo domingo 29 de junio. En un comunicado emitido por UNSA-ICNA&#8230;<\/p>\n","protected":false},"author":1,"featured_media":0,"comment_status":"open","ping_status":"open","sticky":false,"template":"","format":"standard","meta":{"footnotes":""},"categories":[4,84],"tags":[2104,2103,471,2102],"class_list":["post-5666","post","type-post","status-publish","format-standard","hentry","category-breaking-news","category-internacionales","tag-aeropuertos-franceses","tag-fin-de-la-huelga","tag-francia","tag-unsa-icna"],"_links":{"self":[{"href":"https:\/\/www.turistamagazine.com\/v2\/index.php?rest_route=\/wp\/v2\/posts\/5666","targetHints":{"allow":["GET"]}}],"collection":[{"href":"https:\/\/www.turistamagazine.com\/v2\/index.php?rest_route=\/wp\/v2\/posts"}],"about":[{"href":"https:\/\/www.turistamagazine.com\/v2\/index.php?rest_route=\/wp\/v2\/types\/post"}],"author":[{"embeddable":true,"href":"https:\/\/www.turistamagazine.com\/v2\/index.php?rest_route=\/wp\/v2\/users\/1"}],"replies":[{"embeddable":true,"href":"https:\/\/www.turistamagazine.com\/v2\/index.php?rest_route=%2Fwp%2Fv2%2Fcomments&post=5666"}],"version-history":[{"count":2,"href":"https:\/\/www.turistamagazine.com\/v2\/index.php?rest_route=\/wp\/v2\/posts\/5666\/revisions"}],"predecessor-version":[{"id":5668,"href":"https:\/\/www.turistamagazine.com\/v2\/index.php?rest_route=\/wp\/v2\/posts\/5666\/revisions\/5668"}],"wp:attachment":[{"href":"https:\/\/www.turistamagazine.com\/v2\/index.php?rest_route=%2Fwp%2Fv2%2Fmedia&parent=5666"}],"wp:term":[{"taxonomy":"category","embeddable":true,"href":"https:\/\/www.turistamagazine.com\/v2\/index.php?rest_route=%2Fwp%2Fv2%2Fcategories&post=5666"},{"taxonomy":"post_tag","embeddable":true,"href":"https:\/\/www.turistamagazine.com\/v2\/index.php?rest_route=%2Fwp%2Fv2%2Ftags&post=5666"}],"curies":[{"name":"wp","href":"https:\/\/api.w.org\/{rel}","templated":true}]}}