{"id":56610,"date":"2022-06-04T17:39:12","date_gmt":"2022-06-04T22:39:12","guid":{"rendered":"https:\/\/www.turistamagazine.com\/v2\/?p=56610"},"modified":"2022-06-04T17:39:12","modified_gmt":"2022-06-04T22:39:12","slug":"mincetur-reconoce-a-efectivos-policiales-de-la-division-de-turismo-por-destacada-labor","status":"publish","type":"post","link":"https:\/\/www.turistamagazine.com\/v2\/?p=56610","title":{"rendered":"MINCETUR RECONOCE A EFECTIVOS POLICIALES DE LA DIVISI\u00d3N DE TURISMO POR DESTACADA LABOR"},"content":{"rendered":"<p style=\"text-align: justify;\"><span style=\"color: #333399;\"><em><strong>PERU\/LIMA\/o4\/06 2022.- El Ministerio de Comercio Exterior y Turismo (Mincetur) reconoci\u00f3\u00a0 a 14 efectivos de la Direcci\u00f3n de Turismo de la Polic\u00eda Nacional del Per\u00fa, quienes han mostrado una labor destacada en beneficio de la actividad tur\u00edstica.\u00a0<\/strong><\/em><\/span><\/p>\n<p style=\"text-align: justify;\"><span style=\"color: #333399;\"><em><strong>Esto se llev\u00f3 a cabo en una ceremonia que cont\u00f3 con la presencia del ministro de Comercio Exterior y Turismo, Roberto S\u00e1nchez; la ministra de la Mujer y Poblaciones Vulnerables, Diana Miloslavich; el Comandante General PNP Luis Vera Llerena; Director de Turismo General Mario Moreno Alvarado; la viceministra de Turismo Isabel \u00c1lvarez; los congresistas de la Rep\u00fablica, Tania Ram\u00edrez y H\u00e9ctor Ventura; el embajador de El Salvador en Per\u00fa, Pablo Caballero; el embajador de Costa Rica en Per\u00fa, Renato V\u00edquez; y el presidente de la Red de Protecci\u00f3n al Turista, Jhonatan Coronado; entre otras autoridades.\u00a0<\/strong><\/em><\/span><\/p>\n<p style=\"text-align: justify;\"><span style=\"color: #800080;\"><em><strong>Este evento se efectu\u00f3 en el marco de la conmemoraci\u00f3n del 48 aniversario de la Direcci\u00f3n de Turismo de la Polic\u00eda Nacional del Per\u00fa.\u00a0<\/strong><\/em><\/span><\/p>\n<p style=\"text-align: justify;\"><span style=\"color: #333399;\"><em><strong>El ministro Roberto S\u00e1nchez destac\u00f3 la importancia de la Polic\u00eda de Turismo y valor\u00f3 la labor que realizan e indic\u00f3 que sin su trabajo \u201cno hay reactivaci\u00f3n econ\u00f3mica ni del turismo, porque sin seguridad no seremos un destino atractivo para los turistas que estamos buscando atraer. Gracias a ustedes fortalecemos la imagen tur\u00edstica del Per\u00fa como destino confiable para los visitantes que se desplazan por el territorio nacional\u201d.<\/strong><\/em><\/span><\/p>\n<p style=\"text-align: justify;\"><span style=\"color: #333399;\"><em><strong>En ese sentido, desde el Mincetur se han realizado transferencias con las que el Ministerio del Interior (Mininter) ya ha adquirido 56 camionetas, 10 veh\u00edculos utilitarios y equipamiento para fortalecer la capacidad operativa de la Polic\u00eda de Turismo, a nivel nacional.<\/strong><\/em><\/span><\/p>\n<p style=\"text-align: justify;\"><span style=\"color: #333399;\"><em><strong>\u201cTodav\u00eda existe un monto pendiente por ejecutar de poco m\u00e1s de 7 millones de soles transferidos de Mincetur al Mininter. Estamos seguros que se viabilizar\u00e1 r\u00e1pidamente para la adquisici\u00f3n de camionetas, \u00f3mnibus, motocicletas, sistemas integrales de comunicaci\u00f3n y otros implementos tan necesarios para nuestra polic\u00eda\u201d, dijo el ministro S\u00e1nchez.<\/strong><\/em><\/span><\/p>\n<p style=\"text-align: justify;\"><span style=\"color: #800080;\"><em><strong>Como se recuerda, el gobierno\u00a0 tiene una firme y decidida pol\u00edtica de impulsar y desarrollar el turismo y la seguridad tur\u00edstica representa un aspecto fundamental de este compromiso nacional.\u00a0 Raz\u00f3n por la cual, el Mincetur busca adherirse al C\u00f3digo Internacional de Protecci\u00f3n al Turista, propuesto por la Organizaci\u00f3n Mundial del Turismo (OMT), y recientemente socializado ante los miembros de la Red de Protecci\u00f3n al Turista.<\/strong><\/em><\/span><\/p>\n<p style=\"text-align: justify;\"><span style=\"color: #333399;\"><em><strong>El ministro S\u00e1nchez confirm\u00f3, en la ceremonia, que se buscar\u00e1 institucionalizar el reconocimiento entregado a los efectivos de la Direcci\u00f3n de Turismo. Adem\u00e1s, anunci\u00f3 que se buscar\u00e1 a trav\u00e9s de un convenio -y luego de conversar en el marco del Comisi\u00f3n Nacional de Seguridad Ciudadana-, mejorar alrededor de 15 comisar\u00edas en regiones, aquellas que tengan de manera cercana un atractivo tur\u00edstico central.<\/strong><\/em><\/span><\/p>\n<p style=\"text-align: justify;\"><span style=\"color: #800080;\"><em><strong>Adicionalmente, se\u00f1al\u00f3, que a trav\u00e9s de Cenfotur se otorgar\u00e1n 90 becas para la Direcci\u00f3n de Turismo de la Polic\u00eda Nacional del Per\u00fa en cursos de Gesti\u00f3n de servicio al cliente, Cultura Tur\u00edstica y T\u00e9cnicas para el desarrollo de modelos de gesti\u00f3n e interpretaci\u00f3n.<\/strong><\/em><\/span><\/p>\n<p style=\"text-align: justify;\"><span style=\"color: #800080;\"><em><strong>EFECTIVOS CONDECORADOS POR MINCETUR<\/strong><\/em><\/span><\/p>\n<ol>\n<li style=\"text-align: justify;\"><span style=\"color: #333399;\"><em><strong>General Mario N\u00e9stor Moreno Alvarado &#8211; Director de Turismo de la PNP<\/strong><\/em><\/span><\/li>\n<li style=\"text-align: justify;\"><span style=\"color: #333399;\"><em><strong>Coronel Christian Roncal Plaza &#8211; Jefe de la Divisi\u00f3n de Turismo de la DIRTUR<\/strong><\/em><\/span><\/li>\n<li style=\"text-align: justify;\"><span style=\"color: #333399;\"><em><strong>Coronel Marcial Alvarado Vera &#8211; Jefe de la Divisi\u00f3n de Inteligencia de la DIRTUR<\/strong><\/em><\/span><\/li>\n<li style=\"text-align: justify;\"><span style=\"color: #333399;\"><em><strong>Comandante Maslu Arteaga Salazar &#8211; Comisaria de la Comisaria de Turismo Lima Norte<\/strong><\/em><\/span><\/li>\n<li style=\"text-align: justify;\"><span style=\"color: #333399;\"><em><strong>Comandante Magaly Cisterna Silva -Comisaria de la Comisaria de Turismo Lima Sur.<\/strong><\/em><\/span><\/li>\n<li style=\"text-align: justify;\"><span style=\"color: #333399;\"><em><strong>Comandante Hanner Horna Paz &#8211; Comisaria de la Comisaria de Turismo Cusco<\/strong><\/em><\/span><\/li>\n<li style=\"text-align: justify;\"><span style=\"color: #333399;\"><em><strong>Mayor Marlith Flores Ruiz-Comisaria de la Comisaria de Turismo Tacna<\/strong><\/em><\/span><\/li>\n<li style=\"text-align: justify;\"><span style=\"color: #333399;\"><em><strong>Suboficial Superior Hugo Soto Ze\u00f1a &#8211; Responsable de Transportes de la Direcci\u00f3n de Turismo PNP<\/strong><\/em><\/span><\/li>\n<li style=\"text-align: justify;\"><span style=\"color: #800080;\"><em><strong>Suboficial Superior Elizabeth Carmona Flores -Responsable de Educaci\u00f3n de la Direcci\u00f3n de Turismo PNP<\/strong><\/em><\/span><\/li>\n<li style=\"text-align: justify;\"><span style=\"color: #333399;\"><em><strong>Suboficial de Primera Giuliana Angela Cuyo Calcina &#8211; Comisaria de Turismo de Arequipa<\/strong><\/em><\/span><\/li>\n<li style=\"text-align: justify;\"><span style=\"color: #333399;\"><em><strong>Suboficial de Segunda Lizbeth G\u00f3mez Aguilar &#8211; Comisaria de Turismo de Huaraz.<\/strong><\/em><\/span><\/li>\n<li style=\"text-align: justify;\"><span style=\"color: #333399;\"><em><strong>Suboficial de Segunda Yenny Burgos Ruiz &#8211; Comisaria de Turismo del Callao.<\/strong><\/em><\/span><\/li>\n<li style=\"text-align: justify;\"><span style=\"color: #333399;\"><em><strong>Suboficial de Segunda Mar\u00eda Quillama Flores &#8211; Comisaria de Turismo de Ucayali<\/strong><\/em><\/span><\/li>\n<li style=\"text-align: justify;\"><span style=\"color: #333399;\"><em><strong>Suboficial de Tercera Jhulyana Moran Nazario- Comisaria de Turismo de Lambayeque.<\/strong><\/em><\/span><\/li>\n<\/ol>\n","protected":false},"excerpt":{"rendered":"<p>PERU\/LIMA\/o4\/06 2022.- El Ministerio de Comercio Exterior y Turismo (Mincetur) reconoci\u00f3\u00a0 a 14 efectivos de la Direcci\u00f3n de Turismo de la Polic\u00eda Nacional del Per\u00fa, quienes han mostrado una labor destacada en beneficio de la actividad tur\u00edstica.\u00a0 Esto se llev\u00f3 a cabo en una ceremonia que cont\u00f3 con la presencia del ministro de Comercio Exterior y Turismo, Roberto S\u00e1nchez; la ministra de la Mujer y Poblaciones Vulnerables, Diana Miloslavich; el Comandante General PNP Luis Vera Llerena; Director de Turismo General Mario Moreno Alvarado; la viceministra de Turismo Isabel \u00c1lvarez; los congresistas de la Rep\u00fablica, Tania Ram\u00edrez y H\u00e9ctor Ventura; el&#8230;<\/p>\n","protected":false},"author":1,"featured_media":56611,"comment_status":"open","ping_status":"open","sticky":false,"template":"","format":"standard","meta":{"footnotes":""},"categories":[4,82],"tags":[11846,12023,10219,10556],"class_list":["post-56610","post","type-post","status-publish","format-standard","has-post-thumbnail","hentry","category-breaking-news","category-nacionales","tag-elenatejeradirectora","tag-policiadeturismodelperu","tag-semanarioturistamagazine","tag-turismagazine"],"_links":{"self":[{"href":"https:\/\/www.turistamagazine.com\/v2\/index.php?rest_route=\/wp\/v2\/posts\/56610","targetHints":{"allow":["GET"]}}],"collection":[{"href":"https:\/\/www.turistamagazine.com\/v2\/index.php?rest_route=\/wp\/v2\/posts"}],"about":[{"href":"https:\/\/www.turistamagazine.com\/v2\/index.php?rest_route=\/wp\/v2\/types\/post"}],"author":[{"embeddable":true,"href":"https:\/\/www.turistamagazine.com\/v2\/index.php?rest_route=\/wp\/v2\/users\/1"}],"replies":[{"embeddable":true,"href":"https:\/\/www.turistamagazine.com\/v2\/index.php?rest_route=%2Fwp%2Fv2%2Fcomments&post=56610"}],"version-history":[{"count":1,"href":"https:\/\/www.turistamagazine.com\/v2\/index.php?rest_route=\/wp\/v2\/posts\/56610\/revisions"}],"predecessor-version":[{"id":56612,"href":"https:\/\/www.turistamagazine.com\/v2\/index.php?rest_route=\/wp\/v2\/posts\/56610\/revisions\/56612"}],"wp:featuredmedia":[{"embeddable":true,"href":"https:\/\/www.turistamagazine.com\/v2\/index.php?rest_route=\/wp\/v2\/media\/56611"}],"wp:attachment":[{"href":"https:\/\/www.turistamagazine.com\/v2\/index.php?rest_route=%2Fwp%2Fv2%2Fmedia&parent=56610"}],"wp:term":[{"taxonomy":"category","embeddable":true,"href":"https:\/\/www.turistamagazine.com\/v2\/index.php?rest_route=%2Fwp%2Fv2%2Fcategories&post=56610"},{"taxonomy":"post_tag","embeddable":true,"href":"https:\/\/www.turistamagazine.com\/v2\/index.php?rest_route=%2Fwp%2Fv2%2Ftags&post=56610"}],"curies":[{"name":"wp","href":"https:\/\/api.w.org\/{rel}","templated":true}]}}