{"id":56429,"date":"2022-05-26T13:21:52","date_gmt":"2022-05-26T18:21:52","guid":{"rendered":"https:\/\/www.turistamagazine.com\/v2\/?p=56429"},"modified":"2022-05-26T13:21:52","modified_gmt":"2022-05-26T18:21:52","slug":"temor-a-nuevas-restricciones-por-el-fin-del-pasaporte-covid","status":"publish","type":"post","link":"https:\/\/www.turistamagazine.com\/v2\/?p=56429","title":{"rendered":"TEMOR A NUEVAS RESTRICCIONES POR EL FIN DEL PASAPORTE COVID"},"content":{"rendered":"<p style=\"text-align: center;\"><span style=\"color: #800080;\"><em><strong>Los grandes lobbies tur\u00edsticos recuerdan que \u201chan demostrado ser ineficaces para detener la propagaci\u00f3n del virus\u201d<\/strong><\/em><\/span><\/p>\n<p style=\"text-align: center;\"><span style=\"color: #800080;\"><em><strong>Coinciden en que el uso de esta medida no debe eliminarse de manera definitiva, si no reservarlo por si fuese necesario volver a utilizarlo<\/strong><\/em><\/span><\/p>\n<p style=\"text-align: justify;\"><span style=\"color: #333399;\"><em><strong>ESPA\u00d1A\/26\/05\/2022.- Los grandes lobbies tur\u00edsticos del viejo continente reclaman que la intenci\u00f3n de algunos pa\u00edses de eliminar el uso del Certificado Covid no se traduzca en nuevas limitaciones a la movilidad. Celebran que se sigan aliviando las medidas sanitarias, pero avisan de que \u201cno debe utilizarse para imponer restricciones.<\/strong><\/em><\/span><\/p>\n<p style=\"text-align: justify;\"><span style=\"color: #333399;\"><em><strong>Las m\u00e1s de 70 asociaciones que conforman la alianza Tourism Manifesto, entre las que se encuentran ECTAA y Hotrec (Europa), ASTA (Estados Unidos) y WTAAA (asociaci\u00f3n mundial), recuerdan que <span style=\"color: #800080;\">\u201chan demostrado ser ineficaces para detener la propagaci\u00f3n del virus\u201d.<\/span> Un argumento refutado por la Organizaci\u00f3n Mundial de la Salud (OMS).<\/strong><\/em><\/span><\/p>\n<p style=\"text-align: justify;\"><span style=\"color: #333399;\"><em><strong>Espa\u00f1a es uno de los pa\u00edses que est\u00e1n pensando en su eliminaci\u00f3n. La ministra de turismo, Reyes Maroto, avanzaba recientemente que <span style=\"color: #800080;\">\u201cva a ser cuesti\u00f3n de d\u00edas que vamos a eliminar una restricci\u00f3n que pod\u00eda estar desanimando a turistas de fuera de la Uni\u00f3n Europea a visitarnos\u201d. \u201cVamos a dejar de exigir el certificado de vacunaci\u00f3n para permitir que entren tambi\u00e9n con test negativo\u201d<\/span>.\u00a0<\/strong><\/em><\/span><\/p>\n<p style=\"text-align: justify;\"><span style=\"color: #333399;\"><em><strong>Al d\u00eda de hoy, en nuestro pa\u00eds solo deben presentar dicho documento los turistas extracomunitarios. Lo mismo ocurre en Alemania, Portugal, Italia, Austria, B\u00e9lgica y Francia, mientras que en otros, como Reino Unido, Suiza, Dinamarca, Polonia o Pa\u00edses Bajos su presentaci\u00f3n ya no es un requisito necesario.<\/strong><\/em><\/span><\/p>\n<p style=\"text-align: justify;\"><span style=\"color: #333399;\"><em><strong>Sin embargo, para las organizaciones tur\u00edsticas, el pasaporte Covid debe mantenerse a mano por si fuese necesario volver a utilizarlo, en lugar de optar por nuevos cierres en caso de un repunte de contagios. Piden que se tome la decisi\u00f3n de manera meditada, asegur\u00e1ndose de que <span style=\"color: #800080;\">\u201chay un indicio claro de que el virus ha alcanzado un nivel de transmisi\u00f3n manejable que no tenga repercusiones graves en la salud p\u00fablica\u201d.<\/span><\/strong><\/em><\/span><\/p>\n","protected":false},"excerpt":{"rendered":"<p>Los grandes lobbies tur\u00edsticos recuerdan que \u201chan demostrado ser ineficaces para detener la propagaci\u00f3n del virus\u201d Coinciden en que el uso de esta medida no debe eliminarse de manera definitiva, si no reservarlo por si fuese necesario volver a utilizarlo ESPA\u00d1A\/26\/05\/2022.- Los grandes lobbies tur\u00edsticos del viejo continente reclaman que la intenci\u00f3n de algunos pa\u00edses de eliminar el uso del Certificado Covid no se traduzca en nuevas limitaciones a la movilidad. Celebran que se sigan aliviando las medidas sanitarias, pero avisan de que \u201cno debe utilizarse para imponer restricciones. Las m\u00e1s de 70 asociaciones que conforman la alianza Tourism Manifesto,&#8230;<\/p>\n","protected":false},"author":1,"featured_media":56430,"comment_status":"open","ping_status":"open","sticky":false,"template":"","format":"standard","meta":{"footnotes":""},"categories":[4,84],"tags":[10219,12007,178,12006],"class_list":["post-56429","post","type-post","status-publish","format-standard","has-post-thumbnail","hentry","category-breaking-news","category-internacionales","tag-semanarioturistamagazine","tag-wtaaa","tag-espana","tag-se-debe-eliminar-el-pasaporte-covid"],"_links":{"self":[{"href":"https:\/\/www.turistamagazine.com\/v2\/index.php?rest_route=\/wp\/v2\/posts\/56429","targetHints":{"allow":["GET"]}}],"collection":[{"href":"https:\/\/www.turistamagazine.com\/v2\/index.php?rest_route=\/wp\/v2\/posts"}],"about":[{"href":"https:\/\/www.turistamagazine.com\/v2\/index.php?rest_route=\/wp\/v2\/types\/post"}],"author":[{"embeddable":true,"href":"https:\/\/www.turistamagazine.com\/v2\/index.php?rest_route=\/wp\/v2\/users\/1"}],"replies":[{"embeddable":true,"href":"https:\/\/www.turistamagazine.com\/v2\/index.php?rest_route=%2Fwp%2Fv2%2Fcomments&post=56429"}],"version-history":[{"count":1,"href":"https:\/\/www.turistamagazine.com\/v2\/index.php?rest_route=\/wp\/v2\/posts\/56429\/revisions"}],"predecessor-version":[{"id":56431,"href":"https:\/\/www.turistamagazine.com\/v2\/index.php?rest_route=\/wp\/v2\/posts\/56429\/revisions\/56431"}],"wp:featuredmedia":[{"embeddable":true,"href":"https:\/\/www.turistamagazine.com\/v2\/index.php?rest_route=\/wp\/v2\/media\/56430"}],"wp:attachment":[{"href":"https:\/\/www.turistamagazine.com\/v2\/index.php?rest_route=%2Fwp%2Fv2%2Fmedia&parent=56429"}],"wp:term":[{"taxonomy":"category","embeddable":true,"href":"https:\/\/www.turistamagazine.com\/v2\/index.php?rest_route=%2Fwp%2Fv2%2Fcategories&post=56429"},{"taxonomy":"post_tag","embeddable":true,"href":"https:\/\/www.turistamagazine.com\/v2\/index.php?rest_route=%2Fwp%2Fv2%2Ftags&post=56429"}],"curies":[{"name":"wp","href":"https:\/\/api.w.org\/{rel}","templated":true}]}}