{"id":56240,"date":"2022-05-11T16:54:04","date_gmt":"2022-05-11T21:54:04","guid":{"rendered":"https:\/\/www.turistamagazine.com\/v2\/?p=56240"},"modified":"2022-05-11T16:54:04","modified_gmt":"2022-05-11T21:54:04","slug":"a-partir-del-lunes-16-de-mayo-ya-no-mas-mascarillas-en-aviones-y-aeropuertos","status":"publish","type":"post","link":"https:\/\/www.turistamagazine.com\/v2\/?p=56240","title":{"rendered":"A PARTIR DEL LUNES 16 DE MAYO YA NO M\u00c1S MASCARILLAS EN AVIONES Y AEROPUERTOS"},"content":{"rendered":"<p style=\"text-align: justify;\"><span style=\"color: #333399;\"><em><strong>UNI\u00d3N EUROPEA \/11\/05\/2022.-Las compa\u00f1\u00edas a\u00e9reas ven\u00edan exigiendo a los gobiernos que revisaran los requisitos en los vuelos. <\/strong><\/em><\/span><span style=\"color: #333399;\"><em><strong>La implantaci\u00f3n o no de esta medida sigue quedando en manos de las autoridades sanitarias de cada pa\u00eds<\/strong><\/em><\/span><\/p>\n<p style=\"text-align: justify;\"><span style=\"color: #333399;\"><em><strong>La Agencia de Seguridad A\u00e9rea de la Uni\u00f3n Europea (EASA) y el Centro Europeo para la Prevenci\u00f3n y el Control de Enfermedades (ECDC) han anunciado que, a partir del pr\u00f3ximo 16 de mayo, ya no ser\u00e1 obligatorio el uso de mascarilla en aviones y aeropuertos, seg\u00fan informa Europa Press.<\/strong><\/em><\/span><\/p>\n<p style=\"text-align: justify;\"><span style=\"color: #800080;\"><em><strong>\u00abA partir de la pr\u00f3xima semana, las mascarillas ya no tendr\u00e1n que ser obligatorias en los viajes a\u00e9reos en todos los casos, aline\u00e1ndose ampliamente con los requisitos cambiantes de las autoridades nacionales de toda Europa para el transporte p\u00fablico\u00bb, ha se\u00f1alado el director ejecutivo de EASA, Patrick Ky. Considera que \u00abes un gran paso adelante en la normalizaci\u00f3n de los viajes\u00bb.<\/strong><\/em><\/span><\/p>\n<p style=\"text-align: justify;\"><span style=\"color: #333399;\"><em><strong>Sin embargo, esto es una recomendaci\u00f3n, por lo que sigue estando en manos de los gobiernos. Por ejemplo, en los vuelos hacia o desde un pa\u00eds donde todav\u00eda se requiere el uso de mascarillas en el transporte p\u00fablico, seguir\u00e1 siendo obligatoria. Igualmente, los pasajeros de alto riesgo han de seguir us\u00e1ndola.<\/strong><\/em><\/span><\/p>\n<p style=\"text-align: justify;\"><span style=\"color: #800080;\"><em><strong>De igual manera, recuerdan que su uso sigue siendo una de las mejores formas de reducir la transmisi\u00f3n. \u00abSi bien ya no se recomienda el uso obligatorio de mascarillas, es importante tener en cuenta que, junto con el distanciamiento f\u00edsico y una buena higiene de manos, es uno de los mejores m\u00e9todos para reducir la transmisi\u00f3n\u00bb, ha destacado el director del ECDC, Andrea Ammon.<\/strong><\/em><\/span><\/p>\n<p style=\"text-align: justify;\">\n","protected":false},"excerpt":{"rendered":"<p>UNI\u00d3N EUROPEA \/11\/05\/2022.-Las compa\u00f1\u00edas a\u00e9reas ven\u00edan exigiendo a los gobiernos que revisaran los requisitos en los vuelos. La implantaci\u00f3n o no de esta medida sigue quedando en manos de las autoridades sanitarias de cada pa\u00eds La Agencia de Seguridad A\u00e9rea de la Uni\u00f3n Europea (EASA) y el Centro Europeo para la Prevenci\u00f3n y el Control de Enfermedades (ECDC) han anunciado que, a partir del pr\u00f3ximo 16 de mayo, ya no ser\u00e1 obligatorio el uso de mascarilla en aviones y aeropuertos, seg\u00fan informa Europa Press. \u00abA partir de la pr\u00f3xima semana, las mascarillas ya no tendr\u00e1n que ser obligatorias en los&#8230;<\/p>\n","protected":false},"author":1,"featured_media":47902,"comment_status":"open","ping_status":"open","sticky":false,"template":"","format":"standard","meta":{"footnotes":""},"categories":[4,84],"tags":[11846,10219,10556,11982],"class_list":["post-56240","post","type-post","status-publish","format-standard","has-post-thumbnail","hentry","category-breaking-news","category-internacionales","tag-elenatejeradirectora","tag-semanarioturistamagazine","tag-turismagazine","tag-no-mascarillas-en-aviones"],"_links":{"self":[{"href":"https:\/\/www.turistamagazine.com\/v2\/index.php?rest_route=\/wp\/v2\/posts\/56240","targetHints":{"allow":["GET"]}}],"collection":[{"href":"https:\/\/www.turistamagazine.com\/v2\/index.php?rest_route=\/wp\/v2\/posts"}],"about":[{"href":"https:\/\/www.turistamagazine.com\/v2\/index.php?rest_route=\/wp\/v2\/types\/post"}],"author":[{"embeddable":true,"href":"https:\/\/www.turistamagazine.com\/v2\/index.php?rest_route=\/wp\/v2\/users\/1"}],"replies":[{"embeddable":true,"href":"https:\/\/www.turistamagazine.com\/v2\/index.php?rest_route=%2Fwp%2Fv2%2Fcomments&post=56240"}],"version-history":[{"count":1,"href":"https:\/\/www.turistamagazine.com\/v2\/index.php?rest_route=\/wp\/v2\/posts\/56240\/revisions"}],"predecessor-version":[{"id":56241,"href":"https:\/\/www.turistamagazine.com\/v2\/index.php?rest_route=\/wp\/v2\/posts\/56240\/revisions\/56241"}],"wp:featuredmedia":[{"embeddable":true,"href":"https:\/\/www.turistamagazine.com\/v2\/index.php?rest_route=\/wp\/v2\/media\/47902"}],"wp:attachment":[{"href":"https:\/\/www.turistamagazine.com\/v2\/index.php?rest_route=%2Fwp%2Fv2%2Fmedia&parent=56240"}],"wp:term":[{"taxonomy":"category","embeddable":true,"href":"https:\/\/www.turistamagazine.com\/v2\/index.php?rest_route=%2Fwp%2Fv2%2Fcategories&post=56240"},{"taxonomy":"post_tag","embeddable":true,"href":"https:\/\/www.turistamagazine.com\/v2\/index.php?rest_route=%2Fwp%2Fv2%2Ftags&post=56240"}],"curies":[{"name":"wp","href":"https:\/\/api.w.org\/{rel}","templated":true}]}}