{"id":56122,"date":"2022-04-30T11:00:52","date_gmt":"2022-04-30T16:00:52","guid":{"rendered":"https:\/\/www.turistamagazine.com\/v2\/?p=56122"},"modified":"2022-04-30T11:01:55","modified_gmt":"2022-04-30T16:01:55","slug":"artesanos-lograron-compromisos-de-ventas-por-mas-de-s-1-millon-en-rueda-de-negocios-de-artesania","status":"publish","type":"post","link":"https:\/\/www.turistamagazine.com\/v2\/?p=56122","title":{"rendered":"ARTESANOS LOGRARON COMPROMISOS DE VENTAS POR M\u00c1S DE S\/ 1 MILL\u00d3N EN RUEDA DE NEGOCIOS DE ARTESAN\u00cdA"},"content":{"rendered":"<p style=\"text-align: justify;\"><span style=\"color: #333399;\"><em><strong>PERU\/30\/042022.-.- El Ministerio de Comercio Exterior y Turismo (Mincetur) inform\u00f3 que los cien artesanos seleccionados para participar en la Rueda de Negocios de Artesan\u00eda 2022, lograron compromisos de ventas por S\/ 1\u2019004,780.<\/strong><\/em><\/span><\/p>\n<p style=\"text-align: justify;\"><span style=\"color: #800080;\"><em><strong>Este fue el resultado de las 282 reuniones que sostuvieron junto a 23 empresas compradoras de diversos rubros, entre ellas exportadoras de artesan\u00eda, e-commerce, distribuidores, entre otras que abastecen el mercado nacional e internacional.<\/strong><\/em><\/span><\/p>\n<p style=\"text-align: justify;\"><span style=\"color: #800080;\"><em><strong>Como se recuerda, Mincetur, a trav\u00e9s de este evento, busc\u00f3 continuar con su trabajo de apoyo para reactivar la econom\u00eda de nuestros emprendedores artesanales quienes se han visto muy afectados por la pandemia.\u00a0\u00a0<\/strong><\/em><\/span><\/p>\n<p style=\"text-align: justify;\"><span style=\"color: #333399;\"><em><strong>El ministro de Comercio Exterior y Turismo, Roberto Sanchez, se\u00f1al\u00f3 que esta actividad se realiz\u00f3 en el marco del Plan de reactivaci\u00f3n del sector tur\u00edstico y artesanal que viene implementando el gobierno y que permiti\u00f3 la participaci\u00f3n de artesanos pertenecientes a las regiones de Amazonas, Apur\u00edmac, Arequipa, Ayacucho, Cajamarca, Callao, Cusco, Huancavelica, Ica, Jun\u00edn, La Libertad, Lambayeque, Lima, Loreto, Pasco, Piura y Puno.<\/strong><\/em><\/span><\/p>\n<p style=\"text-align: justify;\"><span style=\"color: #333399;\"><em><strong>Es importante mencionar que los artesanos participantes fueron elegidos por un jurado calificador que realiz\u00f3 la selecci\u00f3n en funci\u00f3n a los productos, dise\u00f1os e innovaci\u00f3n, adem\u00e1s de la identidad cultural.<\/strong><\/em><\/span><\/p>\n<p style=\"text-align: justify;\"><span style=\"color: #333399;\"><em><strong>IMPORTANTE<\/strong><\/em><\/span><\/p>\n<p style=\"text-align: justify;\"><span style=\"color: #333399;\"><em><strong>La Rueda de Negocios de Artesan\u00eda 2022 se realiz\u00f3 los d\u00edas 28 y 29 de abril, en las instalaciones de la Asociaci\u00f3n de Exportadores (ADEX).<\/strong><\/em><\/span><\/p>\n<p style=\"text-align: justify;\">\n","protected":false},"excerpt":{"rendered":"<p>PERU\/30\/042022.-.- El Ministerio de Comercio Exterior y Turismo (Mincetur) inform\u00f3 que los cien artesanos seleccionados para participar en la Rueda de Negocios de Artesan\u00eda 2022, lograron compromisos de ventas por S\/ 1\u2019004,780. Este fue el resultado de las 282 reuniones que sostuvieron junto a 23 empresas compradoras de diversos rubros, entre ellas exportadoras de artesan\u00eda, e-commerce, distribuidores, entre otras que abastecen el mercado nacional e internacional. Como se recuerda, Mincetur, a trav\u00e9s de este evento, busc\u00f3 continuar con su trabajo de apoyo para reactivar la econom\u00eda de nuestros emprendedores artesanales quienes se han visto muy afectados por la pandemia.\u00a0\u00a0 El&#8230;<\/p>\n","protected":false},"author":1,"featured_media":56123,"comment_status":"open","ping_status":"open","sticky":false,"template":"","format":"standard","meta":{"footnotes":""},"categories":[4,82],"tags":[11846,10219,340,117],"class_list":["post-56122","post","type-post","status-publish","format-standard","has-post-thumbnail","hentry","category-breaking-news","category-nacionales","tag-elenatejeradirectora","tag-semanarioturistamagazine","tag-peru","tag-promocion-turistica"],"_links":{"self":[{"href":"https:\/\/www.turistamagazine.com\/v2\/index.php?rest_route=\/wp\/v2\/posts\/56122","targetHints":{"allow":["GET"]}}],"collection":[{"href":"https:\/\/www.turistamagazine.com\/v2\/index.php?rest_route=\/wp\/v2\/posts"}],"about":[{"href":"https:\/\/www.turistamagazine.com\/v2\/index.php?rest_route=\/wp\/v2\/types\/post"}],"author":[{"embeddable":true,"href":"https:\/\/www.turistamagazine.com\/v2\/index.php?rest_route=\/wp\/v2\/users\/1"}],"replies":[{"embeddable":true,"href":"https:\/\/www.turistamagazine.com\/v2\/index.php?rest_route=%2Fwp%2Fv2%2Fcomments&post=56122"}],"version-history":[{"count":1,"href":"https:\/\/www.turistamagazine.com\/v2\/index.php?rest_route=\/wp\/v2\/posts\/56122\/revisions"}],"predecessor-version":[{"id":56124,"href":"https:\/\/www.turistamagazine.com\/v2\/index.php?rest_route=\/wp\/v2\/posts\/56122\/revisions\/56124"}],"wp:featuredmedia":[{"embeddable":true,"href":"https:\/\/www.turistamagazine.com\/v2\/index.php?rest_route=\/wp\/v2\/media\/56123"}],"wp:attachment":[{"href":"https:\/\/www.turistamagazine.com\/v2\/index.php?rest_route=%2Fwp%2Fv2%2Fmedia&parent=56122"}],"wp:term":[{"taxonomy":"category","embeddable":true,"href":"https:\/\/www.turistamagazine.com\/v2\/index.php?rest_route=%2Fwp%2Fv2%2Fcategories&post=56122"},{"taxonomy":"post_tag","embeddable":true,"href":"https:\/\/www.turistamagazine.com\/v2\/index.php?rest_route=%2Fwp%2Fv2%2Ftags&post=56122"}],"curies":[{"name":"wp","href":"https:\/\/api.w.org\/{rel}","templated":true}]}}