{"id":55948,"date":"2022-04-19T18:50:46","date_gmt":"2022-04-19T23:50:46","guid":{"rendered":"https:\/\/www.turistamagazine.com\/v2\/?p=55948"},"modified":"2022-04-19T18:50:46","modified_gmt":"2022-04-19T23:50:46","slug":"unas-50-mil-personas-disfrutaron-en-paracas-de-la-naturaleza-y-riqueza-gastronomica-marina-durante-semana-santa","status":"publish","type":"post","link":"https:\/\/www.turistamagazine.com\/v2\/?p=55948","title":{"rendered":"UNAS 50 MIL PERSONAS DISFRUTARON EN PARACAS DE LA NATURALEZA Y RIQUEZA GASTRON\u00d3MICA MARINA DURANTE SEMANA SANTA"},"content":{"rendered":"<p style=\"text-align: center;\"><span style=\"color: #800080;\"><em><strong>CAPATUR estima que la cifra de visitantes pudo haberse aumentado a unos 60 mil si el aeropuerto de Pisco y la Marina Tur\u00edstica de Paracas estuviesen operativos.<\/strong><\/em><\/span><\/p>\n<p style=\"text-align: justify;\"><span style=\"color: #333399;\"><em><strong>PERU\/19\/04\/2022El gremio empresarial resalta la puesta en marcha del amplio estacionamiento vehicular para 800 unidades de transporte.<\/strong><\/em><\/span><\/p>\n<p style=\"text-align: justify;\"><span style=\"color: #333399;\"><em><strong>El presidente de la C\u00e1mara de Turismo y Comercio Exterior de Paracas (CAPATUR), Eduardo J\u00e1uregui revel\u00f3 que 50 mil visitantes, en su gran mayor\u00eda, provenientes de Lima, disfrutaron una gran jornada de descanso que ofrece la naturaleza del balneario perteneciente a la provincia de Pisco (Ica).<\/strong><\/em><\/span><\/p>\n<p style=\"text-align: justify;\"><span style=\"color: #800080;\"><em><strong>Precis\u00f3 que 22,000 personas ingresaron a la Reserva Nacional de Paracas entre el pasado jueves y ayer domingo para disfrutar de sus playas, mientras 23,000 personas visitaron las islas Ballestas.<\/strong><\/em><\/span><\/p>\n<p><a href=\"https:\/\/www.turistamagazine.com\/v2\/wp-content\/uploads\/2022\/04\/Playas-de-la-RNP.jpg\"><img decoding=\"async\" class=\"wp-image-55950 aligncenter\" src=\"https:\/\/www.turistamagazine.com\/v2\/wp-content\/uploads\/2022\/04\/Playas-de-la-RNP.jpg\" alt=\"\" width=\"630\" height=\"421\" srcset=\"https:\/\/www.turistamagazine.com\/v2\/wp-content\/uploads\/2022\/04\/Playas-de-la-RNP.jpg 640w, https:\/\/www.turistamagazine.com\/v2\/wp-content\/uploads\/2022\/04\/Playas-de-la-RNP-300x201.jpg 300w, https:\/\/www.turistamagazine.com\/v2\/wp-content\/uploads\/2022\/04\/Playas-de-la-RNP-628x420.jpg 628w, https:\/\/www.turistamagazine.com\/v2\/wp-content\/uploads\/2022\/04\/Playas-de-la-RNP-610x408.jpg 610w\" sizes=\"(max-width: 630px) 100vw, 630px\" \/><\/a><\/p>\n<p style=\"text-align: justify;\"><span style=\"color: #333399;\"><em><strong>\u201cFinalmente, aquellos visitantes que se dedicaron a descansar, respirar aire puro y probar la riqueza de la gastronom\u00eda marina sumaron 5,000\u201d, agreg\u00f3 J\u00e1uregui, quien manifest\u00f3 que Paracas capt\u00f3 US$3.0 millones en divisas (alojamiento, alimentaci\u00f3n, traslados, paseos y adquisici\u00f3n de recuerdos).<\/strong><\/em><\/span><\/p>\n<p style=\"text-align: justify;\"><span style=\"color: #800080;\"><em><strong>De acuerdo a J\u00e1uregui, el \u00e9xito en lo referente a la asistencia masiva de gente a Paracas, especialmente el pasado viernes, se debe en parte a la cancelaci\u00f3n de vuelos a Cusco y Arequipa.<\/strong><\/em><\/span><\/p>\n<p style=\"text-align: justify;\"><span style=\"color: #333399;\"><em><strong>Sin embargo, el titular de CAPATUR asegur\u00f3 que, si el aeropuerto de Pisco y el embarcadero Marina Tur\u00edstica estuviesen operativos, \u201cquiz\u00e1s la cifra de visitantes ser\u00eda superior a 60,000\u201d.<\/strong><\/em><\/span><\/p>\n<p style=\"text-align: justify;\"><span style=\"color: #800080;\"><em><strong>\u201cAhora esas dos infraestructuras son verdaderos elefantes blancos, o sea, la Marina Tur\u00edstica y el aeropuerto de Pisco\u201d, calific\u00f3 el empresario tur\u00edstico.<\/strong><\/em><\/span><\/p>\n<div id=\"attachment_55951\" style=\"width: 490px\" class=\"wp-caption aligncenter\"><a href=\"https:\/\/www.turistamagazine.com\/v2\/wp-content\/uploads\/2022\/04\/arroz-con-mariscos.jpg\"><img decoding=\"async\" aria-describedby=\"caption-attachment-55951\" class=\"wp-image-55951 size-full\" src=\"https:\/\/www.turistamagazine.com\/v2\/wp-content\/uploads\/2022\/04\/arroz-con-mariscos.jpg\" alt=\"\" width=\"480\" height=\"480\" srcset=\"https:\/\/www.turistamagazine.com\/v2\/wp-content\/uploads\/2022\/04\/arroz-con-mariscos.jpg 480w, https:\/\/www.turistamagazine.com\/v2\/wp-content\/uploads\/2022\/04\/arroz-con-mariscos-300x300.jpg 300w, https:\/\/www.turistamagazine.com\/v2\/wp-content\/uploads\/2022\/04\/arroz-con-mariscos-150x150.jpg 150w, https:\/\/www.turistamagazine.com\/v2\/wp-content\/uploads\/2022\/04\/arroz-con-mariscos-420x420.jpg 420w\" sizes=\"(max-width: 480px) 100vw, 480px\" \/><\/a><p id=\"caption-attachment-55951\" class=\"wp-caption-text\"><em><strong>Delicioso<\/strong><\/em>\u00a0 <span style=\"color: #333399;\"><em><strong>Arroz con Mariscos<\/strong><\/em><\/span><\/p><\/div>\n<p style=\"text-align: justify;\"><span style=\"color: #333399;\"><em><strong>Al referirse a la gastronom\u00eda marina, J\u00e1uregui inform\u00f3 que los turistas se inclinaron por consumir la diversidad de Cebiches (Pejerrey y Corvina), Chupe de Pescado Conchas de Abanico y Arroz con Mariscos.<\/strong><\/em><\/span><\/p>\n<p style=\"text-align: justify;\"><span style=\"color: #333399;\"><em><strong>De otra parte, J\u00e1uregui destac\u00f3 la inauguraci\u00f3n de un moderno y amplio estacionamiento para 800 veh\u00edculos y que ha sido recibido muy bien por los visitantes que dejaron sus carros en dicho lugar.<\/strong><\/em><\/span><\/p>\n<p style=\"text-align: justify;\"><span style=\"color: #800080;\"><em><strong>\u201cEso ha sido un gran m\u00e9rito de la Municipalidad Distrital de Paracas ya que ha evitado una congesti\u00f3n y ahora hay un ordenamiento vehicular que permitir\u00e1 dejar su movilidad para trasladarse a pie a los restaurantes y playas de El Chaco\u201d, expres\u00f3 el dirigente gremial.<\/strong><\/em><\/span><\/p>\n<div id=\"attachment_55952\" style=\"width: 640px\" class=\"wp-caption aligncenter\"><a href=\"https:\/\/www.turistamagazine.com\/v2\/wp-content\/uploads\/2022\/04\/conchas-de-abanico-en-Paracas.jpg\"><img decoding=\"async\" aria-describedby=\"caption-attachment-55952\" class=\"wp-image-55952\" src=\"https:\/\/www.turistamagazine.com\/v2\/wp-content\/uploads\/2022\/04\/conchas-de-abanico-en-Paracas.jpg\" alt=\"\" width=\"630\" height=\"421\" srcset=\"https:\/\/www.turistamagazine.com\/v2\/wp-content\/uploads\/2022\/04\/conchas-de-abanico-en-Paracas.jpg 640w, https:\/\/www.turistamagazine.com\/v2\/wp-content\/uploads\/2022\/04\/conchas-de-abanico-en-Paracas-300x201.jpg 300w, https:\/\/www.turistamagazine.com\/v2\/wp-content\/uploads\/2022\/04\/conchas-de-abanico-en-Paracas-628x420.jpg 628w, https:\/\/www.turistamagazine.com\/v2\/wp-content\/uploads\/2022\/04\/conchas-de-abanico-en-Paracas-610x408.jpg 610w\" sizes=\"(max-width: 630px) 100vw, 630px\" \/><\/a><p id=\"caption-attachment-55952\" class=\"wp-caption-text\"><em><strong><span style=\"color: #333399;\">Conchitas a la chalaca en Paracas<\/span><\/strong><\/em><\/p><\/div>\n<p style=\"text-align: justify;\"><span style=\"color: #333399;\"><em><strong>Finalmente, Eduardo J\u00e1uregui adelant\u00f3 que, con el \u00e9xito de Semana Santa en Paracas, culmina la temporada veraniega en dicha jurisdicci\u00f3n y a partir de la fecha, se iniciar\u00e1 una serie de trabajos de mantenimiento de los diferentes hoteles a fin de tenerlos expeditos para la gran jornada de Fiestas Patrias del pr\u00f3ximo mes de julio.<\/strong><\/em><\/span><\/p>\n<p style=\"text-align: justify;\"><span style=\"color: #800080;\"><em><strong>\u201cLa operaci\u00f3n de mantenimiento consiste en el pintado de sus instalaciones, renovaci\u00f3n de muebles, a fin de prepararlos para las pr\u00f3ximas fiestas que es el 28 de julio. Estamos a 90 d\u00edas, que es tiempo suficiente para preparar a los hoteles para esa ocasi\u00f3n festiva\u201d, finaliz\u00f3.<\/strong><\/em><\/span><\/p>\n<p style=\"text-align: justify;\">\n<p>&nbsp;<\/p>\n","protected":false},"excerpt":{"rendered":"<p>CAPATUR estima que la cifra de visitantes pudo haberse aumentado a unos 60 mil si el aeropuerto de Pisco y la Marina Tur\u00edstica de Paracas estuviesen operativos. PERU\/19\/04\/2022El gremio empresarial resalta la puesta en marcha del amplio estacionamiento vehicular para 800 unidades de transporte. El presidente de la C\u00e1mara de Turismo y Comercio Exterior de Paracas (CAPATUR), Eduardo J\u00e1uregui revel\u00f3 que 50 mil visitantes, en su gran mayor\u00eda, provenientes de Lima, disfrutaron una gran jornada de descanso que ofrece la naturaleza del balneario perteneciente a la provincia de Pisco (Ica). Precis\u00f3 que 22,000 personas ingresaron a la Reserva Nacional de&#8230;<\/p>\n","protected":false},"author":1,"featured_media":55949,"comment_status":"open","ping_status":"open","sticky":false,"template":"","format":"standard","meta":{"footnotes":""},"categories":[4,82],"tags":[10639,11752,10219,10556,7055],"class_list":["post-55948","post","type-post","status-publish","format-standard","has-post-thumbnail","hentry","category-breaking-news","category-nacionales","tag-eduardojauregui","tag-paracasboom","tag-semanarioturistamagazine","tag-turismagazine","tag-capatur"],"_links":{"self":[{"href":"https:\/\/www.turistamagazine.com\/v2\/index.php?rest_route=\/wp\/v2\/posts\/55948","targetHints":{"allow":["GET"]}}],"collection":[{"href":"https:\/\/www.turistamagazine.com\/v2\/index.php?rest_route=\/wp\/v2\/posts"}],"about":[{"href":"https:\/\/www.turistamagazine.com\/v2\/index.php?rest_route=\/wp\/v2\/types\/post"}],"author":[{"embeddable":true,"href":"https:\/\/www.turistamagazine.com\/v2\/index.php?rest_route=\/wp\/v2\/users\/1"}],"replies":[{"embeddable":true,"href":"https:\/\/www.turistamagazine.com\/v2\/index.php?rest_route=%2Fwp%2Fv2%2Fcomments&post=55948"}],"version-history":[{"count":1,"href":"https:\/\/www.turistamagazine.com\/v2\/index.php?rest_route=\/wp\/v2\/posts\/55948\/revisions"}],"predecessor-version":[{"id":55953,"href":"https:\/\/www.turistamagazine.com\/v2\/index.php?rest_route=\/wp\/v2\/posts\/55948\/revisions\/55953"}],"wp:featuredmedia":[{"embeddable":true,"href":"https:\/\/www.turistamagazine.com\/v2\/index.php?rest_route=\/wp\/v2\/media\/55949"}],"wp:attachment":[{"href":"https:\/\/www.turistamagazine.com\/v2\/index.php?rest_route=%2Fwp%2Fv2%2Fmedia&parent=55948"}],"wp:term":[{"taxonomy":"category","embeddable":true,"href":"https:\/\/www.turistamagazine.com\/v2\/index.php?rest_route=%2Fwp%2Fv2%2Fcategories&post=55948"},{"taxonomy":"post_tag","embeddable":true,"href":"https:\/\/www.turistamagazine.com\/v2\/index.php?rest_route=%2Fwp%2Fv2%2Ftags&post=55948"}],"curies":[{"name":"wp","href":"https:\/\/api.w.org\/{rel}","templated":true}]}}