{"id":55809,"date":"2022-04-08T16:14:28","date_gmt":"2022-04-08T21:14:28","guid":{"rendered":"https:\/\/www.turistamagazine.com\/v2\/?p=55809"},"modified":"2022-04-08T16:14:28","modified_gmt":"2022-04-08T21:14:28","slug":"mincetur-promueve-capacitaciones-en-ayacucho-por-semana-santa","status":"publish","type":"post","link":"https:\/\/www.turistamagazine.com\/v2\/?p=55809","title":{"rendered":"MINCETUR PROMUEVE CAPACITACIONES EN AYACUCHO POR SEMANA SANTA"},"content":{"rendered":"<p style=\"text-align: justify;\"><span style=\"color: #333399;\"><em><strong>LIMA\/08\/04\/2022.-En el marco de las pr\u00f3ximas celebraciones por Semana Santa en Ayacucho, el Ministerio de Comercio Exterior y Turismo (Mincetur), a trav\u00e9s de la Direcci\u00f3n de Facilitaci\u00f3n y Cultura Tur\u00edstica; en coordinaci\u00f3n con la Direcci\u00f3n Regional de Comercio Exterior y Turismo (Dircetur), y la Municipalidad Provincial de Huamanga, desarrollaron diversas capacitaciones a funcionarios y operadores tur\u00edsticos de la regi\u00f3n los d\u00edas 05 y 06 de abril.\u00a0<\/strong><\/em><\/span><\/p>\n<p style=\"text-align: justify;\"><span style=\"color: #333399;\"><em><strong>En total, fueron 120 participantes, entre servidores y funcionarios p\u00fablicos, prestadores de servicios tur\u00edsticos, transportistas, serenazgo y polic\u00eda de turismo, quienes asistieron de forma presencial a talleres de Cultura tur\u00edstica, atenci\u00f3n al visitante y prevenci\u00f3n de la explotaci\u00f3n sexual de ni\u00f1os, ni\u00f1as y adolescentes (ESNNA), en las instalaciones del CITE Ayacucho.<\/strong><\/em><\/span><\/p>\n<p style=\"text-align: justify;\"><span style=\"color: #333399;\"><em><strong>Al respecto, la viceministra Isabel \u00c1lvarez, destac\u00f3 los esfuerzos por fortalecer el turismo en las regiones, acompa\u00f1ando a los funcionarios locales y capacitando a los prestadores. <span style=\"color: #800080;\">\u201cEn la pol\u00edtica de descentralizaci\u00f3n del gobierno y en la recuperaci\u00f3n del sector turismo que estamos impulsando, venimos trabajando constantes capacitaciones para los operadores tur\u00edsticos e instituciones vinculadas al turismo, con el fin de brindar un servicio de \u00f3ptima calidad a todos nuestros visitantes en el pr\u00f3ximo feriado largo por la Semana Santa\u201d.<\/span><\/strong><\/em><\/span><\/p>\n<p style=\"text-align: justify;\"><span style=\"color: #333399;\"><em><strong>Asimismo, la viceministra destac\u00f3 el trabajo en Facilitaci\u00f3n y Cultura Tur\u00edstica que ha realizado este sector, en las fronteras con Ecuador y Chile.\u00a0<\/strong><\/em><\/span><\/p>\n<p style=\"text-align: justify;\"><span style=\"color: #800080;\"><em><strong>IMPORTANTE<\/strong><\/em><\/span><\/p>\n<p style=\"text-align: justify;\"><span style=\"color: #800080;\"><em><strong>Durante su visita de trabajo, el equipo de Mincetur particip\u00f3, el pasado 05 de abril, en la inauguraci\u00f3n del Centro de atenci\u00f3n de la Polic\u00eda de Turismo en convenio con la Municipalidad provincial de Huamanga. El evento cont\u00f3 con la participaci\u00f3n del alcalde de Huamanga, Yuri Guti\u00e9rrez; el congresista de la Rep\u00fablica, Germ\u00e1n Tacuri; la directora de Turismo de la Dircetur, Yanet Huam\u00e1n; y la gerente de Desarrollo Econ\u00f3mico y Social, Milagros Cuadros.<\/strong><\/em><\/span><\/p>\n","protected":false},"excerpt":{"rendered":"<p>LIMA\/08\/04\/2022.-En el marco de las pr\u00f3ximas celebraciones por Semana Santa en Ayacucho, el Ministerio de Comercio Exterior y Turismo (Mincetur), a trav\u00e9s de la Direcci\u00f3n de Facilitaci\u00f3n y Cultura Tur\u00edstica; en coordinaci\u00f3n con la Direcci\u00f3n Regional de Comercio Exterior y Turismo (Dircetur), y la Municipalidad Provincial de Huamanga, desarrollaron diversas capacitaciones a funcionarios y operadores tur\u00edsticos de la regi\u00f3n los d\u00edas 05 y 06 de abril.\u00a0 En total, fueron 120 participantes, entre servidores y funcionarios p\u00fablicos, prestadores de servicios tur\u00edsticos, transportistas, serenazgo y polic\u00eda de turismo, quienes asistieron de forma presencial a talleres de Cultura tur\u00edstica, atenci\u00f3n al visitante y&#8230;<\/p>\n","protected":false},"author":1,"featured_media":55810,"comment_status":"open","ping_status":"open","sticky":false,"template":"","format":"standard","meta":{"footnotes":""},"categories":[4,82],"tags":[11846,10219,117,330],"class_list":["post-55809","post","type-post","status-publish","format-standard","has-post-thumbnail","hentry","category-breaking-news","category-nacionales","tag-elenatejeradirectora","tag-semanarioturistamagazine","tag-promocion-turistica","tag-turismo-en-el-peru"],"_links":{"self":[{"href":"https:\/\/www.turistamagazine.com\/v2\/index.php?rest_route=\/wp\/v2\/posts\/55809","targetHints":{"allow":["GET"]}}],"collection":[{"href":"https:\/\/www.turistamagazine.com\/v2\/index.php?rest_route=\/wp\/v2\/posts"}],"about":[{"href":"https:\/\/www.turistamagazine.com\/v2\/index.php?rest_route=\/wp\/v2\/types\/post"}],"author":[{"embeddable":true,"href":"https:\/\/www.turistamagazine.com\/v2\/index.php?rest_route=\/wp\/v2\/users\/1"}],"replies":[{"embeddable":true,"href":"https:\/\/www.turistamagazine.com\/v2\/index.php?rest_route=%2Fwp%2Fv2%2Fcomments&post=55809"}],"version-history":[{"count":1,"href":"https:\/\/www.turistamagazine.com\/v2\/index.php?rest_route=\/wp\/v2\/posts\/55809\/revisions"}],"predecessor-version":[{"id":55811,"href":"https:\/\/www.turistamagazine.com\/v2\/index.php?rest_route=\/wp\/v2\/posts\/55809\/revisions\/55811"}],"wp:featuredmedia":[{"embeddable":true,"href":"https:\/\/www.turistamagazine.com\/v2\/index.php?rest_route=\/wp\/v2\/media\/55810"}],"wp:attachment":[{"href":"https:\/\/www.turistamagazine.com\/v2\/index.php?rest_route=%2Fwp%2Fv2%2Fmedia&parent=55809"}],"wp:term":[{"taxonomy":"category","embeddable":true,"href":"https:\/\/www.turistamagazine.com\/v2\/index.php?rest_route=%2Fwp%2Fv2%2Fcategories&post=55809"},{"taxonomy":"post_tag","embeddable":true,"href":"https:\/\/www.turistamagazine.com\/v2\/index.php?rest_route=%2Fwp%2Fv2%2Ftags&post=55809"}],"curies":[{"name":"wp","href":"https:\/\/api.w.org\/{rel}","templated":true}]}}