{"id":55479,"date":"2022-03-17T15:56:09","date_gmt":"2022-03-17T20:56:09","guid":{"rendered":"https:\/\/www.turistamagazine.com\/v2\/?p=55479"},"modified":"2022-03-17T15:56:09","modified_gmt":"2022-03-17T20:56:09","slug":"mahon-uno-de-los-puertos-naturales-mas-grandes-del-mundo","status":"publish","type":"post","link":"https:\/\/www.turistamagazine.com\/v2\/?p=55479","title":{"rendered":"MAH\u00d3N, UNO DE LOS PUERTOS NATURALES M\u00c1S GRANDES DEL MUNDO"},"content":{"rendered":"<p style=\"text-align: center;\"><span style=\"color: #333399;\"><em><strong>El escenario natural es impresionante, tanto por su belleza como por su particular geograf\u00eda e historia.<\/strong><\/em><\/span><\/p>\n<p style=\"text-align: justify;\"><em><strong>Por Juan Antonio Narro *\u00a0<\/strong><\/em><\/p>\n<p style=\"text-align: justify;\"><em><strong>\u00a0<span style=\"color: #333399;\">Hace unas semanas viaj\u00e9 a la isla de Menorca, la m\u00e1s oriental de Espa\u00f1a. El territorio espa\u00f1ol, como suele decirse, donde primero amanece y anochece.<\/span><\/strong><\/em><\/p>\n<p style=\"text-align: justify;\"><span style=\"color: #800080;\"><em><strong>Fueron muchas las cosas, en diferentes \u00e1mbitos, que me sorprendieron durante mi estancia (su gastronom\u00eda, preciosas calas donde ba\u00f1arme, el monte Toro, la fortificaci\u00f3n de La Mola, la historia de Ciudadela, el verdor de estas tierras, etc., etc.)<\/strong><\/em><\/span><\/p>\n<p style=\"text-align: justify;\"><span style=\"color: #333399;\"><em><strong>Sin embargo, hoy quiero poner el punto de atenci\u00f3n en algo que me impresion\u00f3. Me refiero al puerto natural de Mah\u00f3n (Ma\u00f3), uno de los m\u00e1s bonitos que he visto en mi vida y uno de los puertos naturales m\u00e1s grandes del mundo.<\/strong><\/em><\/span><\/p>\n<p style=\"text-align: justify;\"><span style=\"color: #800080;\"><em><strong>Sus m\u00e1s de cinco kil\u00f3metros, que se internan en la isla como una gran manga de agua salada, hicieron que, por su configuraci\u00f3n natural, fuera refugio de barcos y un puerto \u00fanico durante siglos.<\/strong><\/em><\/span><\/p>\n<p style=\"text-align: justify;\"><span style=\"color: #333399;\"><em><strong>Fenicios, griegos, cartagineses, romanos, bizantinos, musulmanes, ingleses o franceses, entre otros, aprovecharon las ventajas que la orograf\u00eda otorgaba a este enclave (junto a su ubicaci\u00f3n estrat\u00e9gica en el Mar Mediterr\u00e1neo) para resguardar sus barcos.<\/strong><\/em><\/span><\/p>\n<p style=\"text-align: justify;\"><span style=\"color: #333399;\"><em><strong>Quien les escribe no pudo evitar la tentaci\u00f3n de recorrer su paseo mar\u00edtimo (repleto de terrazas, restaurantes y tiendas) y apreciar la belleza de su entrada desde la gran fortaleza de La Mola. De verdad, impresiona este entorno natural tan privilegiado.<\/strong><\/em><\/span><\/p>\n<div id=\"attachment_55480\" style=\"width: 640px\" class=\"wp-caption aligncenter\"><a href=\"https:\/\/www.turistamagazine.com\/v2\/wp-content\/uploads\/2022\/03\/Puerto-de-Mahon.jpg\"><img decoding=\"async\" aria-describedby=\"caption-attachment-55480\" class=\"wp-image-55480\" src=\"https:\/\/www.turistamagazine.com\/v2\/wp-content\/uploads\/2022\/03\/Puerto-de-Mahon.jpg\" alt=\"\" width=\"630\" height=\"473\" srcset=\"https:\/\/www.turistamagazine.com\/v2\/wp-content\/uploads\/2022\/03\/Puerto-de-Mahon.jpg 800w, https:\/\/www.turistamagazine.com\/v2\/wp-content\/uploads\/2022\/03\/Puerto-de-Mahon-300x225.jpg 300w, https:\/\/www.turistamagazine.com\/v2\/wp-content\/uploads\/2022\/03\/Puerto-de-Mahon-768x576.jpg 768w, https:\/\/www.turistamagazine.com\/v2\/wp-content\/uploads\/2022\/03\/Puerto-de-Mahon-560x420.jpg 560w\" sizes=\"(max-width: 630px) 100vw, 630px\" \/><\/a><p id=\"caption-attachment-55480\" class=\"wp-caption-text\">\u00a0<span style=\"color: #333399;\"><em><strong>He le\u00eddo en algunas webs, y as\u00ed me lo aseguraban en la isla, que es el segundo puerto natural m\u00e1s grande del mundo tras el de Pearl Harbor, en Haw\u00e1i.<\/strong><\/em><\/span><\/p><\/div>\n<p style=\"text-align: justify;\"><span style=\"color: #800080;\"><em><strong>Cr\u00e9anme cuando les digo que es algo singular e \u00fanico. El hondo calado de sus aguas permite la entrada, por ejemplo, de grandes barcos. Quiz\u00e1s estos datos puedan ayudar a comprender sus dimensiones: 5,5 kil\u00f3metros de largo, 1,2 kil\u00f3metros de anchura m\u00e1xima, 20 metros de profundidad media.<\/strong><\/em><\/span><\/p>\n<p style=\"text-align: justify;\"><span style=\"color: #333399;\"><em><strong>S\u00e9 que estos pocos p\u00e1rrafos no son suficientes para hacerse una idea precisa de cu\u00e1nta historia hay en estas aguas del puerto (con gran actividad tur\u00edstica e industrial).<\/strong><\/em><\/span><\/p>\n<p style=\"text-align: justify;\"><span style=\"color: #800080;\"><em><strong>A pesar de ello, conviene recordar que estamos ante un inigualable cobijo natural para embarcaciones salpicado, adem\u00e1s, en su interior por algunas islas (del Rey, del Lazareto, de la Cuarentena\u2026) y protegido por diferentes defensas erigidas por el hombre con \u00e1nimo de soportar asedios y ofensivas enemigas. Me refiero, por ejemplo, a la impresionante fortaleza de La Mola o al castillo de San Felipe.<\/strong><\/em><\/span><\/p>\n<p style=\"text-align: justify;\"><span style=\"color: #333399;\"><em><strong>La profundidad de sus aguas permite atracar a barcos de diferentes calados: trasatl\u00e1nticos, ferris, barcos de recreo, embarcaciones de pesca, grandes yates, veleros, etc.<\/strong><\/em><\/span><\/p>\n<div id=\"attachment_55486\" style=\"width: 640px\" class=\"wp-caption aligncenter\"><a href=\"https:\/\/www.turistamagazine.com\/v2\/wp-content\/uploads\/2022\/03\/Juan-Antonio.jpg\"><img decoding=\"async\" aria-describedby=\"caption-attachment-55486\" class=\"wp-image-55486\" src=\"https:\/\/www.turistamagazine.com\/v2\/wp-content\/uploads\/2022\/03\/Juan-Antonio.jpg\" alt=\"\" width=\"630\" height=\"473\" srcset=\"https:\/\/www.turistamagazine.com\/v2\/wp-content\/uploads\/2022\/03\/Juan-Antonio.jpg 800w, https:\/\/www.turistamagazine.com\/v2\/wp-content\/uploads\/2022\/03\/Juan-Antonio-300x225.jpg 300w, https:\/\/www.turistamagazine.com\/v2\/wp-content\/uploads\/2022\/03\/Juan-Antonio-768x576.jpg 768w, https:\/\/www.turistamagazine.com\/v2\/wp-content\/uploads\/2022\/03\/Juan-Antonio-560x420.jpg 560w\" sizes=\"(max-width: 630px) 100vw, 630px\" \/><\/a><p id=\"caption-attachment-55486\" class=\"wp-caption-text\"><em><strong><span style=\"color: #333399;\">Ese aire cosmopolita que parece emanar de estas aguas tiene mucho que ver con la historia que atesora. Ha sido escenario de batallas, desembarcos, ofensivas, asedios, bloqueos e intercambios comerciales de todo tipo.<\/span><\/strong><\/em><\/p><\/div>\n<p style=\"text-align: justify;\"><span style=\"color: #800080;\"><em><strong>Tal era la importancia de tener resguardado el puerto ante posibles ataques que, varios de los mayores ca\u00f1ones artillados que tuvo nuestro pa\u00eds (Vickers 381\/45), estaban instalados all\u00ed, en la fortaleza de La Mola.<\/strong><\/em><\/span><\/p>\n<p style=\"text-align: justify;\"><span style=\"color: #333399;\"><em><strong>Hay embarcaciones para turistas que recorren el puerto de punta a punta permitiendo, adem\u00e1s de recibir did\u00e1cticas explicaciones de lo que el viaje depara, ver en nuestro itinerario mar\u00edtimo, entre otras cosas, bateas de mejillones, zonas militares, preciosas calas, magn\u00edficas casas en sus orillas, una f\u00e1brica de ginebra (vestigio de los tiempos en que la isla estuvo bajo dominio brit\u00e1nico), un espectacular lazareto (donde se aislaban y trataban a personas que portaban enfermedades infeccionas), la estaci\u00f3n mar\u00edtima, un cementerio ingl\u00e9s, la aduana, numerosos amarres para barcos, etc. etc.<\/strong><\/em><\/span><\/p>\n<p style=\"text-align: justify;\"><span style=\"color: #800080;\"><em><strong>Desde luego, es mucho m\u00e1s que un puerto. Es una historia reflejada, plasmada y cincelada en sus orillas y en sus islas a trav\u00e9s de muchas de las edificaciones erigidas a lo largo de los siglos.<\/strong><\/em><\/span><\/p>\n<p style=\"text-align: justify;\"><span style=\"color: #333399;\"><em><strong>Par m\u00ed, uno de los m\u00e1s espectaculares y bonitos del mundo. Es uno de esos lugares que enamoran a primera vista<\/strong><\/em><\/span><\/p>\n<p style=\"text-align: justify;\"><span style=\"color: #800080;\"><em><strong>Les encantar\u00e1. Estoy seguro<\/strong><\/em><\/span><\/p>\n<p style=\"text-align: justify;\"><span style=\"color: #333399;\"><em><strong>* Director del blog viajero y gastron\u00f3mico llamado \u201cNarrogeographic(Espa\u00f1a)<\/strong><\/em><\/span><\/p>\n","protected":false},"excerpt":{"rendered":"<p>El escenario natural es impresionante, tanto por su belleza como por su particular geograf\u00eda e historia. Por Juan Antonio Narro *\u00a0 \u00a0Hace unas semanas viaj\u00e9 a la isla de Menorca, la m\u00e1s oriental de Espa\u00f1a. El territorio espa\u00f1ol, como suele decirse, donde primero amanece y anochece. Fueron muchas las cosas, en diferentes \u00e1mbitos, que me sorprendieron durante mi estancia (su gastronom\u00eda, preciosas calas donde ba\u00f1arme, el monte Toro, la fortificaci\u00f3n de La Mola, la historia de Ciudadela, el verdor de estas tierras, etc., etc.) Sin embargo, hoy quiero poner el punto de atenci\u00f3n en algo que me impresion\u00f3. Me refiero&#8230;<\/p>\n","protected":false},"author":1,"featured_media":55482,"comment_status":"open","ping_status":"open","sticky":false,"template":"","format":"standard","meta":{"footnotes":""},"categories":[86],"tags":[11846,11728,11865,11866,10219],"class_list":["post-55479","post","type-post","status-publish","format-standard","has-post-thumbnail","hentry","category-destinos","tag-elenatejeradirectora","tag-juanantonionarro","tag-mahon","tag-menorca","tag-semanarioturistamagazine"],"_links":{"self":[{"href":"https:\/\/www.turistamagazine.com\/v2\/index.php?rest_route=\/wp\/v2\/posts\/55479","targetHints":{"allow":["GET"]}}],"collection":[{"href":"https:\/\/www.turistamagazine.com\/v2\/index.php?rest_route=\/wp\/v2\/posts"}],"about":[{"href":"https:\/\/www.turistamagazine.com\/v2\/index.php?rest_route=\/wp\/v2\/types\/post"}],"author":[{"embeddable":true,"href":"https:\/\/www.turistamagazine.com\/v2\/index.php?rest_route=\/wp\/v2\/users\/1"}],"replies":[{"embeddable":true,"href":"https:\/\/www.turistamagazine.com\/v2\/index.php?rest_route=%2Fwp%2Fv2%2Fcomments&post=55479"}],"version-history":[{"count":5,"href":"https:\/\/www.turistamagazine.com\/v2\/index.php?rest_route=\/wp\/v2\/posts\/55479\/revisions"}],"predecessor-version":[{"id":55488,"href":"https:\/\/www.turistamagazine.com\/v2\/index.php?rest_route=\/wp\/v2\/posts\/55479\/revisions\/55488"}],"wp:featuredmedia":[{"embeddable":true,"href":"https:\/\/www.turistamagazine.com\/v2\/index.php?rest_route=\/wp\/v2\/media\/55482"}],"wp:attachment":[{"href":"https:\/\/www.turistamagazine.com\/v2\/index.php?rest_route=%2Fwp%2Fv2%2Fmedia&parent=55479"}],"wp:term":[{"taxonomy":"category","embeddable":true,"href":"https:\/\/www.turistamagazine.com\/v2\/index.php?rest_route=%2Fwp%2Fv2%2Fcategories&post=55479"},{"taxonomy":"post_tag","embeddable":true,"href":"https:\/\/www.turistamagazine.com\/v2\/index.php?rest_route=%2Fwp%2Fv2%2Ftags&post=55479"}],"curies":[{"name":"wp","href":"https:\/\/api.w.org\/{rel}","templated":true}]}}