{"id":5527,"date":"2014-06-23T08:35:51","date_gmt":"2014-06-23T13:35:51","guid":{"rendered":"http:\/\/www.turistamagazine.com\/v2\/?p=5527"},"modified":"2014-06-23T08:35:51","modified_gmt":"2014-06-23T13:35:51","slug":"colombia-delegados-de-turismo-de-america-se-reunen-para-tratar-asuntos-de-interes-comun","status":"publish","type":"post","link":"https:\/\/www.turistamagazine.com\/v2\/?p=5527","title":{"rendered":"COLOMBIA: DELEGADOS DE TURISMO DE AM\u00c9RICA SE RE\u00daNEN PARA TRATAR ASUNTOS DE INTER\u00c9S COM\u00daN"},"content":{"rendered":"<p style=\"text-align: justify;\">Cartagena.- Delegados de quince pa\u00edses de Am\u00e9rica discutir\u00e1n durante cuatro d\u00edas en la ciudad de Cartagena, temas claves para el desarrollo tur\u00edstico del continente, en la versi\u00f3n 57 de la Comisi\u00f3n Regional de la Organizaci\u00f3n Mundial de Turismo (OMT), inform\u00f3 este lunes el ministerio colombiano de esta \u00e1rea.<\/p>\n<p style=\"text-align: justify;\">La reuni\u00f3n, que comenzar\u00e1 ma\u00f1ana y se extender\u00e1 hasta el 26 de junio, contar\u00e1 con la presencia de ministros o responsables de turismo de Argentina, Brasil, Chile, Costa Rica, Rep\u00fablica Dominicana, Guatemala, Hait\u00ed, Honduras, Jamaica, M\u00e9xico, Nicaragua, Paraguay, Uruguay, Venezuela y Colombia.<\/p>\n<p style=\"text-align: justify;\"><em>\u00ab<span style=\"color: #000080;\"><strong>El turismo es un importante dinamizador para la econom\u00eda de nuestros pa\u00edses, algunos ya tienen consolidada su vocaci\u00f3n y proyecci\u00f3n tur\u00edstica, mientras que otros est\u00e1n avanzando en este proceso\u00bb, manifest\u00f3 el ministro de Comercio, Industria y Turismo de Colombia, Santiago Rojas.<\/strong><\/span><\/em><\/p>\n<p style=\"text-align: justify;\"><strong><span style=\"color: #000080;\"><em>\u00abCartagena ser\u00e1 el escenario ideal para fortalecer lazos de cooperaci\u00f3n, compartir experiencias y ganar conocimientos en aspectos estrat\u00e9gicos para esta actividad como el desarrollo sostenible y la innovaci\u00f3n\u00bb<\/em><\/span>, <\/strong>agreg\u00f3 el funcionario en un comunicado.<\/p>\n<p style=\"text-align: justify;\">La Comisi\u00f3n Regional de la OMT tocar\u00e1 temas sobre colaboraci\u00f3n p\u00fablico-privada, as\u00ed como desarrollo sostenible del turismo e innovaci\u00f3n.<\/p>\n<p style=\"text-align: justify;\">Se abordar\u00e1n adem\u00e1s temas como competitividad y sostenibilidad; gesti\u00f3n de las tecnolog\u00edas aplicadas a la comunicaci\u00f3n y el marketing tur\u00edstico; turismo comunitario y la apropiaci\u00f3n social de la sostenibilidad.<\/p>\n<p style=\"text-align: justify;\">Durante la inauguraci\u00f3n de este foro estar\u00e1n presentes, entre otros, el secretario General de la OMT, Taleb Rifai, y el ministro de Comercio, Industria y Turismo de Colombia, Santiago Rojas.<\/p>\n<p style=\"text-align: justify;\">Se firmar\u00e1 luego el compromiso del Sector Privado con el C\u00f3digo \u00c9tico Mundial para el Turismo mediante el cual se afirman aspectos como el derecho al turismo y a la libertad de desplazamiento tur\u00edstico.<\/p>\n<p style=\"text-align: justify;\">El compromiso tiene que ver tambi\u00e9n con la voluntad de promover un orden tur\u00edstico mundial equitativo, responsable y sostenible, en beneficio mutuo de todos los sectores de la sociedad.<\/p>\n<p><em>Foto de portada: Secretario General de la OMT, Taleb Rifai y el ministro de Comercio, Industria y Turismo de Colombia, Santiago Roja<\/em>s<\/p>\n<p>F\/ Latam\/ Hosteltur<\/p>\n","protected":false},"excerpt":{"rendered":"<p>Cartagena.- Delegados de quince pa\u00edses de Am\u00e9rica discutir\u00e1n durante cuatro d\u00edas en la ciudad de Cartagena, temas claves para el desarrollo tur\u00edstico del continente, en la versi\u00f3n 57 de la Comisi\u00f3n Regional de la Organizaci\u00f3n Mundial de Turismo (OMT), inform\u00f3 este lunes el ministerio colombiano de esta \u00e1rea. La reuni\u00f3n, que comenzar\u00e1 ma\u00f1ana y se extender\u00e1 hasta el 26 de junio, contar\u00e1 con la presencia de ministros o responsables de turismo de Argentina, Brasil, Chile, Costa Rica, Rep\u00fablica Dominicana, Guatemala, Hait\u00ed, Honduras, Jamaica, M\u00e9xico, Nicaragua, Paraguay, Uruguay, Venezuela y Colombia. \u00abEl turismo es un importante dinamizador para la econom\u00eda de&#8230;<\/p>\n","protected":false},"author":1,"featured_media":0,"comment_status":"open","ping_status":"open","sticky":false,"template":"","format":"standard","meta":{"footnotes":""},"categories":[4,84],"tags":[115,499,934,206,759,1757,2048,2049,1474,105,757,126,2050,525,2047,128,92,2051],"class_list":["post-5527","post","type-post","status-publish","format-standard","hentry","category-breaking-news","category-internacionales","tag-brasil","tag-cartagena-de-indias","tag-chile","tag-colombia","tag-costa-rica","tag-guatemala","tag-haiti","tag-honduras","tag-jamaica","tag-mexico","tag-nicaragua","tag-omt","tag-paraguay","tag-republica-dominicana","tag-responsables-de-turismo-de-argentina","tag-taleb-rifai","tag-uruguay","tag-venezuela-y-colombia"],"_links":{"self":[{"href":"https:\/\/www.turistamagazine.com\/v2\/index.php?rest_route=\/wp\/v2\/posts\/5527","targetHints":{"allow":["GET"]}}],"collection":[{"href":"https:\/\/www.turistamagazine.com\/v2\/index.php?rest_route=\/wp\/v2\/posts"}],"about":[{"href":"https:\/\/www.turistamagazine.com\/v2\/index.php?rest_route=\/wp\/v2\/types\/post"}],"author":[{"embeddable":true,"href":"https:\/\/www.turistamagazine.com\/v2\/index.php?rest_route=\/wp\/v2\/users\/1"}],"replies":[{"embeddable":true,"href":"https:\/\/www.turistamagazine.com\/v2\/index.php?rest_route=%2Fwp%2Fv2%2Fcomments&post=5527"}],"version-history":[{"count":1,"href":"https:\/\/www.turistamagazine.com\/v2\/index.php?rest_route=\/wp\/v2\/posts\/5527\/revisions"}],"predecessor-version":[{"id":5529,"href":"https:\/\/www.turistamagazine.com\/v2\/index.php?rest_route=\/wp\/v2\/posts\/5527\/revisions\/5529"}],"wp:attachment":[{"href":"https:\/\/www.turistamagazine.com\/v2\/index.php?rest_route=%2Fwp%2Fv2%2Fmedia&parent=5527"}],"wp:term":[{"taxonomy":"category","embeddable":true,"href":"https:\/\/www.turistamagazine.com\/v2\/index.php?rest_route=%2Fwp%2Fv2%2Fcategories&post=5527"},{"taxonomy":"post_tag","embeddable":true,"href":"https:\/\/www.turistamagazine.com\/v2\/index.php?rest_route=%2Fwp%2Fv2%2Ftags&post=5527"}],"curies":[{"name":"wp","href":"https:\/\/api.w.org\/{rel}","templated":true}]}}