{"id":55248,"date":"2022-03-02T11:24:22","date_gmt":"2022-03-02T16:24:22","guid":{"rendered":"https:\/\/www.turistamagazine.com\/v2\/?p=55248"},"modified":"2022-03-02T11:24:22","modified_gmt":"2022-03-02T16:24:22","slug":"por-favor-no-cometan-esa-atrocidad-rusia-planea-bombardear-historica-catedral-de-santa-sofia-de-kiev","status":"publish","type":"post","link":"https:\/\/www.turistamagazine.com\/v2\/?p=55248","title":{"rendered":"POR FAVOR NO COMETAN ESA ATROCIDAD: RUSIA PLANEA BOMBARDEAR HIST\u00d3RICA CATEDRAL DE SANTA SOF\u00cdA DE KIEV"},"content":{"rendered":"<p style=\"text-align: center;\"><strong><em><span style=\"color: #333399;\">Catedral Santa Sofia de Kiev\/ Fuente: Baturina Yuliya \/ Shutterstock<\/span><\/em><\/strong><\/p>\n<p style=\"text-align: justify;\"><span style=\"color: #333399;\"><em><strong>Desde el inicio de la invasi\u00f3n, el Papa Francisco y diversas autoridades del Vaticano han ofrecido sus oraciones y su disposici\u00f3n para mediar.<\/strong><\/em><\/span><\/p>\n<p style=\"text-align: justify;\"><span style=\"color: #333399;\"><em><strong>POR DIEGO L\u00d3PEZ MARINA | ACI Prensa<\/strong><\/em><\/span><\/p>\n<p style=\"text-align: justify;\"><span style=\"color: #333399;\"><em><strong>VATICANO\/02\/03\/2022.- La Embajada de Ucrania ante la Santa Sede alert\u00f3 que, seg\u00fan datos de inteligencia, el Gobierno de Rusia est\u00e1 planificando un bombardeo sobre la Catedral de Santa Sof\u00eda de Kiev, por lo que apel\u00f3 a los rusos a que \u201cno cometan ese delito\u201d contra este patrimonio de la humanidad.<\/strong><\/em><\/span><\/p>\n<p style=\"text-align: justify;\"><span style=\"color: #333399;\"><em><strong><span style=\"color: #800080;\">\u201cSeg\u00fan datos de inteligencia, los rusos est\u00e1n preparando un ataque a\u00e9reo contra la Catedral de Santa Sof\u00eda en Kiev, Patrimonio de la Humanidad por la UNESCO. La Catedral del siglo XI es la perla de Ucrania\u201d<\/span>, inform\u00f3 la embajada este 1 de marzo en sus redes sociales.<\/strong><\/em><\/span><\/p>\n<p style=\"text-align: justify;\"><span style=\"color: #333399;\"><em><strong>Seguidamente pidi\u00f3 al Gobierno del pa\u00eds invasor: <span style=\"color: #800080;\">\u201cApelamos a los rusos \u00a1\u00a1\u00a1No cometan ese delito!!!\u201d.<\/span><\/strong><\/em><\/span><\/p>\n<p style=\"text-align: justify;\"><span style=\"color: #333399;\"><em><strong>La construcci\u00f3n de la Catedral de Santa Sof\u00eda de Kiev fue patrocinada en el siglo XI por Yaroslav I el Sabio, tres veces gran pr\u00edncipe de N\u00f3vgorod y Kiev. El recinto religioso fue el templo principal del Estado y se desempe\u00f1\u00f3 como centro espiritual, pol\u00edtico y cultural del cristianismo ortodoxo. Hoy en d\u00eda, sin embargo, la catedral funciona como un museo.<\/strong><\/em><\/span><\/p>\n<p style=\"text-align: justify;\"><span style=\"color: #333399;\"><em><strong>La situaci\u00f3n en Kiev se torna m\u00e1s peligrosa con el pasar de las horas y es posible que el ej\u00e9rcito ruso lance un ataque contra la capital ucraniana.<\/strong><\/em><\/span><\/p>\n<p style=\"text-align: justify;\"><span style=\"color: #333399;\"><em><strong>El Primado de la Iglesia Greco-Cat\u00f3lica Ucraniana, Mons. Sviatoslav Shevchuk, pidi\u00f3 este martes en un videomensaje que se ponga fin a la invasi\u00f3n rusa en Ucrania que inici\u00f3 el pasado 24 de febrero. La Iglesia Greco-Cat\u00f3lica ucraniana, a la que pertenecen el 14.1% de las personas en el pa\u00eds, est\u00e1 en completa comuni\u00f3n con Roma.<\/strong><\/em><\/span><\/p>\n<p style=\"text-align: justify;\"><span style=\"color: #333399;\"><em><strong><span style=\"color: #800080;\">\u201cHoy estamos viviendo el sexto d\u00eda de la sangrienta e injusta guerra. En los \u00faltimos momentos, especialmente esta noche, hemos sido testigos de nuevos horrores de la guerra. Hemos visto c\u00f3mo se destru\u00edan escuelas, guarder\u00edas, cines y museos, y por la ma\u00f1ana un cohete ha impactado en el hospital de maternidad\u201d<\/span>, asegur\u00f3 Mons. Shevchuk.<\/strong><\/em><\/span><\/p>\n<p style=\"text-align: justify;\"><span style=\"color: #800080;\"><em><strong>\u201cNos preguntamos, pero \u00bfpor qu\u00e9? Son mujeres y reci\u00e9n nacidos. \u00bfPor qu\u00e9 son v\u00edctimas de esta guerra?\u201d, dijo, y agreg\u00f3: \u201cResistimos. Somos una naci\u00f3n que construye, defiende a costa de nuestra propia sangre, la paz en Ucrania y en todo el mundo\u201d.<\/strong><\/em><\/span><\/p>\n<p style=\"text-align: justify;\"><span style=\"color: #333399;\"><em><strong>Este martes 1 de marzo una bomba cay\u00f3 sobre la sede de la Di\u00f3cesis de Kharkiv (Ucrania), en cuyo s\u00f3tano estaban refugiados unas 40 personas, entre mujeres y ni\u00f1os. El P. Gregorio Semenkov, canciller de la Di\u00f3cesis cat\u00f3lica latina de Kharkiv, inform\u00f3 que \u201chay muchos muertos\u201d, pero por ahora no cuentan con noticias del n\u00famero de v\u00edctimas y de los heridos.<\/strong><\/em><\/span><\/p>\n<p style=\"text-align: justify;\"><span style=\"color: #333399;\"><em><strong>Asimismo, la Iglesia Cat\u00f3lica en Polonia, pa\u00eds lim\u00edtrofe con Ucrania, ya acoge a m\u00e1s de 300 mil refugiados que huyen de la guerra, mientras que la fundaci\u00f3n pontificia Ayuda a la Iglesia Necesitada (ACN) ha enviado un mill\u00f3n de euros para ayudar a la Iglesia en Ucrania en su labor pastoral y solidaria.<\/strong><\/em><\/span><\/p>\n<p style=\"text-align: justify;\">\n<p>&nbsp;<\/p>\n","protected":false},"excerpt":{"rendered":"<p>Catedral Santa Sofia de Kiev\/ Fuente: Baturina Yuliya \/ Shutterstock Desde el inicio de la invasi\u00f3n, el Papa Francisco y diversas autoridades del Vaticano han ofrecido sus oraciones y su disposici\u00f3n para mediar. POR DIEGO L\u00d3PEZ MARINA | ACI Prensa VATICANO\/02\/03\/2022.- La Embajada de Ucrania ante la Santa Sede alert\u00f3 que, seg\u00fan datos de inteligencia, el Gobierno de Rusia est\u00e1 planificando un bombardeo sobre la Catedral de Santa Sof\u00eda de Kiev, por lo que apel\u00f3 a los rusos a que \u201cno cometan ese delito\u201d contra este patrimonio de la humanidad. \u201cSeg\u00fan datos de inteligencia, los rusos est\u00e1n preparando un ataque&#8230;<\/p>\n","protected":false},"author":1,"featured_media":55249,"comment_status":"open","ping_status":"open","sticky":false,"template":"","format":"standard","meta":{"footnotes":""},"categories":[4,84],"tags":[10219,11828,11824,11827,11825,676,11826,174,1083],"class_list":["post-55248","post","type-post","status-publish","format-standard","has-post-thumbnail","hentry","category-breaking-news","category-internacionales","tag-semanarioturistamagazine","tag-catedral-de-santa-sofia-de-kiev","tag-conflicto","tag-conflicto-armado","tag-guerra","tag-kiev","tag-paz-en-ucrania","tag-rusia","tag-ucrania"],"_links":{"self":[{"href":"https:\/\/www.turistamagazine.com\/v2\/index.php?rest_route=\/wp\/v2\/posts\/55248","targetHints":{"allow":["GET"]}}],"collection":[{"href":"https:\/\/www.turistamagazine.com\/v2\/index.php?rest_route=\/wp\/v2\/posts"}],"about":[{"href":"https:\/\/www.turistamagazine.com\/v2\/index.php?rest_route=\/wp\/v2\/types\/post"}],"author":[{"embeddable":true,"href":"https:\/\/www.turistamagazine.com\/v2\/index.php?rest_route=\/wp\/v2\/users\/1"}],"replies":[{"embeddable":true,"href":"https:\/\/www.turistamagazine.com\/v2\/index.php?rest_route=%2Fwp%2Fv2%2Fcomments&post=55248"}],"version-history":[{"count":2,"href":"https:\/\/www.turistamagazine.com\/v2\/index.php?rest_route=\/wp\/v2\/posts\/55248\/revisions"}],"predecessor-version":[{"id":55289,"href":"https:\/\/www.turistamagazine.com\/v2\/index.php?rest_route=\/wp\/v2\/posts\/55248\/revisions\/55289"}],"wp:featuredmedia":[{"embeddable":true,"href":"https:\/\/www.turistamagazine.com\/v2\/index.php?rest_route=\/wp\/v2\/media\/55249"}],"wp:attachment":[{"href":"https:\/\/www.turistamagazine.com\/v2\/index.php?rest_route=%2Fwp%2Fv2%2Fmedia&parent=55248"}],"wp:term":[{"taxonomy":"category","embeddable":true,"href":"https:\/\/www.turistamagazine.com\/v2\/index.php?rest_route=%2Fwp%2Fv2%2Fcategories&post=55248"},{"taxonomy":"post_tag","embeddable":true,"href":"https:\/\/www.turistamagazine.com\/v2\/index.php?rest_route=%2Fwp%2Fv2%2Ftags&post=55248"}],"curies":[{"name":"wp","href":"https:\/\/api.w.org\/{rel}","templated":true}]}}